{"id":5921,"date":"2019-01-16T13:28:04","date_gmt":"2019-01-16T15:28:04","guid":{"rendered":"https:\/\/hostnetart.com.br\/baixada\/a-historia-oculta-do-sistema-chileno-de-aposentadoria\/"},"modified":"2019-01-16T13:28:04","modified_gmt":"2019-01-16T15:28:04","slug":"a-historia-oculta-do-sistema-chileno-de-aposentadoria","status":"publish","type":"post","link":"https:\/\/hostnetart.com.br\/baixada\/a-historia-oculta-do-sistema-chileno-de-aposentadoria\/","title":{"rendered":"A hist\u00f3ria oculta do sistema chileno de aposentadoria"},"content":{"rendered":"<p class=\" \">A privatiza\u00e7\u00e3o da\u00a0<strong>Previd\u00eancia no Chile<\/strong>, que hoje resulta at\u00e9 no\u00a0<a class=\"internal-link\" title=\"\" href=\"https:\/\/www.redebrasilatual.com.br\/politica\/2018\/12\/modelo-para-bolsonaro-previdencia-do-chile-atende-so-50-dos-pedidos-de-aposentadoria\" target=\"_blank\" rel=\"noopener noreferrer\">suic\u00eddio de idosos<\/a>\u00a0diante do desespero da falta de recursos, ocorreu em plena ditadura de Augusto Pinochet. \u201cN\u00e3o houve nenhum debate democr\u00e1tico. Isso se decidiu entre quatro generais das For\u00e7as Armadas e a assessoria de um grupo de economistas neoliberais da\u00a0<strong>escola de Chicago<\/strong>\u201d, relata o professor chileno Andras Uthof, doutor em Economia pela Universidade da Calif\u00f3rnia, em Berkeley.<\/p>\n<p class=\" \">A \u201ccoincid\u00eancia\u201d \u00e9 apontada pela presidenta do Sindicato dos Banc\u00e1rios de S\u00e3o Paulo, Ivone Silva. A equipe econ\u00f4mica de\u00a0Paulo Guedes,\u00a0o ministro da Economia do governo\u00a0<strong>Jair Bolsonaro<\/strong>,\u00a0\u00e9 composta por\u00a0<em>Chicago\u2019s boys\u00a0<\/em>\u2013 inclusive os\u00a0<a class=\"internal-link\" title=\"\" href=\"https:\/\/www.redebrasilatual.com.br\/economia\/2019\/01\/otica-do-sistema-privado-assume-bancos-publicos-no-brasil\" target=\"_blank\" rel=\"noopener noreferrer\">presidentes<\/a>\u00a0dos maiores bancos p\u00fablicos.<\/p>\n<p class=\" \">Guedes\u00a0j\u00e1 deixou claro sua simpatia pelo modelo que destruiu a previd\u00eancia p\u00fablica no Chile, deixando milh\u00f5es de trabalhadores na mis\u00e9ria. E afirmou que a proposta de reforma da Previd\u00eancia a ser enviada ao Congresso, em fevereiro, vai incluir um regime de capitaliza\u00e7\u00e3o semelhante ao chileno.<\/p>\n<p class=\" \">O bate-papo entre Ivone Silva e o professor Andras tem tr\u00eas partes e pode ser conferido na\u00a0<a class=\"external-link\" title=\"\" href=\"https:\/\/www.youtube.com\/watch?v=n-V5lXgRh-E&amp;t=627s\" target=\"_blank\" rel=\"noopener noreferrer\">TV 247<\/a>. Os pr\u00f3ximos trechos ser\u00e3o publicados nos dias 21 e 28.<\/p>\n<p class=\" \">A previd\u00eancia come\u00e7ou a ser alterada no Chile no in\u00edcio da d\u00e9cada de 1980, com a implementa\u00e7\u00e3o de um mercado obrigat\u00f3rio de poupan\u00e7a. Assim, as caixas de previd\u00eancia foram transformadas em empresas privadas de fundo de pens\u00e3o que administram contas de poupan\u00e7a ou capitaliza\u00e7\u00e3o.<\/p>\n<p class=\" \">\u201cO trabalhador passa a ser um consumidor de um servi\u00e7o financeiro\u201d, afirma o professor. E coube ao Estado arcar com o valor da transi\u00e7\u00e3o para encerrar o sistema anterior, o que resultou em 4,5 pontos do PIB chileno, causando um verdadeiro d\u00e9ficit no setor. \u201cEsse \u00e9 um elemento que se deve olhar com muito cuidado se o mesmo for ser feito no Brasil\u201d, afirma Andras. \u201c\u00c9 a hist\u00f3ria oculta do sistema chileno.\u201d<\/p>\n<p class=\" \">Tragicamente, o Estado levou 26 anos para perceber que o sistema n\u00e3o paga boas pens\u00f5es aos trabalhadores do Chile. N\u00e3o h\u00e1 benef\u00edcio definido, nem uma regra clara de quanto v\u00e3o pagar. \u201cAo trabalhador s\u00f3 cabe poupar, poupar. Quando quer saber quanto vai receber dizem para seguir poupando. Todos os riscos s\u00e3o do trabalhador.\u201d<\/p>\n<p class=\" \">\u00a0<\/p>\n<p class=\" \"><strong>Fonte: Rede Brasil Atual<\/strong><\/p>\n","protected":false},"excerpt":{"rendered":"<p>A privatiza\u00e7\u00e3o da\u00a0Previd\u00eancia no Chile, que hoje resulta at\u00e9 no\u00a0suic\u00eddio de idosos\u00a0diante do desespero da falta de recursos, ocorreu em plena ditadura de Augusto Pinochet. \u201cN\u00e3o houve nenhum debate democr\u00e1tico. Isso se decidiu entre quatro generais das For\u00e7as Armadas e a assessoria de um grupo de economistas neoliberais da\u00a0escola de Chicago\u201d, relata o professor chileno [&hellip;]<\/p>\n","protected":false},"author":2,"featured_media":5920,"comment_status":"","ping_status":"","sticky":false,"template":"","format":"standard","meta":{"footnotes":""},"categories":[3],"tags":[],"class_list":["post-5921","post","type-post","status-publish","format-standard","has-post-thumbnail","hentry","category-noticias"],"_links":{"self":[{"href":"https:\/\/hostnetart.com.br\/baixada\/wp-json\/wp\/v2\/posts\/5921","targetHints":{"allow":["GET"]}}],"collection":[{"href":"https:\/\/hostnetart.com.br\/baixada\/wp-json\/wp\/v2\/posts"}],"about":[{"href":"https:\/\/hostnetart.com.br\/baixada\/wp-json\/wp\/v2\/types\/post"}],"author":[{"embeddable":true,"href":"https:\/\/hostnetart.com.br\/baixada\/wp-json\/wp\/v2\/users\/2"}],"replies":[{"embeddable":true,"href":"https:\/\/hostnetart.com.br\/baixada\/wp-json\/wp\/v2\/comments?post=5921"}],"version-history":[{"count":0,"href":"https:\/\/hostnetart.com.br\/baixada\/wp-json\/wp\/v2\/posts\/5921\/revisions"}],"wp:featuredmedia":[{"embeddable":true,"href":"https:\/\/hostnetart.com.br\/baixada\/wp-json\/wp\/v2\/media\/5920"}],"wp:attachment":[{"href":"https:\/\/hostnetart.com.br\/baixada\/wp-json\/wp\/v2\/media?parent=5921"}],"wp:term":[{"taxonomy":"category","embeddable":true,"href":"https:\/\/hostnetart.com.br\/baixada\/wp-json\/wp\/v2\/categories?post=5921"},{"taxonomy":"post_tag","embeddable":true,"href":"https:\/\/hostnetart.com.br\/baixada\/wp-json\/wp\/v2\/tags?post=5921"}],"curies":[{"name":"wp","href":"https:\/\/api.w.org\/{rel}","templated":true}]}}