{"id":5915,"date":"2019-01-15T16:06:34","date_gmt":"2019-01-15T18:06:34","guid":{"rendered":"https:\/\/hostnetart.com.br\/baixada\/politicas-sociais-sao-fundamentais-para-combater-a-desigualdade-diz-cepal\/"},"modified":"2019-01-15T16:06:34","modified_gmt":"2019-01-15T18:06:34","slug":"politicas-sociais-sao-fundamentais-para-combater-a-desigualdade-diz-cepal","status":"publish","type":"post","link":"https:\/\/hostnetart.com.br\/baixada\/politicas-sociais-sao-fundamentais-para-combater-a-desigualdade-diz-cepal\/","title":{"rendered":"Pol\u00edticas sociais s\u00e3o fundamentais para combater a desigualdade, diz Cepal"},"content":{"rendered":"<p>Em um contexto econ\u00f4mico &#8220;incerto&#8221;, com crescimento fraco e aumento do desemprego, as pol\u00edticas de inclus\u00e3o e o sistema de prote\u00e7\u00e3o social s\u00e3o fundamentais para erradicar a pobreza e reduzir a desigualdade, afirma a secret\u00e1ria-executiva da Comiss\u00e3o Econ\u00f4mica Para a Am\u00e9rica Latina e o Caribe, Alicia B\u00e1rcena. A entidade divulgou nesta ter\u00e7a-feira (15), em Santiago, o\u00a0<em>Panorama Social da Am\u00e9rica Latina<\/em>, relat\u00f3rio anual sobre a regi\u00e3o, mostrando tend\u00eancia de alta da pobreza extrema, mas melhor participa\u00e7\u00e3o do gasto social no total das despesas p\u00fablicas dos pa\u00edses da regi\u00e3o.<\/p>\n<p>A estimativa \u00e9 de que em 2017 havia 184 milh\u00f5es de pessoas em situa\u00e7\u00e3o de pobreza na Am\u00e9rica Latina e Caribe (30,2% da popula\u00e7\u00e3o), sendo 62 milh\u00f5es na pobreza extrema, 10,2% (ante 9,9% no ano anterior), maior percentual em 10 anos. Segundo a Cepal, as proje\u00e7\u00f5es para 2018 indicam que esses n\u00fameros dever\u00e3o variar para 182 milh\u00f5es e 63 milh\u00f5es, respectivamente.<\/p>\n<div class=\"wall protected-content\">\n<div class=\"mc-column content-text active-extra-styles \" data-block-type=\"unstyled\" data-block-weight=\"53\" data-block-id=\"2\">\n<p class=\"content-text__container \" data-track-category=\"Link no Texto\" data-track-links=\"\">O documento aponta ainda &#8220;elevados n\u00edveis de informalidade&#8221;, com pelo menos um ter\u00e7o de trabalhadores por conta pr\u00f3pria (dados de 2016). Dos ocupados, menos da metade (48,1%) contribu\u00edam para algum sistema previdenci\u00e1rio. &#8220;Esse \u00e9 um tema de futuro&#8221;, observou Alicia.<\/p>\n<\/div>\n<\/div>\n<p>Segundo ela, o gasto social &#8220;manteve sua import\u00e2ncia&#8221; em rela\u00e7\u00e3o ao gasto total, ainda que menos que nos pa\u00edses desenvolvidos e insuficiente para as necessidades da regi\u00e3o. A participa\u00e7\u00e3o das despesas sociais no Produto Interno Bruto (PIB) vem subindo e atingiu 11,2% no ano passado, sendo 12,8% na Am\u00e9rica do Sul e 15,1% no Brasil. &#8220;H\u00e1 um esfor\u00e7o dos pa\u00edses de dedicar uma parte importante do gasto p\u00fablico (as \u00e1reas sociais)&#8221;, diz a secret\u00e1ria-executiva.<\/p>\n<p>Ainda de acordo com o relat\u00f3rio da Cepal, 42% dos trabalhadores recebiam menos que os sal\u00e1rios m\u00ednimos de seus pa\u00edses. Esse percentual subia para 48,7% entre mulheres, 55,9% no caso dos jovens e, principalmente, 60,3% para as mulheres jovens.<\/p>\n<p>O desafio, diz a Comiss\u00e3o, \u00e9 implementar pol\u00edticas com foco na igualdade e na defesa de direitos, considerando as mudan\u00e7as na estrutura produtiva da regi\u00e3o, a fim de garantir um desenvolvimento sustent\u00e1vel.<\/p>\n<p>\u00a0<\/p>\n<p><strong>Fonte: Rede Brasil Atual<\/strong><\/p>\n","protected":false},"excerpt":{"rendered":"<p>Em um contexto econ\u00f4mico &#8220;incerto&#8221;, com crescimento fraco e aumento do desemprego, as pol\u00edticas de inclus\u00e3o e o sistema de prote\u00e7\u00e3o social s\u00e3o fundamentais para erradicar a pobreza e reduzir a desigualdade, afirma a secret\u00e1ria-executiva da Comiss\u00e3o Econ\u00f4mica Para a Am\u00e9rica Latina e o Caribe, Alicia B\u00e1rcena. A entidade divulgou nesta ter\u00e7a-feira (15), em Santiago, [&hellip;]<\/p>\n","protected":false},"author":2,"featured_media":5914,"comment_status":"","ping_status":"","sticky":false,"template":"","format":"standard","meta":{"footnotes":""},"categories":[3],"tags":[],"class_list":["post-5915","post","type-post","status-publish","format-standard","has-post-thumbnail","hentry","category-noticias"],"_links":{"self":[{"href":"https:\/\/hostnetart.com.br\/baixada\/wp-json\/wp\/v2\/posts\/5915","targetHints":{"allow":["GET"]}}],"collection":[{"href":"https:\/\/hostnetart.com.br\/baixada\/wp-json\/wp\/v2\/posts"}],"about":[{"href":"https:\/\/hostnetart.com.br\/baixada\/wp-json\/wp\/v2\/types\/post"}],"author":[{"embeddable":true,"href":"https:\/\/hostnetart.com.br\/baixada\/wp-json\/wp\/v2\/users\/2"}],"replies":[{"embeddable":true,"href":"https:\/\/hostnetart.com.br\/baixada\/wp-json\/wp\/v2\/comments?post=5915"}],"version-history":[{"count":0,"href":"https:\/\/hostnetart.com.br\/baixada\/wp-json\/wp\/v2\/posts\/5915\/revisions"}],"wp:featuredmedia":[{"embeddable":true,"href":"https:\/\/hostnetart.com.br\/baixada\/wp-json\/wp\/v2\/media\/5914"}],"wp:attachment":[{"href":"https:\/\/hostnetart.com.br\/baixada\/wp-json\/wp\/v2\/media?parent=5915"}],"wp:term":[{"taxonomy":"category","embeddable":true,"href":"https:\/\/hostnetart.com.br\/baixada\/wp-json\/wp\/v2\/categories?post=5915"},{"taxonomy":"post_tag","embeddable":true,"href":"https:\/\/hostnetart.com.br\/baixada\/wp-json\/wp\/v2\/tags?post=5915"}],"curies":[{"name":"wp","href":"https:\/\/api.w.org\/{rel}","templated":true}]}}