{"id":5913,"date":"2019-01-15T12:34:04","date_gmt":"2019-01-15T14:34:04","guid":{"rendered":"https:\/\/hostnetart.com.br\/baixada\/para-toffoli-acao-contra-fim-do-ministerio-do-trabalho-nao-e-urgente\/"},"modified":"2019-01-15T12:34:04","modified_gmt":"2019-01-15T14:34:04","slug":"para-toffoli-acao-contra-fim-do-ministerio-do-trabalho-nao-e-urgente","status":"publish","type":"post","link":"https:\/\/hostnetart.com.br\/baixada\/para-toffoli-acao-contra-fim-do-ministerio-do-trabalho-nao-e-urgente\/","title":{"rendered":"Para Toffoli, a\u00e7\u00e3o contra fim do Minist\u00e9rio do Trabalho n\u00e3o \u00e9 urgente"},"content":{"rendered":"<div class=\"content\">\n<p>O presidente do Supremo Tribunal Federal (STF), ministro Dias Toffoli, considerou que n\u00e3o havia urg\u00eancia\u00a0em uma\u00a0a\u00e7\u00e3o que\u00a0<a href=\"https:\/\/www.redebrasilatual.com.br\/politica\/2018\/12\/pasta-do-trabalho-sera-fatiada-area-sindical-ficara-com-moro\" target=\"_blank\" rel=\"noopener noreferrer\">questiona a extin\u00e7\u00e3o do Minist\u00e9rio do Trabalho<\/a>\u00a0pelo atual governo.Assim, a decis\u00e3o caber\u00e1 ao relator de a\u00e7\u00e3o, Ricardo Lewandowski, apenas a partir de 1\u00ba de fevereiro, quando o Judici\u00e1rio retorna de recesso. Toffoli j\u00e1 havia rejeitado um questionamento \u00e0 mesma medida, por entender que a parte n\u00e3o tinha legitimidade. Uma terceira a\u00e7\u00e3o deu entrada hoje (14) na Corte.<\/p>\n<p>Para o presidente do STF, a A\u00e7\u00e3o Direita de Inconstitucionalidade (ADI) 6.057, ajuizada pelo PDT, n\u00e3o tinha urg\u00eancia que justificasse sua atua\u00e7\u00e3o e poderia aguardar o pr\u00f3prio relator, na retomada dos trabalhos. Por meio da Medida Provis\u00f3ria (MP) 870, o governo Bolsonaro, entre outras a\u00e7\u00f5es, acabou com o Minist\u00e9rio do Trabalho e distribuiu suas atividades\u00a0por outras \u00e1reas.<\/p>\n<p>O partido alega que a organiza\u00e7\u00e3o ministerial, em um Estado democr\u00e1tico de direito, deve considerar o valor social do trabalho e da dignidade humana, um princ\u00edpio constitucional. Nesse sentido, acabar com o Minist\u00e9rio do Trabalho estaria ferindo um item da pr\u00f3pria Carta de 1988.<\/p>\n<p>Na semana passada, Toffoli rejeitou a Argui\u00e7\u00e3o de Descumprimento de Preceito Fundamental (ADPF) 561, da Federa\u00e7\u00e3o Nacional dos Advogados. Sem entrar no m\u00e9rito, o ministro afirmou que a parte n\u00e3o tinha legitimidade para atuar.\u00a0<\/p>\n<p>Agora, foi a vez de a Confedera\u00e7\u00e3o Nacional das Profiss\u00f5es Liberais (CNPL) entrar com uma ADPF contra a medida do governo. A entidade afirma que o fim do minist\u00e9rio causa &#8220;danos irremedi\u00e1veis&#8221; por atingir a estrutura de prote\u00e7\u00e3o do trabalho, distribuindo atividades que cabiam a uma pasta especializada. A transfer\u00eancia de atribui\u00e7\u00f5es para o Minist\u00e9rio da Econ\u00f4mica teria resultado em &#8220;grave conflito de interesses&#8221;.\u00a0<\/p>\n<\/div>\n<p id=\"page-author\"><strong>Fonte: Rede Brasil Atual<\/strong><\/p>\n","protected":false},"excerpt":{"rendered":"<p>O presidente do Supremo Tribunal Federal (STF), ministro Dias Toffoli, considerou que n\u00e3o havia urg\u00eancia\u00a0em uma\u00a0a\u00e7\u00e3o que\u00a0questiona a extin\u00e7\u00e3o do Minist\u00e9rio do Trabalho\u00a0pelo atual governo.Assim, a decis\u00e3o caber\u00e1 ao relator de a\u00e7\u00e3o, Ricardo Lewandowski, apenas a partir de 1\u00ba de fevereiro, quando o Judici\u00e1rio retorna de recesso. Toffoli j\u00e1 havia rejeitado um questionamento \u00e0 mesma [&hellip;]<\/p>\n","protected":false},"author":2,"featured_media":5912,"comment_status":"","ping_status":"","sticky":false,"template":"","format":"standard","meta":{"footnotes":""},"categories":[3],"tags":[],"class_list":["post-5913","post","type-post","status-publish","format-standard","has-post-thumbnail","hentry","category-noticias"],"_links":{"self":[{"href":"https:\/\/hostnetart.com.br\/baixada\/wp-json\/wp\/v2\/posts\/5913","targetHints":{"allow":["GET"]}}],"collection":[{"href":"https:\/\/hostnetart.com.br\/baixada\/wp-json\/wp\/v2\/posts"}],"about":[{"href":"https:\/\/hostnetart.com.br\/baixada\/wp-json\/wp\/v2\/types\/post"}],"author":[{"embeddable":true,"href":"https:\/\/hostnetart.com.br\/baixada\/wp-json\/wp\/v2\/users\/2"}],"replies":[{"embeddable":true,"href":"https:\/\/hostnetart.com.br\/baixada\/wp-json\/wp\/v2\/comments?post=5913"}],"version-history":[{"count":0,"href":"https:\/\/hostnetart.com.br\/baixada\/wp-json\/wp\/v2\/posts\/5913\/revisions"}],"wp:featuredmedia":[{"embeddable":true,"href":"https:\/\/hostnetart.com.br\/baixada\/wp-json\/wp\/v2\/media\/5912"}],"wp:attachment":[{"href":"https:\/\/hostnetart.com.br\/baixada\/wp-json\/wp\/v2\/media?parent=5913"}],"wp:term":[{"taxonomy":"category","embeddable":true,"href":"https:\/\/hostnetart.com.br\/baixada\/wp-json\/wp\/v2\/categories?post=5913"},{"taxonomy":"post_tag","embeddable":true,"href":"https:\/\/hostnetart.com.br\/baixada\/wp-json\/wp\/v2\/tags?post=5913"}],"curies":[{"name":"wp","href":"https:\/\/api.w.org\/{rel}","templated":true}]}}