{"id":5911,"date":"2019-01-15T12:33:12","date_gmt":"2019-01-15T14:33:12","guid":{"rendered":"https:\/\/hostnetart.com.br\/baixada\/bancos-publicos-essenciais-para-a-soberania-de-uma-nacao\/"},"modified":"2019-01-15T12:33:12","modified_gmt":"2019-01-15T14:33:12","slug":"bancos-publicos-essenciais-para-a-soberania-de-uma-nacao","status":"publish","type":"post","link":"https:\/\/hostnetart.com.br\/baixada\/bancos-publicos-essenciais-para-a-soberania-de-uma-nacao\/","title":{"rendered":"Bancos p\u00fablicos, essenciais para a soberania de uma na\u00e7\u00e3o"},"content":{"rendered":"<div class=\"content\">\n<p>&#8220;Se tivermos esse movimento de\u00a0<a href=\"https:\/\/www.redebrasilatual.com.br\/economia\/2019\/01\/otica-do-sistema-privado-assume-bancos-publicos-no-brasil\" target=\"_self\">diminui\u00e7\u00e3o dos bancos p\u00fablicos\u00a0<\/a>para que os privados ocupem mais largamente o mercado, as resultantes ser\u00e3o a concentra\u00e7\u00e3o de riqueza e retirada do Estado das condi\u00e7\u00f5es para impulsionar o desenvolvimento da sociedade. Isto nunca aconteceu antes no Brasil, e eu ousaria a dizer, em nenhum pa\u00eds do mundo&#8221;, disse o governador maranhense, Fl\u00e1vio Dino (PCdoB), na noite desta segunda-feira (14), no primeiro evento de 2019 da s\u00e9rie &#8220;Di\u00e1logos Capitais&#8221;, em S\u00e3o Lu\u00eds, promovido pela revista\u00a0<a href=\"https:\/\/www.cartacapital.com.br\/\" target=\"_blank\" rel=\"noopener noreferrer\">CartaCapital<\/a>\u00a0e\u00a0<a href=\"https:\/\/www.fenae.org.br\/portal\/fenae-portal\/\" target=\"_blank\" rel=\"noopener noreferrer\">Federa\u00e7\u00e3o Nacional das Associa\u00e7\u00f5es de Empregados da Caixa<\/a>\u00a0(Fenae). O tema foi &#8220;Bancos p\u00fablicos sob ataque: desafios, riscos e perspectivas&#8221;.<\/p>\n<p>Segundo Dino, por tr\u00e1s do objetivo ideol\u00f3gico contra os bancos p\u00fablicos, est\u00e1 o discurso, consolidado nos \u00faltimos anos, segundo o qual &#8220;o que \u00e9 p\u00fablico \u00e9 corrupto e ineficiente, e o que \u00e9 privado, \u00e9 limpinho e eficiente&#8221;. Por\u00e9m, essa an\u00e1lise n\u00e3o ultrapassa nenhum &#8220;teste emp\u00edrico&#8221;. &#8220;Qual foi o grande esquema de corrup\u00e7\u00e3o desvendado nas \u00faltimas d\u00e9cadas que n\u00e3o teve a participa\u00e7\u00e3o do setor privado? Nenhum.&#8221;<\/p>\n<p>O problema \u00e9 que os holofotes que procuram iluminar a corrup\u00e7\u00e3o focam apenas a pol\u00edtica, os pol\u00edticos, o p\u00fablico e o Estado. &#8220;E \u00e0s vezes a esquerda, o pensamento progressista embarca nessa armadilha ideol\u00f3gica. Se isto fosse verdade, que o sistema p\u00fablico \u00e9 corrupto e ineficiente por natureza, ningu\u00e9m estaria se ocupando em destru\u00ed-lo, porque as pr\u00f3prias leis de mercado obteriam este resultado.&#8221;<\/p>\n<p>\u00a0<\/p>\n<p>REPRODU\u00c7\u00c3O<a href=\"https:\/\/www.redebrasilatual.com.br\/economia\/bancos-publicos-sao-essenciais-para-uma-nacao-soberana-afirma-flavio-dino\/flavio-dino\"><img decoding=\"async\" src=\"https:\/\/www.redebrasilatual.com.br\/economia\/bancos-publicos-sao-essenciais-para-uma-nacao-soberana-afirma-flavio-dino\/flavio-dino\/@@images\/2463b846-f0ba-41c4-bb25-40e22289302c.jpeg\" alt=\"Fl\u00e1vio Dino\" \/><\/a><\/p>\n<p><em>O que \u00e9 p\u00fablico \u00e9 corrupto e ineficiente, e o que \u00e9 privado \u00e9 limpinho e eficiente&amp;quot;, ironiza governador<\/em><\/p>\n<p>O governador do Maranh\u00e3o ironizou os cidad\u00e3os que nos \u00faltimos anos foram \u00e0s ruas vestidos de verde e amarelo contra o governo de Dilma Rousseff e a esquerda de modo geral. Ele dirigiu-se ao &#8220;cidad\u00e3o brasileiro que acredita no Brasil, e que veste verde e amarelo por dentro e por fora, que n\u00e3o \u00e9 s\u00f3 o retoricamente brasileiro que bate contin\u00eancia para os Estados Unidos&#8221; (refer\u00eancia ao conhecido gesto do presidente Jair Bolsonaro). Os bancos p\u00fablicos s\u00e3o essenciais para uma na\u00e7\u00e3o soberana&#8221;, acrescentou.<\/p>\n<p>O presidente da Fenae, Jair Pedro Ferreira, destacou que os n\u00fameros s\u00e3o a prova de que\u00a0<a href=\"https:\/\/www.redebrasilatual.com.br\/economia\/2019\/01\/ha-mais-recursos-da-caixa-no-governo-do-que-divida-do-banco-com-o-tesouro\" target=\"_blank\" rel=\"noopener noreferrer\">o desmonte dos bancos p\u00fablicos<\/a>\u00a0significariam a retirada de ferramentas importantes para fomentar o desenvolvimento. \u00a0De acordo com ele, hoje, nos 217 munic\u00edpios do estado do Maranh\u00e3o, a Caixa Econ\u00f4mica est\u00e1 presente em praticamente todos, com programas, como Bolsa Fam\u00edlia, financiamentos, entre outros.<\/p>\n<p>&#8220;A cadeia habitacional alavanca milh\u00f5es de empregos com muita rapidez e ao mesmo tempo permite que as pessoas tenham condi\u00e7\u00f5es de vida, de moradia e de financiamento melhores&#8221;, disse. No Maranh\u00e3o, 60% das ag\u00eancias banc\u00e1rias s\u00e3o de bancos p\u00fablicos, de acordo com Ferreira, citando Caixa, Banco do Brasil e Banco do Nordeste (BNB), contra \u00a040% dos privados. &#8220;N\u00e3o temos nenhum financiamento feito pelos bancos privados, que poderiam fazer, mas n\u00e3o fazem.&#8221;<\/p>\n<p>Ferreira tamb\u00e9m falou sobre a import\u00e2ncia do BNDES como promotor do desenvolvimento. &#8220;Todos os pa\u00edses t\u00eam em seu portf\u00f3lio bancos de desenvolvimento. \u00c9 muito dif\u00edcil um pa\u00eds como o Brasil prescindir de um banco como o BNDES.&#8221;\u00a0<\/p>\n<p>Elika Takimoto, professora do Centro Federal\u00a0de Educa\u00e7\u00e3o Tecnol\u00f3gica Celso Suckow da Fonseca (CEFET\/RJ), tamb\u00e9m destacou que os\u00a0<a href=\"https:\/\/www.redebrasilatual.com.br\/economia\/2019\/01\/em-meio-a-crise-vendas-de-estatais-deixarao-governo-de-mao-atadas-diz-economista\" target=\"_blank\" rel=\"noopener noreferrer\">bancos p\u00fablicos cumprem uma fun\u00e7\u00e3o social<\/a>\u00a0que n\u00e3o interessa aos bancos privados. Ela manifestou preocupa\u00e7\u00e3o com o destino do Fundo de Manuten\u00e7\u00e3o e Desenvolvimento da Educa\u00e7\u00e3o B\u00e1sica (Fundeb), com uma eventual privatiza\u00e7\u00e3o dos bancos p\u00fablicos.<\/p>\n<p>&#8220;\u00c9 urgente que a popula\u00e7\u00e3o entenda que a privatiza\u00e7\u00e3o dos bancos p\u00fablicos ataca o futuro da nossa popula\u00e7\u00e3o. O tiro da arminha (outro gesto conhecido de Bolsonaro) \u00e9 atirar com tiro de fuzil no nosso futuro&#8221;, afirmou Elika.<\/p>\n<p>O presidente do Sindicato das Ind\u00fastrias da Constru\u00e7\u00e3o Civil do Maranh\u00e3o (Sinduscon-MA), F\u00e1bio Ribeiro Nahuz, destacou que seu setor, especificamente no Maranh\u00e3o, tem cerca de 78% a 80% dos financiamentos habitacionais ligados \u00e0 Caixa. &#8220;A maior ind\u00fastria do Maranh\u00e3o \u00e9 da constru\u00e7\u00e3o. Temos um di\u00e1logo muito grande com os bancos p\u00fablicos. Se tiver que enxugar, que enxugue para efici\u00eancia, e n\u00e3o para privatiza\u00e7\u00e3o&#8221;, disse.<\/p>\n<p>O economista Luiz Gonzaga Belluzzo, esperado no debate, n\u00e3o participou por motivos de sa\u00fade, de acordo com a organiza\u00e7\u00e3o do evento.<\/p>\n<\/div>\n<p id=\"page-author\"><strong>Fonte: Rede Brasil Atual<\/strong><\/p>\n","protected":false},"excerpt":{"rendered":"<p>&#8220;Se tivermos esse movimento de\u00a0diminui\u00e7\u00e3o dos bancos p\u00fablicos\u00a0para que os privados ocupem mais largamente o mercado, as resultantes ser\u00e3o a concentra\u00e7\u00e3o de riqueza e retirada do Estado das condi\u00e7\u00f5es para impulsionar o desenvolvimento da sociedade. Isto nunca aconteceu antes no Brasil, e eu ousaria a dizer, em nenhum pa\u00eds do mundo&#8221;, disse o governador maranhense, [&hellip;]<\/p>\n","protected":false},"author":2,"featured_media":5910,"comment_status":"","ping_status":"","sticky":false,"template":"","format":"standard","meta":{"footnotes":""},"categories":[3],"tags":[],"class_list":["post-5911","post","type-post","status-publish","format-standard","has-post-thumbnail","hentry","category-noticias"],"_links":{"self":[{"href":"https:\/\/hostnetart.com.br\/baixada\/wp-json\/wp\/v2\/posts\/5911","targetHints":{"allow":["GET"]}}],"collection":[{"href":"https:\/\/hostnetart.com.br\/baixada\/wp-json\/wp\/v2\/posts"}],"about":[{"href":"https:\/\/hostnetart.com.br\/baixada\/wp-json\/wp\/v2\/types\/post"}],"author":[{"embeddable":true,"href":"https:\/\/hostnetart.com.br\/baixada\/wp-json\/wp\/v2\/users\/2"}],"replies":[{"embeddable":true,"href":"https:\/\/hostnetart.com.br\/baixada\/wp-json\/wp\/v2\/comments?post=5911"}],"version-history":[{"count":0,"href":"https:\/\/hostnetart.com.br\/baixada\/wp-json\/wp\/v2\/posts\/5911\/revisions"}],"wp:featuredmedia":[{"embeddable":true,"href":"https:\/\/hostnetart.com.br\/baixada\/wp-json\/wp\/v2\/media\/5910"}],"wp:attachment":[{"href":"https:\/\/hostnetart.com.br\/baixada\/wp-json\/wp\/v2\/media?parent=5911"}],"wp:term":[{"taxonomy":"category","embeddable":true,"href":"https:\/\/hostnetart.com.br\/baixada\/wp-json\/wp\/v2\/categories?post=5911"},{"taxonomy":"post_tag","embeddable":true,"href":"https:\/\/hostnetart.com.br\/baixada\/wp-json\/wp\/v2\/tags?post=5911"}],"curies":[{"name":"wp","href":"https:\/\/api.w.org\/{rel}","templated":true}]}}