{"id":5905,"date":"2019-01-14T16:10:39","date_gmt":"2019-01-14T18:10:39","guid":{"rendered":"https:\/\/hostnetart.com.br\/baixada\/dizer-que-banco-toma-prejuizo-com-programas-sociais-e-falacia\/"},"modified":"2019-01-14T16:10:39","modified_gmt":"2019-01-14T18:10:39","slug":"dizer-que-banco-toma-prejuizo-com-programas-sociais-e-falacia","status":"publish","type":"post","link":"https:\/\/hostnetart.com.br\/baixada\/dizer-que-banco-toma-prejuizo-com-programas-sociais-e-falacia\/","title":{"rendered":"\u2018Dizer que banco toma preju\u00edzo com programas sociais \u00e9 fal\u00e1cia\u2019"},"content":{"rendered":"<p class=\" \">\u201cA gente continua tendo as mesmas preocupa\u00e7\u00f5es: se o banco vai expandir, se vai melhorar. O ano passado foi o ano do atendimento. Vai continuar tentando melhoria ou vai voltar a sucatear as ag\u00eancias?\u201d Assim o banc\u00e1rio Wagner Nascimento, funcion\u00e1rio do <strong>Banco do Brasil<\/strong> e diretor da Confedera\u00e7\u00e3o Nacional dos Trabalhadores do Ramo Financeiro (Contraf-CUT), define o sentimento entre os empregados ap\u00f3s a posse da <a class=\"internal-link\" title=\"\" href=\"https:\/\/www.redebrasilatual.com.br\/economia\/2019\/01\/otica-do-sistema-privado-assume-bancos-publicos-no-brasil\" target=\"_blank\" rel=\"noopener noreferrer\">nova diretoria do BB<\/a>\u00a0nomeada pelo governo de Jair Bolsonaro. \u201cAno passado foi um dos que mais investiu no agroneg\u00f3cio, vai continuar a trabalhar a agricultura familiar? Isso \u00e9 tudo uma inc\u00f3gnita.\u201d<\/p>\n<p class=\" \">Essas perguntas est\u00e3o entre as que foram enviadas pela reportagem da <strong>RBA<\/strong>\u00a0ao novo presidente da institui\u00e7\u00e3o p\u00fablica, Rubem Novaes, que se recusou a \u201ccomentar\u201d.<\/p>\n<p class=\" \">Wagner Nascimento, que tamb\u00e9m \u00e9 coordenador da comiss\u00e3o de funcion\u00e1rios respons\u00e1vel pelas negocia\u00e7\u00f5es com a empresa p\u00fablica, ressalta que essa pol\u00edtica de investimento no agroneg\u00f3cio \u00e9 muito importante para a sociedade e tamb\u00e9m para o banco. \u201cA imagem do BB est\u00e1 muito atrelada ao financiamento da agricultura. \u00c9 um neg\u00f3cio do banco.\u201d<\/p>\n<ul class=\"listSaibamais\">\n<li><a class=\"internal-link\" title=\"Banc\u00e1rios fazem queixas e piadas com a situa\u00e7\u00e3o na rede interna de comunica\u00e7\u00e3o do banco; para eles, C\u00f3digo de \u00c9tica barraria promo\u00e7\u00e3o\" href=\"https:\/\/www.redebrasilatual.com.br\/politica\/2019\/01\/funcionarios-do-bb-estao-indignados-com-nomeacao-de-filho-de-mourao\" target=\"_blank\" rel=\"noopener noreferrer\">Funcion\u00e1rios do BB est\u00e3o indignados com nomea\u00e7\u00e3o de filho de Mour\u00e3o<\/a><\/li>\n<\/ul>\n<p class=\" \">E rent\u00e1vel, afirma ele. \u201cAt\u00e9 o final dos anos 1980, in\u00edcio dos 90, se via muito esc\u00e2ndalo de d\u00edvidas perdoadas dos bancos, que os grandes agricultores nunca pagavam. N\u00e3o tem mais isso. O BB n\u00e3o faz favor pra ningu\u00e9m\u201d, afirma. L\u00edder absoluto em cr\u00e9dito ao setor, o Banco do Brasil tem 61,2% de participa\u00e7\u00e3o nesse mercado.<\/p>\n<p class=\" \">\u201cAt\u00e9 o MPO (<em>Microcr\u00e9dito Produtivo Orientado<\/em>), do catador de rua, \u00e9 um neg\u00f3cio. Claro que tem taxas subsidiadas, mas o banco n\u00e3o toma preju\u00edzo com aquilo\u201d, diz o\u00a0dirigente da confedera\u00e7\u00e3o dos banc\u00e1rios, refor\u00e7ando a import\u00e2ncia do banco p\u00fablico e para rebater aqueles que tentam desconstruir essa fun\u00e7\u00e3o social para queimar a imagem da institui\u00e7\u00e3o.<\/p>\n<p class=\" \">\u201cTentam tachar os bancos p\u00fablicos como ineficientes, que poderia estar lucrando com outras coisas. Mas o banco n\u00e3o toma preju\u00edzo com essas coisas. Claro que tem lucro a menos ou lucro a mais\u201d, compara. \u201cO banco privado n\u00e3o vai construir cisterna no Nordeste porque n\u00e3o quer, porque n\u00e3o tem nenhum interesse de fazer isso. O BB faz, financia. Mas dizer que o banco toma preju\u00edzo com programas sociais \u00e9 uma fal\u00e1cia.\u201d<\/p>\n<p class=\" \">\u00a0<\/p>\n<dl class=\"image-right captioned\" style=\"width: 360px;\">\n<dt><span class=\"tile-rights\">Contraf-CUT<\/span> <a href=\"https:\/\/www.redebrasilatual.com.br\/economia\/2019\/01\/2018dizer-que-banco-toma-prejuizo-com-programas-sociais-e-falacia2019\/contraf\" rel=\"lightbox\"><img fetchpriority=\"high\" decoding=\"async\" class=\" lazyloaded\" title=\"contraf\" src=\"https:\/\/www.redebrasilatual.com.br\/economia\/2019\/01\/2018dizer-que-banco-toma-prejuizo-com-programas-sociais-e-falacia2019\/contraf\/@@images\/18a61bc0-873b-4847-9d74-eb6b4f47dbcd.jpeg\" alt=\"contraf\" width=\"360\" height=\"259\" data-src=\"https:\/\/www.redebrasilatual.com.br\/economia\/2019\/01\/2018dizer-que-banco-toma-prejuizo-com-programas-sociais-e-falacia2019\/contraf\/@@images\/18a61bc0-873b-4847-9d74-eb6b4f47dbcd.jpeg\" \/><\/a><\/dt>\n<dd class=\"image-caption\" style=\"width: 360px;\">Wagner: o discurso do novo presidente n\u00e3o est\u00e1 claro. Ele n\u00e3o conhece, n\u00e3o \u00e9 do BB<\/dd>\n<\/dl>\n<p>\u00a0<\/p>\n<p class=\" \">Wagner lembra que a \u00faltima grande reestrutura\u00e7\u00e3o j\u00e1 fechou cerca de 500 ag\u00eancias e transformou 400 em posto. \u201cNa pr\u00e1tica fechou quase mil ag\u00eancias de dois anos para c\u00e1. Come\u00e7a a sucatear o atendimento e a sociedade se pergunta, para que serve o Banco do Brasil?\u201d<\/p>\n<h3><b>Nova dire\u00e7\u00e3o do banco<\/b><\/h3>\n<p class=\" \">O discurso da posse de Rubem Novaes, na segunda-feira (7), n\u00e3o foi considerado ruim mesmo por banc\u00e1rios com uma consci\u00eancia mais cr\u00edtica, avalia Wagner. \u201cAcho que o discurso do presidente do banco, como todos, tem um antes, outro na posse, outro depois. Ele disse que vai avaliar o fechamento de ag\u00eancias deficit\u00e1rias, mas que se tiverem chances de serem recuperadas, ser\u00e3o. Disse que tem de avaliar se n\u00e3o \u00e9 a \u00fanica ag\u00eancia do lugar, que o banco n\u00e3o vai sair e deixar uma cidade sem banco. E que n\u00e3o v\u00e3o vender a joia da coroa. Ele meio que deu um &#8216;assopra&#8217;, talvez querendo agradar ao p\u00fablico interno\u201d, observa o banc\u00e1rio. \u201cO presidente fala que n\u00e3o vai vender a menina dos olhos, ao mesmo tempo que ele vem com a miss\u00e3o de vender, fazer ativos. O discurso dele n\u00e3o est\u00e1 claro. Mas o Banco do Brasil \u00e9 muito amarrado e ele n\u00e3o conhece, ele n\u00e3o \u00e9 do BB.\u201d<\/p>\n<p class=\" \">Novaes faz parte da \u201cturma de Chicago\u201d, mesma escola de origem do economista Paulo Guedes, que j\u00e1 declarou ser favor\u00e1vel \u00e0 privatiza\u00e7\u00e3o de \u201ctodas\u201d as estatais. \u201cPaulo Guedes sempre foi investidor em ativos do mercado. Parece que est\u00e1 no governo para o mercado ganhar dinheiro\u201d, diz, mencionando a proposta de dar \u00e0 Previd\u00eancia p\u00fablica brasileira o car\u00e1ter de capitaliza\u00e7\u00e3o. \u201cSe olhar o programa do Bolsonaro, encaixa perfeitamente nos ativos das empresas de Guedes. Educa\u00e7\u00e3o \u00e0 dist\u00e2ncia \u00e9 um exemplo. Ele est\u00e1 l\u00e1 para ganhar dinheiro e uma hora vai ter de se descobrir isso.\u201d<\/p>\n<p class=\" \">Para Wagner, talvez os presidentes dos bancos tenham alguma pondera\u00e7\u00e3o, mais parcim\u00f4nia com o projeto do que o ministro Guedes. \u201cEle quer tudo para agora, pra ontem, vende tudo. Nem 100 estatais o governo tem pra vender, algumas dezenas s\u00e3o empresas de papel, n\u00e3o t\u00eam nem funcion\u00e1rio\u201d, avalia. \u201cComo o governo est\u00e1 meio biruta de aeroporto, vai para um lado e para outro. O discurso era vamos vender tudo. Depois vai a p\u00fablico dizer que BB e Caixa n\u00e3o v\u00e3o vender, que \u00e9 um absurdo. Tem de ver o que vai fazer.\u201d<\/p>\n<h3><b>O filho do Mour\u00e3o<\/b><\/h3>\n<p class=\" \">Sobre a indigna\u00e7\u00e3o dos banc\u00e1rios do BB com a nomea\u00e7\u00e3o de Ant\u00f4nio Mour\u00e3o \u2013 filho do vice-presidente da Rep\u00fablica, Hamilton Mour\u00e3o \u2013, como assessor especial da presid\u00eancia do banco, Wagner conta que o problema n\u00e3o \u00e9 ter triplicado o sal\u00e1rio. \u201cA indigna\u00e7\u00e3o come\u00e7a por onde ele trabalhou, nas diretorias onde passou. Quando a pessoa \u00e9 muito boa de servi\u00e7o e mostra servi\u00e7o onde passou, tudo bem. No banco \u00e9 assim: ele \u00e9 o filho do Mour\u00e3o, mas \u00e9 bom? Ent\u00e3o tudo bem. Mas n\u00e3o \u00e9 esse o sentimento, o cara era mediano, n\u00e3o era um bambamb\u00e3. Ele nunca foi um l\u00edder de equipe.\u201d<\/p>\n<p class=\" \">Os banc\u00e1rios do BB, conta Wagner, sabem que havia gente mais qualificada para o cargo. \u201cSe era para nomear um especialista, tinha gente muito melhor do que ele, muito mais especialista (em agroneg\u00f3cio, que \u00e9 a \u00e1rea para a qual foi designado). \u201cFalar que ele \u00e9 incompetente, claro, n\u00e3o d\u00e1 pra falar, mas dizer que foi chamado para o cargo porque \u00e9 um especialista em agroneg\u00f3cio no banco \u00e9 um exagero.\u201d<\/p>\n<p class=\" \">O novo presidente j\u00e1 nomeou oito vice-presidentes para o banco. \u201cS\u00f3 dois permaneceram da dire\u00e7\u00e3o anterior, os demais foram trocados\u201d, conta o dirigente da Contraf-CUT. Nessas nomea\u00e7\u00f5es tamb\u00e9m ocorreram problemas de \u201dsaltos ornamentais\u201d, a exemplo do superintendente estadual da Bahia, que sem passar por uma diretoria chegou a uma vice-presid\u00eancia. \u201cUma coisa \u00e9 um cara de fora. Mas quando \u00e9 da carreira, esses saltos ornamentais o pessoal fica de olho e o clima fica ruim. Na pr\u00e1tica ele pulou de superintendente estadual para vice-presidente. Isso a\u00ed causou muita estranheza.\u201d<\/p>\n<p class=\" \">\u00a0<\/p>\n<p class=\" \"><strong>Fonte: Rede Brasil Atual<\/strong><\/p>\n","protected":false},"excerpt":{"rendered":"<p>\u201cA gente continua tendo as mesmas preocupa\u00e7\u00f5es: se o banco vai expandir, se vai melhorar. O ano passado foi o ano do atendimento. Vai continuar tentando melhoria ou vai voltar a sucatear as ag\u00eancias?\u201d Assim o banc\u00e1rio Wagner Nascimento, funcion\u00e1rio do Banco do Brasil e diretor da Confedera\u00e7\u00e3o Nacional dos Trabalhadores do Ramo Financeiro (Contraf-CUT), [&hellip;]<\/p>\n","protected":false},"author":2,"featured_media":5904,"comment_status":"","ping_status":"","sticky":false,"template":"","format":"standard","meta":{"footnotes":""},"categories":[3],"tags":[],"class_list":["post-5905","post","type-post","status-publish","format-standard","has-post-thumbnail","hentry","category-noticias"],"_links":{"self":[{"href":"https:\/\/hostnetart.com.br\/baixada\/wp-json\/wp\/v2\/posts\/5905","targetHints":{"allow":["GET"]}}],"collection":[{"href":"https:\/\/hostnetart.com.br\/baixada\/wp-json\/wp\/v2\/posts"}],"about":[{"href":"https:\/\/hostnetart.com.br\/baixada\/wp-json\/wp\/v2\/types\/post"}],"author":[{"embeddable":true,"href":"https:\/\/hostnetart.com.br\/baixada\/wp-json\/wp\/v2\/users\/2"}],"replies":[{"embeddable":true,"href":"https:\/\/hostnetart.com.br\/baixada\/wp-json\/wp\/v2\/comments?post=5905"}],"version-history":[{"count":0,"href":"https:\/\/hostnetart.com.br\/baixada\/wp-json\/wp\/v2\/posts\/5905\/revisions"}],"wp:featuredmedia":[{"embeddable":true,"href":"https:\/\/hostnetart.com.br\/baixada\/wp-json\/wp\/v2\/media\/5904"}],"wp:attachment":[{"href":"https:\/\/hostnetart.com.br\/baixada\/wp-json\/wp\/v2\/media?parent=5905"}],"wp:term":[{"taxonomy":"category","embeddable":true,"href":"https:\/\/hostnetart.com.br\/baixada\/wp-json\/wp\/v2\/categories?post=5905"},{"taxonomy":"post_tag","embeddable":true,"href":"https:\/\/hostnetart.com.br\/baixada\/wp-json\/wp\/v2\/tags?post=5905"}],"curies":[{"name":"wp","href":"https:\/\/api.w.org\/{rel}","templated":true}]}}