{"id":5903,"date":"2019-01-14T16:09:48","date_gmt":"2019-01-14T18:09:48","guid":{"rendered":"https:\/\/hostnetart.com.br\/baixada\/pec-300-a-nova-ameaca-aos-direitos-trabalhistas\/"},"modified":"2019-01-14T16:09:48","modified_gmt":"2019-01-14T18:09:48","slug":"pec-300-a-nova-ameaca-aos-direitos-trabalhistas","status":"publish","type":"post","link":"https:\/\/hostnetart.com.br\/baixada\/pec-300-a-nova-ameaca-aos-direitos-trabalhistas\/","title":{"rendered":"PEC 300: A nova amea\u00e7a aos direitos trabalhistas"},"content":{"rendered":"<div class=\"content\">\n<p>No \u00faltimo dia 9, o deputado federal Luiz Fernando Faria (PP-MG) emitiu parecer favor\u00e1vel \u00e0 admissibilidade, por parte da Comiss\u00e3o de Constitui\u00e7\u00e3o e Justi\u00e7a e de Cidadania (CCJ) da C\u00e2mara dos Deputados, da Proposta de Emenda \u00e0 Constitui\u00e7\u00e3o (PEC) 300\/2016. De autoria do deputado Mauro Lopes (MDB-MG), o texto altera o artigo 7\u00ba, retirando mais direitos dos trabalhadores, al\u00e9m daqueles j\u00e1 modificados\/extintos pela &#8220;reforma&#8221; trabalhista.<\/p>\n<p>Entre as altera\u00e7\u00f5es propostas est\u00e3o a amplia\u00e7\u00e3o da jornada di\u00e1ria de trabalho para dez horas, respeitando-se o limite j\u00e1 estabelecido de 44 horas semanais, sendo &#8220;facultada a compensa\u00e7\u00e3o de hor\u00e1rios e a altera\u00e7\u00e3o da jornada, mediante conven\u00e7\u00e3o ou acordo coletivo de trabalho&#8221;.<\/p>\n<p>A proposta tamb\u00e9m prev\u00ea o reconhecimento das conven\u00e7\u00f5es e acordos coletivos de trabalho prevalecendo sobre as disposi\u00e7\u00f5es previstas em lei. Ou seja, consolida-se constitucionalmente o que j\u00e1 foi disposto na &#8220;reforma&#8221; trabalhista aprovada em novembro de 2017, com o negociado se sobrepondo ao legislado.<\/p>\n<p>A PEC 300 tamb\u00e9m pretende dificultar ainda mais o acesso do empregado \u00e0 Justi\u00e7a do Trabalho. De acordo com o texto, o prazo prescricional para se ingressar com uma a\u00e7\u00e3o, que hoje \u00e9 de dois anos para os trabalhadores urbanos e rurais ap\u00f3s a extin\u00e7\u00e3o do contrato de trabalho, passaria para apenas tr\u00eas meses.<\/p>\n<p>O trabalhador tamb\u00e9m seria obrigado a, antes de impetrar uma a\u00e7\u00e3o, ter obrigatoriamente que passar por uma comiss\u00e3o de concilia\u00e7\u00e3o pr\u00e9via. Em agosto do ano passado, o Supremo Tribunal Federal j\u00e1 havia decidido que demandas trabalhistas podem ser submetidas \u00e0 aprecia\u00e7\u00e3o o Poder Judici\u00e1rio sem an\u00e1lise de comiss\u00e3o de concilia\u00e7\u00e3o pr\u00e9via. A discuss\u00e3o era relativa \u00e0 interpreta\u00e7\u00e3o do artigo 625-D da CLT.<\/p>\n<p>A tramita\u00e7\u00e3o da PEC 300 havia sido paralisada por conta da interven\u00e7\u00e3o federal que vigorava no Rio de Janeiro, o que impedia a an\u00e1lise de propostas que modificassem a Constitui\u00e7\u00e3o. Ainda n\u00e3o h\u00e1 data para aprecia\u00e7\u00e3o do parecer na Comiss\u00e3o de Constitui\u00e7\u00e3o e Justi\u00e7a.<\/p>\n<\/div>\n<p id=\"page-author\"><strong>Fonte: CUT SP<\/strong><\/p>\n","protected":false},"excerpt":{"rendered":"<p>No \u00faltimo dia 9, o deputado federal Luiz Fernando Faria (PP-MG) emitiu parecer favor\u00e1vel \u00e0 admissibilidade, por parte da Comiss\u00e3o de Constitui\u00e7\u00e3o e Justi\u00e7a e de Cidadania (CCJ) da C\u00e2mara dos Deputados, da Proposta de Emenda \u00e0 Constitui\u00e7\u00e3o (PEC) 300\/2016. De autoria do deputado Mauro Lopes (MDB-MG), o texto altera o artigo 7\u00ba, retirando mais [&hellip;]<\/p>\n","protected":false},"author":2,"featured_media":5902,"comment_status":"","ping_status":"","sticky":false,"template":"","format":"standard","meta":{"footnotes":""},"categories":[3],"tags":[],"class_list":["post-5903","post","type-post","status-publish","format-standard","has-post-thumbnail","hentry","category-noticias"],"_links":{"self":[{"href":"https:\/\/hostnetart.com.br\/baixada\/wp-json\/wp\/v2\/posts\/5903","targetHints":{"allow":["GET"]}}],"collection":[{"href":"https:\/\/hostnetart.com.br\/baixada\/wp-json\/wp\/v2\/posts"}],"about":[{"href":"https:\/\/hostnetart.com.br\/baixada\/wp-json\/wp\/v2\/types\/post"}],"author":[{"embeddable":true,"href":"https:\/\/hostnetart.com.br\/baixada\/wp-json\/wp\/v2\/users\/2"}],"replies":[{"embeddable":true,"href":"https:\/\/hostnetart.com.br\/baixada\/wp-json\/wp\/v2\/comments?post=5903"}],"version-history":[{"count":0,"href":"https:\/\/hostnetart.com.br\/baixada\/wp-json\/wp\/v2\/posts\/5903\/revisions"}],"wp:featuredmedia":[{"embeddable":true,"href":"https:\/\/hostnetart.com.br\/baixada\/wp-json\/wp\/v2\/media\/5902"}],"wp:attachment":[{"href":"https:\/\/hostnetart.com.br\/baixada\/wp-json\/wp\/v2\/media?parent=5903"}],"wp:term":[{"taxonomy":"category","embeddable":true,"href":"https:\/\/hostnetart.com.br\/baixada\/wp-json\/wp\/v2\/categories?post=5903"},{"taxonomy":"post_tag","embeddable":true,"href":"https:\/\/hostnetart.com.br\/baixada\/wp-json\/wp\/v2\/tags?post=5903"}],"curies":[{"name":"wp","href":"https:\/\/api.w.org\/{rel}","templated":true}]}}