{"id":5901,"date":"2019-01-14T16:08:43","date_gmt":"2019-01-14T18:08:43","guid":{"rendered":"https:\/\/hostnetart.com.br\/baixada\/reforma-da-previdencia-nao-protege-o-trabalhador-diz-andras-uthoff\/"},"modified":"2019-01-14T16:08:43","modified_gmt":"2019-01-14T18:08:43","slug":"reforma-da-previdencia-nao-protege-o-trabalhador-diz-andras-uthoff","status":"publish","type":"post","link":"https:\/\/hostnetart.com.br\/baixada\/reforma-da-previdencia-nao-protege-o-trabalhador-diz-andras-uthoff\/","title":{"rendered":"Reforma da Previd\u00eancia n\u00e3o protege o trabalhador, diz Andras Uthoff"},"content":{"rendered":"<div class=\"content\">\n<p>A proposta de reforma da Previd\u00eancia est\u00e1 prevista para ser entregue ao Congresso Nacional em fevereiro e, al\u00e9m de alterar as regras de idade m\u00ednima para a aposentadoria, tamb\u00e9m deve incluir a substitui\u00e7\u00e3o do regime atual por um modelo de capitaliza\u00e7\u00e3o, que tem como refer\u00eancia o sistema utilizado no Chile, na qual cada trabalhador far\u00e1 a sua pr\u00f3pria poupan\u00e7a, de forma individual.<\/p>\n<p>De acordo com Andras Uthoff, Economista e Ex-Conselheiro Regional da Organiza\u00e7\u00e3o Internacional do Trabalho, que participou da Comiss\u00e3o sobre Reforma do Sistema de Pens\u00f5es e da Comiss\u00e3o sobre Reforma do Sistema de Seguro de Sa\u00fade do Chile, o sistema previdenci\u00e1rio deve proteger o trabalhador de tr\u00eas riscos fundamentais: o demogr\u00e1fico, risco financeiro e o desemprego, o que n\u00e3o acontecer\u00e1 caso a reforma da Previd\u00eancia seja aprovada. \u201cTodos estes riscos, no sistema capitalista, quem assume \u00e9 o trabalhador, n\u00e3o \u00e9 o sistema. Se voc\u00ea n\u00e3o tem emprego, n\u00e3o pode guardar dinheiro, e por causa disso, no sistema de contribui\u00e7\u00e3o individual, voc\u00ea n\u00e3o teria uma aposentadoria\u201d, explicou.<\/p>\n<p>Uma das justificativas da reforma da Previd\u00eancia \u00e9 o aumento da expectativa de vida dos trabalhadores, e, por isso, a proposta altera a idade m\u00ednima de aposentadoria. \u201cSe a expectativa de vida aumentar at\u00e9 voc\u00ea chegar, na \u00e9poca da aposentadoria, quem assume isso \u00e9 voc\u00ea e cai a sua renda vital\u00edcia. Ou seja, todos os riscos de um sistema s\u00e3o assumidos, no sistema capitalista, de modo individual pelo trabalhador. O sistema n\u00e3o o protege. \u201d, completou Andras Uthoff.<\/p>\n<p>\u00a0Link: https:\/\/www.youtube.com\/watch?v=vFy3bqF30hM<\/p>\n<\/div>\n<p id=\"page-author\">Fonte: Contraf-CUT<\/p>\n","protected":false},"excerpt":{"rendered":"<p>A proposta de reforma da Previd\u00eancia est\u00e1 prevista para ser entregue ao Congresso Nacional em fevereiro e, al\u00e9m de alterar as regras de idade m\u00ednima para a aposentadoria, tamb\u00e9m deve incluir a substitui\u00e7\u00e3o do regime atual por um modelo de capitaliza\u00e7\u00e3o, que tem como refer\u00eancia o sistema utilizado no Chile, na qual cada trabalhador far\u00e1 [&hellip;]<\/p>\n","protected":false},"author":2,"featured_media":5900,"comment_status":"","ping_status":"","sticky":false,"template":"","format":"standard","meta":{"footnotes":""},"categories":[3],"tags":[],"class_list":["post-5901","post","type-post","status-publish","format-standard","has-post-thumbnail","hentry","category-noticias"],"_links":{"self":[{"href":"https:\/\/hostnetart.com.br\/baixada\/wp-json\/wp\/v2\/posts\/5901","targetHints":{"allow":["GET"]}}],"collection":[{"href":"https:\/\/hostnetart.com.br\/baixada\/wp-json\/wp\/v2\/posts"}],"about":[{"href":"https:\/\/hostnetart.com.br\/baixada\/wp-json\/wp\/v2\/types\/post"}],"author":[{"embeddable":true,"href":"https:\/\/hostnetart.com.br\/baixada\/wp-json\/wp\/v2\/users\/2"}],"replies":[{"embeddable":true,"href":"https:\/\/hostnetart.com.br\/baixada\/wp-json\/wp\/v2\/comments?post=5901"}],"version-history":[{"count":0,"href":"https:\/\/hostnetart.com.br\/baixada\/wp-json\/wp\/v2\/posts\/5901\/revisions"}],"wp:featuredmedia":[{"embeddable":true,"href":"https:\/\/hostnetart.com.br\/baixada\/wp-json\/wp\/v2\/media\/5900"}],"wp:attachment":[{"href":"https:\/\/hostnetart.com.br\/baixada\/wp-json\/wp\/v2\/media?parent=5901"}],"wp:term":[{"taxonomy":"category","embeddable":true,"href":"https:\/\/hostnetart.com.br\/baixada\/wp-json\/wp\/v2\/categories?post=5901"},{"taxonomy":"post_tag","embeddable":true,"href":"https:\/\/hostnetart.com.br\/baixada\/wp-json\/wp\/v2\/tags?post=5901"}],"curies":[{"name":"wp","href":"https:\/\/api.w.org\/{rel}","templated":true}]}}