{"id":5899,"date":"2019-01-14T16:07:49","date_gmt":"2019-01-14T18:07:49","guid":{"rendered":"https:\/\/hostnetart.com.br\/baixada\/editorial-defender-a-caixa-para-que-ela-siga-a-servico-dos-brasileiros\/"},"modified":"2019-01-14T16:07:49","modified_gmt":"2019-01-14T18:07:49","slug":"editorial-defender-a-caixa-para-que-ela-siga-a-servico-dos-brasileiros","status":"publish","type":"post","link":"https:\/\/hostnetart.com.br\/baixada\/editorial-defender-a-caixa-para-que-ela-siga-a-servico-dos-brasileiros\/","title":{"rendered":"Editorial: Defender a Caixa para que ela siga a servi\u00e7o dos brasileiros"},"content":{"rendered":"<div class=\"content\">\n<p>A Caixa Econ\u00f4mica Federal completa 158 anos neste s\u00e1bado, 12 de janeiro. Tradicionalmente, nesta data, destaca-se a hist\u00f3ria de um banco que nasceu para estar ao lado dos brasileiros, sobretudo dos mais carentes. Entre tantos feitos, recebeu poupan\u00e7a de escravos, protegeu a economia das crises, centralizou as contas do FGTS e, mais recentemente, se tornou parceira estrat\u00e9gica do Estado na execu\u00e7\u00e3o de pol\u00edticas p\u00fablicas que melhoraram a vida no Brasil.<\/p>\n<p>Esse legado jamais ser\u00e1 ignorado. O momento, no entanto, requer uma reflex\u00e3o mais aprofundada sobre presente e futuro, seguida de uma convoca\u00e7\u00e3o. Empregados e sociedade, juntos, precisam estar atentos ao que se pretende em rela\u00e7\u00e3o \u00e0 Caixa nos dias de hoje, pois \u00e9 isso que vai determinar a Caixa que teremos no futuro. Queremos que ela esteja sintonizada com a popula\u00e7\u00e3o, algo que est\u00e1 em seu DNA desde 1861? Ou voltada aos interesses de alguns?<\/p>\n<p>Infelizmente, as perspectivas s\u00e3o preocupantes. O governo de Jair Bolsonaro, cuja batuta da economia est\u00e1 nas m\u00e3os do ministro Paulo Guedes, reafirma todos os dias o que quer para o maior banco p\u00fablico n\u00e3o s\u00f3 do Brasil, mas da Am\u00e9rica Latina. Os planos s\u00e3o para diminuir a atua\u00e7\u00e3o da Caixa, vendendo participa\u00e7\u00f5es nas \u00e1reas de seguros, cart\u00f5es, assets e loterias. Fatiar a empresa nada mais \u00e9 do que privatiz\u00e1-la em peda\u00e7os.<\/p>\n<p>A fim de obter o apoio necess\u00e1rio a essa onda de entreguismo, que vai afetar outras empresas p\u00fablicas, a atual gest\u00e3o federal busca manchar a hist\u00f3ria da Caixa e a reputa\u00e7\u00e3o dos milhares de empregados perante a opini\u00e3o p\u00fablica. Para isso aposta em declara\u00e7\u00f5es e den\u00fancias vazias, al\u00e9m de tentar colar na institui\u00e7\u00e3o o selo da inefici\u00eancia. Trata-se de uma estrat\u00e9gia covarde e nem um pouco alinhada com a maioria dos brasileiros, que, ali\u00e1s, \u00e9 contra as privatiza\u00e7\u00f5es.<\/p>\n<p>A Caixa 100% p\u00fablica e social \u00e9 a que interessa ao Brasil. Deve permanecer forte e lucrativa, atuando nos mais diversos setores da economia, para que continue sendo o banco da casa pr\u00f3pria, do FGTS, da poupan\u00e7a, das loterias, do saneamento b\u00e1sico, da cultura e do esporte, entre outros. Qualquer retrocesso nesse perfil vai beneficiar somente o setor privado, que visa o rentismo, sem qualquer preocupa\u00e7\u00e3o com o social e a vida dos mais pobres.<\/p>\n<p>Fundamental tamb\u00e9m \u00e9 que os milhares de banc\u00e1rios e banc\u00e1rias da Caixa sejam respeitados. S\u00e3o eles, no dia a dia, que constroem o banco, e justamente por isso n\u00e3o podem ser tratados como n\u00fameros, como \u201cdespesa de pessoal\u201d. Valoriza\u00e7\u00e3o deveria ser a palavra de ordem, o que significa contratar mais empregados, reduzir a sobrecarga nas unidades, combater o ass\u00e9dio moral e se importar com o adoecimento crescente da categoria.<\/p>\n<p>Neste momento em que a Caixa chega aos 158 anos enfrentando s\u00e9rias amea\u00e7as, n\u00e3o h\u00e1 outro caminho a n\u00e3o ser o da resist\u00eancia. O movimento nacional dos empregados do banco, com o apoio da sociedade, barrou in\u00fameros ataques \u00e0 institui\u00e7\u00e3o ao longo da hist\u00f3ria. Mais uma vez, \u00e9 hora de conscientizar e lutar. S\u00f3 assim ser\u00e1 poss\u00edvel que a Caixa permane\u00e7a a servi\u00e7o de quem realmente importa: o povo brasileiro.<\/p>\n<p>Parab\u00e9ns, Caixa!<br \/> Parab\u00e9ns, empregados!<br \/> Vamos \u00e0 luta!<br \/> N\u00e3o tem sentido diminuir e privatizar a Caixa!<\/p>\n<p>\u00a0<\/p>\n<p><strong>Diretoria da Fenae<br \/> Federa\u00e7\u00e3o Nacional das Associa\u00e7\u00f5es do Pessoal da Caixa Econ\u00f4mica Federal<\/strong><\/p>\n<\/div>\n<p id=\"page-author\"><strong><span style=\"text-decoration: underline;\">Fonte: Fenae<\/span><\/strong><\/p>\n","protected":false},"excerpt":{"rendered":"<p>A Caixa Econ\u00f4mica Federal completa 158 anos neste s\u00e1bado, 12 de janeiro. Tradicionalmente, nesta data, destaca-se a hist\u00f3ria de um banco que nasceu para estar ao lado dos brasileiros, sobretudo dos mais carentes. Entre tantos feitos, recebeu poupan\u00e7a de escravos, protegeu a economia das crises, centralizou as contas do FGTS e, mais recentemente, se tornou [&hellip;]<\/p>\n","protected":false},"author":2,"featured_media":5898,"comment_status":"","ping_status":"","sticky":false,"template":"","format":"standard","meta":{"footnotes":""},"categories":[3],"tags":[],"class_list":["post-5899","post","type-post","status-publish","format-standard","has-post-thumbnail","hentry","category-noticias"],"_links":{"self":[{"href":"https:\/\/hostnetart.com.br\/baixada\/wp-json\/wp\/v2\/posts\/5899","targetHints":{"allow":["GET"]}}],"collection":[{"href":"https:\/\/hostnetart.com.br\/baixada\/wp-json\/wp\/v2\/posts"}],"about":[{"href":"https:\/\/hostnetart.com.br\/baixada\/wp-json\/wp\/v2\/types\/post"}],"author":[{"embeddable":true,"href":"https:\/\/hostnetart.com.br\/baixada\/wp-json\/wp\/v2\/users\/2"}],"replies":[{"embeddable":true,"href":"https:\/\/hostnetart.com.br\/baixada\/wp-json\/wp\/v2\/comments?post=5899"}],"version-history":[{"count":0,"href":"https:\/\/hostnetart.com.br\/baixada\/wp-json\/wp\/v2\/posts\/5899\/revisions"}],"wp:featuredmedia":[{"embeddable":true,"href":"https:\/\/hostnetart.com.br\/baixada\/wp-json\/wp\/v2\/media\/5898"}],"wp:attachment":[{"href":"https:\/\/hostnetart.com.br\/baixada\/wp-json\/wp\/v2\/media?parent=5899"}],"wp:term":[{"taxonomy":"category","embeddable":true,"href":"https:\/\/hostnetart.com.br\/baixada\/wp-json\/wp\/v2\/categories?post=5899"},{"taxonomy":"post_tag","embeddable":true,"href":"https:\/\/hostnetart.com.br\/baixada\/wp-json\/wp\/v2\/tags?post=5899"}],"curies":[{"name":"wp","href":"https:\/\/api.w.org\/{rel}","templated":true}]}}