{"id":5887,"date":"2019-01-11T13:41:33","date_gmt":"2019-01-11T15:41:33","guid":{"rendered":"https:\/\/hostnetart.com.br\/baixada\/vagner-freitas-2019-sera-de-luta\/"},"modified":"2019-01-11T13:41:33","modified_gmt":"2019-01-11T15:41:33","slug":"vagner-freitas-2019-sera-de-luta","status":"publish","type":"post","link":"https:\/\/hostnetart.com.br\/baixada\/vagner-freitas-2019-sera-de-luta\/","title":{"rendered":"Vagner Freitas: 2019 ser\u00e1 de luta!"},"content":{"rendered":"<div class=\"content\">\n<p>O ano come\u00e7a quente! O calor do ver\u00e3o e a temporada de f\u00e9rias trazem para muitos o merecido descanso. Com todas as dificuldades, desejamos um 2019 de alegria e paz.<\/p>\n<p>O ano come\u00e7a quente tamb\u00e9m na pol\u00edtica. A posse dos novos governadores e do Presidente da Rep\u00fablica abre o mandato do Poder Executivo e, nas pr\u00f3ximas semanas, o mesmo ocorrer\u00e1 nas Casas Legislativas dos Estados e no Congresso Nacional.<\/p>\n<p>No \u00e2mbito federal, o governo do presidente eleito come\u00e7a a dar demonstra\u00e7\u00f5es do que pretende e o mesmo ocorre nos estados. Esses primeiros dias confirmam as previs\u00f5es: clima quente o ano todo na vida pol\u00edtica, no debate p\u00fablico e, sobretudo, o aprofundamento da ofensiva contra os direitos dos trabalhadores e trabalhadoras e das pol\u00edticas p\u00fablicas de inclus\u00e3o social.\u00a0<\/p>\n<p>As previs\u00f5es indicam que a vida n\u00e3o ser\u00e1 f\u00e1cil para a classe trabalhadora: ataques \u00e0 seguridade e previd\u00eancia social, aos direitos trabalhistas, \u00e0 sa\u00fade e educa\u00e7\u00e3o p\u00fablicas, \u00e0 gera\u00e7\u00e3o de emprego decente, sal\u00e1rios dignos, privatiza\u00e7\u00f5es indiscriminadas, as pol\u00edticas de apoio e fortalecimento da agricultura familiar e reforma agr\u00e1ria, o aumento do custo de vida s\u00e3o algumas das quest\u00f5es que estar\u00e3o na pauta de forma intensa. Precariza\u00e7\u00e3o, flexibiliza\u00e7\u00e3o, desmonte, rebaixamento, limita\u00e7\u00e3o ser\u00e3o substantivos que dar\u00e3o concretude \u00e0s propostas, projetos e iniciativas desse governo que se inicia.\u00a0<\/p>\n<p>A defesa dos direitos sociais e trabalhistas d\u00e1 o conte\u00fado para a democracia apoiada pela CUT e que est\u00e1 hoje amea\u00e7ada pelas propostas do governo. A tarefa primeira e permanente ser\u00e1 a defesa da democracia, das institui\u00e7\u00f5es, e, especialmente, a defesa da Constitui\u00e7\u00e3o e os direitos contidos nela e da liberdade do ex-presidente Lula. N\u00e3o nos iludamos, ser\u00e1 uma tarefa dific\u00edlima. A liberdade \u00e9 condi\u00e7\u00e3o para a democracia, e, juntas, s\u00e3o requisitos indispens\u00e1veis para enfrentar e superar as injustas desigualdades econ\u00f4micas e sociais existentes no Brasil.<\/p>\n<p>Os trabalhadores ser\u00e3o desafiados a compreender o que estar\u00e1 acontecendo para poder, primeiro, resistir. Mas o entendimento da situa\u00e7\u00e3o deve conduzir \u00e0s disputas de cada uma das quest\u00f5es postas para o debate.<\/p>\n<p>A resist\u00eancia exigir\u00e1 interven\u00e7\u00f5es mobilizadoras, afirmando o sentido do que queremos como o direito ao emprego de qualidade, ao sal\u00e1rio justo, \u00e0 prote\u00e7\u00e3o trabalhista e social, ao bem estar, \u00e0 qualidade de vida, a defesa do patrim\u00f4nio p\u00fablico, entre tantas outras dimens\u00f5es.<\/p>\n<p>N\u00e3o ser\u00e1 um ano f\u00e1cil. Ser\u00e1 longo e quente!<\/p>\n<p>A CUT estar\u00e1, como sempre esteve, conduzindo sua a\u00e7\u00e3o de organiza\u00e7\u00e3o sindical e de mobiliza\u00e7\u00e3o das lutas dos trabalhadores. Lutaremos no campo que for necess\u00e1rio, no espa\u00e7o p\u00fablico dos poderes constitu\u00eddos, mas tamb\u00e9m nas ruas, nos locais de trabalho e nas comunidades com a determina\u00e7\u00e3o de fortalecimento da organiza\u00e7\u00e3o de base, representativa e renovada.<\/p>\n<p>A CUT manter\u00e1 uma atua\u00e7\u00e3o institucional de representa\u00e7\u00e3o dos trabalhadores em todos os espa\u00e7os da vida publica e pol\u00edtica do pa\u00eds.<\/p>\n<p>A CUT investir\u00e1 no fortalecimento da unidade dos trabalhadores, na unidade de a\u00e7\u00e3o do movimento sindical, juntamente com as Frentes Brasil Popular e Povo Sem Medo.<\/p>\n<p>A CUT ser\u00e1 a voz dos trabalhadores para seus problemas e, principalmente, para anunciar seus sonhos.<\/p>\n<p>A CUT tem e ter\u00e1 propostas para o debate e para a mobiliza\u00e7\u00e3o da classe em defesa e amplia\u00e7\u00e3o dos nossos direitos.<\/p>\n<p>A CUT olha para frente, porque luta.<\/p>\n<p>A CUT luta porque \u00e9 da classe trabalhadora.<\/p>\n<p><strong>Vagner Freitas<\/strong><\/p>\n<p>Presidente Nacional da CUT<\/p>\n<\/div>\n<p id=\"page-author\"><span style=\"text-decoration: underline;\"><strong>Fonte: CUT<\/strong><\/span><\/p>\n","protected":false},"excerpt":{"rendered":"<p>O ano come\u00e7a quente! O calor do ver\u00e3o e a temporada de f\u00e9rias trazem para muitos o merecido descanso. Com todas as dificuldades, desejamos um 2019 de alegria e paz. O ano come\u00e7a quente tamb\u00e9m na pol\u00edtica. A posse dos novos governadores e do Presidente da Rep\u00fablica abre o mandato do Poder Executivo e, nas [&hellip;]<\/p>\n","protected":false},"author":2,"featured_media":5886,"comment_status":"","ping_status":"","sticky":false,"template":"","format":"standard","meta":{"footnotes":""},"categories":[3],"tags":[],"class_list":["post-5887","post","type-post","status-publish","format-standard","has-post-thumbnail","hentry","category-noticias"],"_links":{"self":[{"href":"https:\/\/hostnetart.com.br\/baixada\/wp-json\/wp\/v2\/posts\/5887","targetHints":{"allow":["GET"]}}],"collection":[{"href":"https:\/\/hostnetart.com.br\/baixada\/wp-json\/wp\/v2\/posts"}],"about":[{"href":"https:\/\/hostnetart.com.br\/baixada\/wp-json\/wp\/v2\/types\/post"}],"author":[{"embeddable":true,"href":"https:\/\/hostnetart.com.br\/baixada\/wp-json\/wp\/v2\/users\/2"}],"replies":[{"embeddable":true,"href":"https:\/\/hostnetart.com.br\/baixada\/wp-json\/wp\/v2\/comments?post=5887"}],"version-history":[{"count":0,"href":"https:\/\/hostnetart.com.br\/baixada\/wp-json\/wp\/v2\/posts\/5887\/revisions"}],"wp:featuredmedia":[{"embeddable":true,"href":"https:\/\/hostnetart.com.br\/baixada\/wp-json\/wp\/v2\/media\/5886"}],"wp:attachment":[{"href":"https:\/\/hostnetart.com.br\/baixada\/wp-json\/wp\/v2\/media?parent=5887"}],"wp:term":[{"taxonomy":"category","embeddable":true,"href":"https:\/\/hostnetart.com.br\/baixada\/wp-json\/wp\/v2\/categories?post=5887"},{"taxonomy":"post_tag","embeddable":true,"href":"https:\/\/hostnetart.com.br\/baixada\/wp-json\/wp\/v2\/tags?post=5887"}],"curies":[{"name":"wp","href":"https:\/\/api.w.org\/{rel}","templated":true}]}}