{"id":5879,"date":"2019-01-09T16:43:47","date_gmt":"2019-01-09T18:43:47","guid":{"rendered":"https:\/\/hostnetart.com.br\/baixada\/banco-mundial-reduz-previsao-de-crescimento-para-o-brasil\/"},"modified":"2019-01-09T16:43:47","modified_gmt":"2019-01-09T18:43:47","slug":"banco-mundial-reduz-previsao-de-crescimento-para-o-brasil","status":"publish","type":"post","link":"https:\/\/hostnetart.com.br\/baixada\/banco-mundial-reduz-previsao-de-crescimento-para-o-brasil\/","title":{"rendered":"Banco Mundial reduz previs\u00e3o de crescimento para o Brasil"},"content":{"rendered":"<p>O Banco Mundial diminuiu nesta ter\u00e7a-feira 8 as previs\u00f5es de crescimento feitas para o Brasil. A estimativa \u00e9 que a economia do pa\u00eds cres\u00e7a 2,2% em 2019 \u2013 0,3 ponto percentual a menos do que o previsto num relat\u00f3rio elaborado em junho do ano passado.<\/p>\n<p>O \u00f3rg\u00e3o multilateral estimou ainda que o pa\u00eds cresceu apenas 1,2% em 2018, reduzindo em 1,2 ponto percentual o previsto no relat\u00f3rio anterior. Para 2020, foi mantida a estimativa de um crescimento de 2,4%.<\/p>\n<p>Segundo Ayhan Kose, diretor do Grupo de An\u00e1lise das Perspectivas de Desenvolvimento do Banco Mundial, o crescimento do Brasil foi \u201catenuado\u201d no ano passado pela greve dos caminhoneiros e pela \u201cincerteza\u201d em torno das elei\u00e7\u00f5es presidenciais.<\/p>\n<p>O Banco Mundial espera, no entanto, que a economia brasileira avance, mas a previs\u00e3o depende da aprova\u00e7\u00e3o de reformas tribut\u00e1rias e que a recupera\u00e7\u00e3o do consumo e dos investimentos supere os cortes nos gastos p\u00fablicos.<\/p>\n<p>O \u00f3rg\u00e3o multilateral tamb\u00e9m reduziu as perspectivas de crescimento para Am\u00e9rica Latina, que devem ficar em 0,6% em 2018 e 1,7% em 2019, uma diminui\u00e7\u00e3o de 1,1 e 0,6 ponto percentual respectivamente.<\/p>\n<p>Entre os riscos para a regi\u00e3o, o Banco Mundial destacou o poss\u00edvel endurecimento das condi\u00e7\u00f5es mundiais de financiamento, o que gera \u201cpreocupa\u00e7\u00e3o para os pa\u00edses com grande d\u00e9ficit em conta corrente ou que dependem muito dos fluxos de capitais, entre eles a Argentina, a Bol\u00edvia e v\u00e1rias na\u00e7\u00f5es do Caribe\u201d.<\/p>\n<p>Kose tamb\u00e9m advertiu sobre o perigo de que um \u201caumento das tens\u00f5es entre os Estados Unidos e a China atrase o crescimento regional a m\u00e9dio prazo atrav\u00e9s de diversas vias, como as exporta\u00e7\u00f5es, a confian\u00e7a e o mercado de produtos b\u00e1sicos\u201d.<\/p>\n<p>As tens\u00f5es comerciais tamb\u00e9m impulsionaram a redu\u00e7\u00e3o da previs\u00e3o para a economia mundial, que passou dos 3% previstos para 2019 para 2,9%.<\/p>\n<p>Os principais riscos para a economia global s\u00e3o a possibilidade de perturba\u00e7\u00f5es descontroladas dos mercados financeiros, uma escalada de disputas comerciais, a incerteza pol\u00edtica e a desacelera\u00e7\u00e3o em simult\u00e2neo dos EUA e China, as duas maiores economias mundiais.<\/p>\n<p>O crescimento econ\u00f4mico nos EUA vai passar de 2,9% em 2018 e 2,5% em 2019 para 1,6% em 2020, segundo o relat\u00f3rio, enquanto na China se espera um crescimento de 6,5% em 2018 e 6,2% tanto em 2019 como em 2020.<\/p>\n<p>Um crescimento mais t\u00edmido tamb\u00e9m foi previsto para o conjunto dos pa\u00edses da zona do euro, que deve chegar a 1,9% em 2018 e 1,6% em 2019.<\/p>\n<p>\u201cNo come\u00e7o de 2018, a economia global estava funcionando a pleno rendimento, mas perdeu velocidade durante o ano, e o caminho pode ter ainda mais percal\u00e7os no ano\u201d, afirmou Kristalina Georgieva, diretora-executiva do Banco Mundial.<\/p>\n<p>O boletim ressalta que \u201ca recupera\u00e7\u00e3o dos exportadores de mat\u00e9rias-primas estagnou, enquanto a atividade nos importadores destes produtos desacelerou\u201d. Al\u00e9m disso, o relat\u00f3rio cita v\u00e1rios fatores que podem conter ainda mais a economia global.<\/p>\n<p>\u201cUm ajuste mais abrupto dos custos de financiamento pode deprimir os fluxos de capital e levar a um menor crescimento em muitos mercados emergentes\u201d, disse o \u00f3rg\u00e3o em rela\u00e7\u00e3o ao progressivo ritmo de aumento de juros realizado pelo banco central dos Estados Unidos \u2013 Federal Reserve, ou Fed.<\/p>\n<p>Al\u00e9m disso, h\u00e1 no horizonte uma previs\u00edvel redu\u00e7\u00e3o da demanda externa, elevados n\u00edveis de endividamento \u2013 p\u00fablicos e privados \u2013 e uma temida intensifica\u00e7\u00e3o das tens\u00f5es comerciais.<\/p>\n<p>\u00a0<\/p>\n<p><strong>Fonte: Carta Capital<\/strong><\/p>\n","protected":false},"excerpt":{"rendered":"<p>O Banco Mundial diminuiu nesta ter\u00e7a-feira 8 as previs\u00f5es de crescimento feitas para o Brasil. A estimativa \u00e9 que a economia do pa\u00eds cres\u00e7a 2,2% em 2019 \u2013 0,3 ponto percentual a menos do que o previsto num relat\u00f3rio elaborado em junho do ano passado. O \u00f3rg\u00e3o multilateral estimou ainda que o pa\u00eds cresceu apenas [&hellip;]<\/p>\n","protected":false},"author":2,"featured_media":5878,"comment_status":"","ping_status":"","sticky":false,"template":"","format":"standard","meta":{"footnotes":""},"categories":[3],"tags":[],"class_list":["post-5879","post","type-post","status-publish","format-standard","has-post-thumbnail","hentry","category-noticias"],"_links":{"self":[{"href":"https:\/\/hostnetart.com.br\/baixada\/wp-json\/wp\/v2\/posts\/5879","targetHints":{"allow":["GET"]}}],"collection":[{"href":"https:\/\/hostnetart.com.br\/baixada\/wp-json\/wp\/v2\/posts"}],"about":[{"href":"https:\/\/hostnetart.com.br\/baixada\/wp-json\/wp\/v2\/types\/post"}],"author":[{"embeddable":true,"href":"https:\/\/hostnetart.com.br\/baixada\/wp-json\/wp\/v2\/users\/2"}],"replies":[{"embeddable":true,"href":"https:\/\/hostnetart.com.br\/baixada\/wp-json\/wp\/v2\/comments?post=5879"}],"version-history":[{"count":0,"href":"https:\/\/hostnetart.com.br\/baixada\/wp-json\/wp\/v2\/posts\/5879\/revisions"}],"wp:featuredmedia":[{"embeddable":true,"href":"https:\/\/hostnetart.com.br\/baixada\/wp-json\/wp\/v2\/media\/5878"}],"wp:attachment":[{"href":"https:\/\/hostnetart.com.br\/baixada\/wp-json\/wp\/v2\/media?parent=5879"}],"wp:term":[{"taxonomy":"category","embeddable":true,"href":"https:\/\/hostnetart.com.br\/baixada\/wp-json\/wp\/v2\/categories?post=5879"},{"taxonomy":"post_tag","embeddable":true,"href":"https:\/\/hostnetart.com.br\/baixada\/wp-json\/wp\/v2\/tags?post=5879"}],"curies":[{"name":"wp","href":"https:\/\/api.w.org\/{rel}","templated":true}]}}