{"id":5871,"date":"2019-01-09T12:58:03","date_gmt":"2019-01-09T14:58:03","guid":{"rendered":"https:\/\/hostnetart.com.br\/baixada\/contraf-cut-critica-declaracoes-de-novos-presidentes-dos-bancos-publicos\/"},"modified":"2019-01-09T12:58:03","modified_gmt":"2019-01-09T14:58:03","slug":"contraf-cut-critica-declaracoes-de-novos-presidentes-dos-bancos-publicos","status":"publish","type":"post","link":"https:\/\/hostnetart.com.br\/baixada\/contraf-cut-critica-declaracoes-de-novos-presidentes-dos-bancos-publicos\/","title":{"rendered":"Contraf-CUT critica declara\u00e7\u00f5es de novos presidentes dos bancos p\u00fablicos"},"content":{"rendered":"<div class=\"content\">\n<p>Os novos presidentes da Caixa Econ\u00f4mica Federal, Banco do Brasil e Banco Nacional de Desenvolvimento Econ\u00f4mico e Social, Pedro Guimar\u00e3es, Rubem Novaes e Joaquim Levy, respectivamente, mostraram, j\u00e1 na primeira entrevista durante suas posses, que os bancos p\u00fablicos perder\u00e3o sua import\u00e2ncia na carteira de cr\u00e9dito do pa\u00eds, que chegou a ser de 55,8% do estoque em 2015. Essa participa\u00e7\u00e3o recuou no governo Temer com uma forte desacelera\u00e7\u00e3o do BNDES e mudan\u00e7as na gest\u00e3o de BB e Caixa. No fim de novembro de 2018 estava em 51,7%.<\/p>\n<p>Os brasileiros ter\u00e3o que arcar com taxas de juros mais altas, cobradas pelos bancos privados. Isso ficou claro na declara\u00e7\u00e3o do novo presidente da Caixa. Pedro Guimar\u00e3es disse que a classe m\u00e9dia, se quiser adquirir um im\u00f3vel, ter\u00e1 que arcar com as taxas de mercado, mais altas, cobradas pelos bancos privados.<\/p>\n<p><strong>Cr\u00e9dito direcionado versus spreads livres<\/strong><br \/>Para o secret\u00e1rio de Finan\u00e7as da Confedera\u00e7\u00e3o Nacional dos Trabalhadores do Ramo Financeiro (Contraf-CUT), Sergio Takemoto, as declara\u00e7\u00f5es repetem os argumentos das institui\u00e7\u00f5es financeiras privadas, que alegam cobrar altas taxas de juros pelo cr\u00e9dito livre para compensar o spread mais baixo do cr\u00e9dito direcionado. \u201cMas, os bancos privados pouco atuam no mercado de cr\u00e9dito direcionado. N\u00e3o justifica as altas taxas cobradas no cr\u00e9dito livre\u201d, disse.<\/p>\n<p>\u00a0 \u00a0 \u00a0<strong>&gt;<\/strong>\u00a0<ins><em><a href=\"http:\/\/www.contrafcut.org.br\/noticias\/novos-presidentes-de-bancos-publicos-tem-cabeca-de-banqueiros-privados-dc4d\/\" target=\"_blank\" rel=\"noopener noreferrer\">Novos presidentes de bancos p\u00fablicos t\u00eam cabe\u00e7a de banqueiros privados<\/a><\/em><\/ins><\/p>\n<p>Al\u00e9m disso, Takemoto observa que h\u00e1 a inten\u00e7\u00e3o de limitar a atua\u00e7\u00e3o dos bancos p\u00fablicos \u00e0 popula\u00e7\u00e3o mais pobre. \u201cIsso seria aceit\u00e1vel se n\u00e3o soub\u00e9ssemos que, por traz deste jogo, est\u00e1 o interesse dos bancos privados. Eles n\u00e3o querem atender a esse p\u00fablico. Querem apenas o filet mignon, que garante maior rentabilidade, sem a concorr\u00eancia dos bancos p\u00fablicos no segmento\u201d, completou.<\/p>\n<p>O dirigente da Contraf-CUT explicou que os bancos privados n\u00e3o t\u00eam interesse em financiar, por exemplo, a constru\u00e7\u00e3o de im\u00f3veis voltados \u00e0 popula\u00e7\u00e3o da faixa de renda 1, com rendimento de at\u00e9 R$ 1.800,00\/m\u00eas. \u201cEles sempre puderam oferecer linhas de cr\u00e9dito para esse p\u00fablico. Mas, como precisam abrir m\u00e3o de suas altas taxas, n\u00e3o t\u00eam interesse. Al\u00e9m do mais, n\u00e3o querem trazer esse p\u00fablico para dentro de suas ag\u00eancias. Sabem que essas pessoas n\u00e3o t\u00eam como adquirir outros produtos. E os bancos privados est\u00e3o atr\u00e1s de consumidores, para ampliarem ainda mais os seus lucros\u201d, disse.<\/p>\n<p>\u00a0 \u00a0\u00a0<strong>\u00a0&gt;<\/strong>\u00a0<ins><em><a href=\"http:\/\/www.contrafcut.org.br\/noticias\/os-cinco-maiores-bancos-do-pais-lucraram-mais-de-r-65-bi-ate-o-3-trimestre-de-20-5b98\/\" target=\"_blank\" rel=\"noopener noreferrer\">Os cinco maiores bancos do pa\u00eds lucraram mais de R$ 65 bi at\u00e9 o 3\u00ba trimestre de 2018<\/a><\/em><\/ins><\/p>\n<p><strong>Reserva de mercado<\/strong><br \/>Takemoto disse ainda que as declara\u00e7\u00f5es dos novos presidentes dos bancos p\u00fablicos, empossados nesta segunda-feira (7), em conson\u00e2ncia com o ministro da Economia, Paulo Guedes, de que o cr\u00e9dito no pa\u00eds precisa ser \u201cdesestatizado\u201d, n\u00e3o \u00e9 nada mais do que a abertura de espa\u00e7o para atua\u00e7\u00e3o sem concorr\u00eancia das institui\u00e7\u00f5es privadas.<\/p>\n<p>\u201cFalam tanto em livre mercado, em livre concorr\u00eancia, mas n\u00e3o querem que o Estado entre na disputa. Querem ganhar quanto quiserem atuando em cartel, sem o que chamam de \u2018interfer\u00eancia estatal\u2019. Querem uma reserva de mercado\u201d, criticou Takemoto.<\/p>\n<p>Para o dirigente da Contraf-CUT, o Estado precisa atuar para regular o mercado e os bancos p\u00fablicos s\u00e3o fundamentais para o sucesso desta tarefa. \u201cSen\u00e3o os bancos far\u00e3o o que quiserem. Em 2008 vimos, nos Estados Unidos e no mundo, o que acontece quando deixamos para que o mercado financeiro se autorregule\u201d, disse o dirigente da Contraf-CUT, lembrando que no Brasil, os bancos p\u00fablicos garantiram a circula\u00e7\u00e3o de capital. \u201cOs privados negavam cr\u00e9dito e se omitiam de sua responsabilidade de contribuir com a defesa da economia e o desenvolvimento socioecon\u00f4mico do pa\u00eds, como determina o artigo 192 da Constitui\u00e7\u00e3o Federal\u201d.<\/p>\n<p>O artigo 192 da Constitui\u00e7\u00e3o Federal diz que o sistema financeiro nacional deve ser estruturado de forma a promover o desenvolvimento equilibrado do pa\u00eds e a servir aos interesses da coletividade.<\/p>\n<p>\u201cPor isso, as entidades sindicais lutam, junto com os banc\u00e1rios e a popula\u00e7\u00e3o, pela manuten\u00e7\u00e3o e fortalecimento dos bancos p\u00fablicos\u201d, concluiu Takemoto.<\/p>\n<p><strong>Leia tamb\u00e9m:<\/strong><br \/>\u00a0 \u00a0 \u00a0<strong>&gt;<\/strong>\u00a0<em><ins><a href=\"http:\/\/www.contrafcut.org.br\/noticias\/brasileiros-sao-contra-privatizacoes-e-reducao-de-direitos-trabalhistas-cc4c\/\" target=\"_blank\" rel=\"noopener noreferrer\">Brasileiros s\u00e3o contra privatiza\u00e7\u00f5es e redu\u00e7\u00e3o de direitos trabalhistas<\/a><\/ins><\/em><br \/>\u00a0 \u00a0 \u00a0<strong>&gt;<\/strong>\u00a0<em><ins><a href=\"http:\/\/www.contrafcut.org.br\/noticias\/bancarios-realizam-dia-nacional-em-defesa-dos-bancos-publicos-c980\/\" target=\"_blank\" rel=\"noopener noreferrer\">Banc\u00e1rios realizam Dia Nacional em Defesa dos Bancos P\u00fablicos<\/a><\/ins><\/em><\/p>\n<\/div>\n<p id=\"page-author\"><span style=\"text-decoration: underline;\"><strong>Fonte: Contraf-CUT<\/strong><\/span><\/p>\n","protected":false},"excerpt":{"rendered":"<p>Os novos presidentes da Caixa Econ\u00f4mica Federal, Banco do Brasil e Banco Nacional de Desenvolvimento Econ\u00f4mico e Social, Pedro Guimar\u00e3es, Rubem Novaes e Joaquim Levy, respectivamente, mostraram, j\u00e1 na primeira entrevista durante suas posses, que os bancos p\u00fablicos perder\u00e3o sua import\u00e2ncia na carteira de cr\u00e9dito do pa\u00eds, que chegou a ser de 55,8% do estoque [&hellip;]<\/p>\n","protected":false},"author":2,"featured_media":5870,"comment_status":"","ping_status":"","sticky":false,"template":"","format":"standard","meta":{"footnotes":""},"categories":[3],"tags":[],"class_list":["post-5871","post","type-post","status-publish","format-standard","has-post-thumbnail","hentry","category-noticias"],"_links":{"self":[{"href":"https:\/\/hostnetart.com.br\/baixada\/wp-json\/wp\/v2\/posts\/5871","targetHints":{"allow":["GET"]}}],"collection":[{"href":"https:\/\/hostnetart.com.br\/baixada\/wp-json\/wp\/v2\/posts"}],"about":[{"href":"https:\/\/hostnetart.com.br\/baixada\/wp-json\/wp\/v2\/types\/post"}],"author":[{"embeddable":true,"href":"https:\/\/hostnetart.com.br\/baixada\/wp-json\/wp\/v2\/users\/2"}],"replies":[{"embeddable":true,"href":"https:\/\/hostnetart.com.br\/baixada\/wp-json\/wp\/v2\/comments?post=5871"}],"version-history":[{"count":0,"href":"https:\/\/hostnetart.com.br\/baixada\/wp-json\/wp\/v2\/posts\/5871\/revisions"}],"wp:featuredmedia":[{"embeddable":true,"href":"https:\/\/hostnetart.com.br\/baixada\/wp-json\/wp\/v2\/media\/5870"}],"wp:attachment":[{"href":"https:\/\/hostnetart.com.br\/baixada\/wp-json\/wp\/v2\/media?parent=5871"}],"wp:term":[{"taxonomy":"category","embeddable":true,"href":"https:\/\/hostnetart.com.br\/baixada\/wp-json\/wp\/v2\/categories?post=5871"},{"taxonomy":"post_tag","embeddable":true,"href":"https:\/\/hostnetart.com.br\/baixada\/wp-json\/wp\/v2\/tags?post=5871"}],"curies":[{"name":"wp","href":"https:\/\/api.w.org\/{rel}","templated":true}]}}