{"id":5867,"date":"2019-01-08T13:39:03","date_gmt":"2019-01-08T15:39:03","guid":{"rendered":"https:\/\/hostnetart.com.br\/baixada\/justica-do-trabalho-e-imprescindivel-para-garantir-direitos-diz-oab\/"},"modified":"2019-01-08T13:39:03","modified_gmt":"2019-01-08T15:39:03","slug":"justica-do-trabalho-e-imprescindivel-para-garantir-direitos-diz-oab","status":"publish","type":"post","link":"https:\/\/hostnetart.com.br\/baixada\/justica-do-trabalho-e-imprescindivel-para-garantir-direitos-diz-oab\/","title":{"rendered":"Justi\u00e7a do Trabalho \u00e9 &#8216;imprescind\u00edvel&#8217; para garantir direitos, diz OAB"},"content":{"rendered":"<p>A Justi\u00e7a do Trabalho &#8220;\u00e9 imprescind\u00edvel para a efetiva\u00e7\u00e3o de direitos consagrados na Constitui\u00e7\u00e3o Federal&#8221;, afirmam em nota o Conselho Federal da Ordem dos Advogados do Brasil (OAB) e o Col\u00e9gio de Presidentes de Seccionais. &#8220;A OAB alerta para o preju\u00edzo que propostas de extin\u00e7\u00e3o de um ramo fundamental da Justi\u00e7a pode trazer a toda a sociedade&#8221;, acrescentam. A manifesta\u00e7\u00e3o\u00a0<span class=\"internal-link\">refere-se \u00e0 possibilidade,\u00a0<\/span><a class=\"internal-link\" title=\"\" href=\"https:\/\/www.redebrasilatual.com.br\/trabalho\/2019\/01\/justica-do-trabalho-bolsonaro\" target=\"_blank\" rel=\"noopener noreferrer\">admitida pelo presidente Jair Bolsonaro<\/a><span class=\"internal-link\">, de extin\u00e7\u00e3o desse ramo do Judici\u00e1rio<\/span>.<\/p>\n<p>&#8220;Neste momento marcado por crise econ\u00f4mica, \u00e9 preciso defender e valorizar a exist\u00eancia de uma Justi\u00e7a dedicada a solucionar conflitos e orientar as condutas no mundo do trabalho. Longe de ser empecilho ao desenvolvimento econ\u00f4mico do pa\u00eds, a Justi\u00e7a do Trabalho atua para garantir a paz social de milhares de trabalhadores e contribui para a seguran\u00e7a jur\u00eddica e o aperfei\u00e7oamento nas rela\u00e7\u00f5es com os empregadores&#8221;, afirmam as entidades da OAB.<\/p>\n<p>Na nota, a Ordem diz ainda que o sistema de Justi\u00e7a precisa de avan\u00e7os. &#8220;Muitos magistrados, inclusive que atuam na \u00e1rea trabalhista, precisam compreender que o respeito \u00e0s prerrogativas profissionais da advocacia n\u00e3o \u00e9 apenas uma obriga\u00e7\u00e3o legal como tamb\u00e9m uma atitude de valoriza\u00e7\u00e3o da cidadania, que contribui para o cumprimento dos objetivos da Justi\u00e7a.&#8221;<\/p>\n<p>A entidade diz estar &#8220;\u00e0 disposi\u00e7\u00e3o&#8221; do governo para defender &#8220;efici\u00eancia no Poder\u00a0Judici\u00e1rio e formas para a sua moderniza\u00e7\u00e3o&#8221;, mas acrescenta que &#8220;se manter\u00e1 firme na luta contra tentativas de extin\u00e7\u00e3o ou de fragiliza\u00e7\u00e3o da Justi\u00e7a do Trabalho ou de qualquer outro ramo judicial que importe defici\u00eancia no acesso \u00e0 Justi\u00e7a&#8221;.<\/p>\n<p>\u00a0<\/p>\n<p><strong>Fonte: Rede Brasil Atual<\/strong><\/p>\n","protected":false},"excerpt":{"rendered":"<p>A Justi\u00e7a do Trabalho &#8220;\u00e9 imprescind\u00edvel para a efetiva\u00e7\u00e3o de direitos consagrados na Constitui\u00e7\u00e3o Federal&#8221;, afirmam em nota o Conselho Federal da Ordem dos Advogados do Brasil (OAB) e o Col\u00e9gio de Presidentes de Seccionais. &#8220;A OAB alerta para o preju\u00edzo que propostas de extin\u00e7\u00e3o de um ramo fundamental da Justi\u00e7a pode trazer a toda [&hellip;]<\/p>\n","protected":false},"author":2,"featured_media":5866,"comment_status":"","ping_status":"","sticky":false,"template":"","format":"standard","meta":{"footnotes":""},"categories":[3],"tags":[],"class_list":["post-5867","post","type-post","status-publish","format-standard","has-post-thumbnail","hentry","category-noticias"],"_links":{"self":[{"href":"https:\/\/hostnetart.com.br\/baixada\/wp-json\/wp\/v2\/posts\/5867","targetHints":{"allow":["GET"]}}],"collection":[{"href":"https:\/\/hostnetart.com.br\/baixada\/wp-json\/wp\/v2\/posts"}],"about":[{"href":"https:\/\/hostnetart.com.br\/baixada\/wp-json\/wp\/v2\/types\/post"}],"author":[{"embeddable":true,"href":"https:\/\/hostnetart.com.br\/baixada\/wp-json\/wp\/v2\/users\/2"}],"replies":[{"embeddable":true,"href":"https:\/\/hostnetart.com.br\/baixada\/wp-json\/wp\/v2\/comments?post=5867"}],"version-history":[{"count":0,"href":"https:\/\/hostnetart.com.br\/baixada\/wp-json\/wp\/v2\/posts\/5867\/revisions"}],"wp:featuredmedia":[{"embeddable":true,"href":"https:\/\/hostnetart.com.br\/baixada\/wp-json\/wp\/v2\/media\/5866"}],"wp:attachment":[{"href":"https:\/\/hostnetart.com.br\/baixada\/wp-json\/wp\/v2\/media?parent=5867"}],"wp:term":[{"taxonomy":"category","embeddable":true,"href":"https:\/\/hostnetart.com.br\/baixada\/wp-json\/wp\/v2\/categories?post=5867"},{"taxonomy":"post_tag","embeddable":true,"href":"https:\/\/hostnetart.com.br\/baixada\/wp-json\/wp\/v2\/tags?post=5867"}],"curies":[{"name":"wp","href":"https:\/\/api.w.org\/{rel}","templated":true}]}}