{"id":5857,"date":"2019-01-07T16:34:24","date_gmt":"2019-01-07T18:34:24","guid":{"rendered":"https:\/\/hostnetart.com.br\/baixada\/brasileiros-sao-contra-privatizacoes-e-reducao-de-direitos-trabalhistas\/"},"modified":"2019-01-07T16:34:24","modified_gmt":"2019-01-07T18:34:24","slug":"brasileiros-sao-contra-privatizacoes-e-reducao-de-direitos-trabalhistas","status":"publish","type":"post","link":"https:\/\/hostnetart.com.br\/baixada\/brasileiros-sao-contra-privatizacoes-e-reducao-de-direitos-trabalhistas\/","title":{"rendered":"Brasileiros s\u00e3o contra privatiza\u00e7\u00f5es e redu\u00e7\u00e3o de direitos trabalhistas"},"content":{"rendered":"<div class=\"content\">\n<p>Mesmo tendo eleito candidatos que se diziam comprometidos com princ\u00edpios liberais, pesquisa realizada pelo DataFolha aponta que os brasileiros s\u00e3o contra as privatiza\u00e7\u00f5es e tamb\u00e9m n\u00e3o querem a redu\u00e7\u00e3o de direitos trabalhistas, dois dos itens mais associados ao ide\u00e1rio liberal.<\/p>\n<p>Para o secret\u00e1rio de Finan\u00e7as da Confedera\u00e7\u00e3o Nacional dos Trabalhadores do Ramo Financeiro (Contraf-CUT), Sergio Takemoto, a pesquisa serve para mostrar o acerto das mobiliza\u00e7\u00f5es realizadas pela entidade e pela Central \u00danica dos Trabalhadores (CUT). \u201cEstamos atentos ao que pensa a categoria e conjunto dos trabalhadores e, por isso, somos contra a venda das empresas p\u00fablicas e contra o corte de direitos trabalhistas\u201d, disse.<\/p>\n<p><strong>Privatiza\u00e7\u00f5es<\/strong><br \/> Os dados apontam que 60% dos brasileiros s\u00e3o contra as privatiza\u00e7\u00f5es. Apenas 34% concordam que o governo deve vender o maior n\u00famero poss\u00edvel de suas empresas. Outros 5% n\u00e3o t\u00eam opini\u00e3o formada e 1% \u00e9 indiferente.<\/p>\n<p>\u201cAs empresas p\u00fablicas s\u00e3o sucateadas. N\u00e3o h\u00e1 reposi\u00e7\u00e3o de funcion\u00e1rios, cortam investimentos e mudam o perfil de atua\u00e7\u00e3o. Tudo isso prejudica o atendimento \u00e0 popula\u00e7\u00e3o e o total cumprimento de suas atribui\u00e7\u00f5es. Mesmo assim, a popula\u00e7\u00e3o reconhece a import\u00e2ncia das empresas p\u00fablicas para o desenvolvimento e a manuten\u00e7\u00e3o da soberania nacional\u201d, afirmou o dirigente da Contraf-CUT, lembrando que os bancos p\u00fablicos s\u00e3o respons\u00e1veis pela maior parte da carteira de cr\u00e9dito do pa\u00eds. \u201cA Caixa (Econ\u00f4mica Federal) responde por cerca de 70% dos financiamentos habitacionais do pa\u00eds; Banco do Brasil e Banco do Nordeste s\u00e3o respons\u00e1veis por percentual semelhante do cr\u00e9dito agr\u00edcola; o investimento em infraestrutura \u00e9 feito pelo BNDES (Banco Nacional de Desenvolvimento Econ\u00f4mico e Social)\u201d, lembrou. \u201cSem contar o importante papel para a execu\u00e7\u00e3o das pol\u00edticas sociais do governo, como o ProUni, o Fies, o Bolsa Fam\u00edlia, a administra\u00e7\u00e3o dos recursos do FGTS, entre outras pol\u00edticas governamentais que beneficiam o povo brasileiro e contribuem para o desenvolvimento do pa\u00eds\u201d, completou Takemoto.<\/p>\n<p>Mesmo entre os apoiadores de Jair Bolsonaro e seu partido, o PSL, as privatiza\u00e7\u00f5es n\u00e3o s\u00e3o unanimidade. Apenas 65% deste grupo defendem as privatiza\u00e7\u00f5es.<\/p>\n<p>Na segmenta\u00e7\u00e3o dos dados, vemos que a maior concord\u00e2ncia com a venda das empresas p\u00fablicas se d\u00e1 entre os homens mais ricos, que ganham mais de 10 sal\u00e1rios m\u00ednimos. Ainda assim, somente pouco mais da metade da popula\u00e7\u00e3o (56%) deste grupo concorda com a medida.<\/p>\n<p>Na segmenta\u00e7\u00e3o por g\u00eanero, escolaridade e regi\u00e3o, vemos que os que mais apoiam as privatiza\u00e7\u00f5es \u00e9 o grupo formado por homens com curso superior e moradores das regi\u00f5es Centro-Oeste e Norte do pa\u00eds.<\/p>\n<p>Os grupos formados por mulheres, pessoas com escolaridade m\u00e9dia, moradores do Sul e do Nordeste e mais pobres est\u00e3o entre os que mais discordam da medida.<\/p>\n<p><strong>Direitos trabalhistas<\/strong><br \/> S\u00e3o 57% os que se mostram contr\u00e1rios ao corte de direitos trabalhistas, como os promovidos pela <ins><strong><a href=\"http:\/\/www.planalto.gov.br\/ccivil_03\/_Ato2015-2018\/2017\/Lei\/L13467.htm\" target=\"_blank\" rel=\"noopener noreferrer\">Lei 13.467\/2017<\/a><\/strong><\/ins>. Apenas 40% se mostra favor\u00e1vel ao corte de direitos e 3% n\u00e3o t\u00eam opini\u00e3o formada sobre o tema. Mesmo entre os partid\u00e1rios do PSL, n\u00e3o h\u00e1 uma maioria consolidada de apoiadores da reforma. Apenas 50% deles apoia o corte de direitos dos trabalhadores.<\/p>\n<p>\u201cN\u00e3o h\u00e1 trabalhador que queira perder direitos. Quem defende essas medidas s\u00e3o os empres\u00e1rios\u201d, afirmou o secret\u00e1rio de Finan\u00e7as da Contraf-CUT.<\/p>\n<p>Os homens mais ricos est\u00e3o entre que s\u00e3o mais favor\u00e1veis ao corte de direitos dos trabalhadores. Neste item, a regi\u00e3o Sul \u00e9 onde est\u00e1 o grupo de apoiadores destas medidas.<\/p>\n<p>Entre os mais pobres, mulheres e moradores do Centro-Oeste e Norte do pa\u00eds 6% discordam das medidas.<\/p>\n<p>\u201cTrabalhadores que se dizem favor\u00e1veis ao corte de direitos s\u00e3o, na verdade, informais, que j\u00e1 n\u00e3o t\u00eam direitos, ou que se sentem amea\u00e7ados pelo desemprego. Ao inv\u00e9s de fazer chantagem com os trabalhadores, para que eles aceitem o corte de direitos, o governo deveria implantar pol\u00edticas para inibir a informalidade. Deveria investir para fazer a economia girar e gerar emprego\u201d defendeu o dirigente.<\/p>\n<p>A pesquisa do DataFolha foi realizada nos dias 18 e 19 de dezembro, com 2.077 pessoas em 130 cidades brasileiras. Os dados foram divulgados no s\u00e1bado (7).<\/p>\n<\/div>\n<p id=\"page-author\"><span style=\"text-decoration: underline;\"><strong>Fonte: Contraf-CUT<\/strong><\/span><\/p>\n","protected":false},"excerpt":{"rendered":"<p>Mesmo tendo eleito candidatos que se diziam comprometidos com princ\u00edpios liberais, pesquisa realizada pelo DataFolha aponta que os brasileiros s\u00e3o contra as privatiza\u00e7\u00f5es e tamb\u00e9m n\u00e3o querem a redu\u00e7\u00e3o de direitos trabalhistas, dois dos itens mais associados ao ide\u00e1rio liberal. Para o secret\u00e1rio de Finan\u00e7as da Confedera\u00e7\u00e3o Nacional dos Trabalhadores do Ramo Financeiro (Contraf-CUT), Sergio [&hellip;]<\/p>\n","protected":false},"author":2,"featured_media":5856,"comment_status":"","ping_status":"","sticky":false,"template":"","format":"standard","meta":{"footnotes":""},"categories":[3],"tags":[],"class_list":["post-5857","post","type-post","status-publish","format-standard","has-post-thumbnail","hentry","category-noticias"],"_links":{"self":[{"href":"https:\/\/hostnetart.com.br\/baixada\/wp-json\/wp\/v2\/posts\/5857","targetHints":{"allow":["GET"]}}],"collection":[{"href":"https:\/\/hostnetart.com.br\/baixada\/wp-json\/wp\/v2\/posts"}],"about":[{"href":"https:\/\/hostnetart.com.br\/baixada\/wp-json\/wp\/v2\/types\/post"}],"author":[{"embeddable":true,"href":"https:\/\/hostnetart.com.br\/baixada\/wp-json\/wp\/v2\/users\/2"}],"replies":[{"embeddable":true,"href":"https:\/\/hostnetart.com.br\/baixada\/wp-json\/wp\/v2\/comments?post=5857"}],"version-history":[{"count":0,"href":"https:\/\/hostnetart.com.br\/baixada\/wp-json\/wp\/v2\/posts\/5857\/revisions"}],"wp:featuredmedia":[{"embeddable":true,"href":"https:\/\/hostnetart.com.br\/baixada\/wp-json\/wp\/v2\/media\/5856"}],"wp:attachment":[{"href":"https:\/\/hostnetart.com.br\/baixada\/wp-json\/wp\/v2\/media?parent=5857"}],"wp:term":[{"taxonomy":"category","embeddable":true,"href":"https:\/\/hostnetart.com.br\/baixada\/wp-json\/wp\/v2\/categories?post=5857"},{"taxonomy":"post_tag","embeddable":true,"href":"https:\/\/hostnetart.com.br\/baixada\/wp-json\/wp\/v2\/tags?post=5857"}],"curies":[{"name":"wp","href":"https:\/\/api.w.org\/{rel}","templated":true}]}}