{"id":5855,"date":"2019-01-07T16:33:25","date_gmt":"2019-01-07T18:33:25","guid":{"rendered":"https:\/\/hostnetart.com.br\/baixada\/antecipacao-de-recursos-pelo-bndes-e-inviavel\/"},"modified":"2019-01-07T16:33:25","modified_gmt":"2019-01-07T18:33:25","slug":"antecipacao-de-recursos-pelo-bndes-e-inviavel","status":"publish","type":"post","link":"https:\/\/hostnetart.com.br\/baixada\/antecipacao-de-recursos-pelo-bndes-e-inviavel\/","title":{"rendered":"Antecipa\u00e7\u00e3o de recursos pelo BNDES \u00e9 invi\u00e1vel"},"content":{"rendered":"<div class=\"content\">\n<p>O ministro da Economia, Paulo Guedes, defendeu, em seu primeiro discurso ap\u00f3s empossado o que chamou de desestatiza\u00e7\u00e3o do mercado de cr\u00e9dito no pa\u00eds ao dizer que vai exigir que o Banco Nacional de Desenvolvimento Econ\u00f4mico e Social (BNDES) devolva antecipadamente mais R$ 200 bilh\u00f5es ao Tesouro Nacional, achatando os investimentos no pa\u00eds e reduzindo o papel do banco na economia.<\/p>\n<p>&#8220;Do BNDES, por exemplo, queremos o dinheiro da Uni\u00e3o de volta, queremos despedalar. Queremos os 500 e poucos bilh\u00f5es (de reais) que foram dados. 300 j\u00e1 voltaram? S\u00f3 faltam 200&#8221;, afirmou Guedes em seu discurso.<\/p>\n<p>Para o vice-presidente da Associa\u00e7\u00e3o de Funcion\u00e1rios do banco (AFBNDES), Arthur Koblitz, a devolu\u00e7\u00e3o antecipada \u00e9 invi\u00e1vel. \u201c\u00c9 equivalente a falar que vai acabar com o BNDES&#8221;, disse em <a href=\"https:\/\/br.investing.com\/news\/economy-news\/devolucao-de-mais-r200-bi-ao-tesouro-e-inviavel-e-vai-acabar-com-bndes-diz-representante-de-funcionarios-626182#comments\" target=\"_blank\" rel=\"noopener noreferrer\"><strong><ins>entrevista para a Reuters<\/ins><\/strong><\/a>, ag\u00eancia de not\u00edcias estrangeira. &#8220;Est\u00e1 todo mundo muito preocupado, a gente n\u00e3o quer acreditar que quem vai assumir a diretoria do banco vai assumir com essa agenda&#8221;, continuou. &#8220;Se a antecipa\u00e7\u00e3o desses R$ 200 bilh\u00f5es acontecer \u00e9 para liquidar o BNDES.&#8221;<\/p>\n<p>O novo presidente do BNDES ser\u00e1 Joaquim Levy, que tomar\u00e1 posse na segunda-feira. Ele tem o pensamento alinhado com o do ministro da Economia. Ambos t\u00eam doutorado na Universidade de Chicago, considerada o templo mundial do liberalismo econ\u00f4mico.<\/p>\n<p><strong>Antecipa\u00e7\u00e3o dos recursos<\/strong><br \/> O banco de fomento ainda deve R$ 270 bilh\u00f5es \u00e0 Uni\u00e3o, por empr\u00e9stimos que recebeu para sustentar seus programas, que devem ser liquidados em prazos de devolu\u00e7\u00e3o definidos para at\u00e9 60 anos. Desde 2015, contudo, o BNDES vem sendo obrigado a antecipar a devolu\u00e7\u00e3o desses recursos. A liquida\u00e7\u00e3o j\u00e1 soma R$ 310 bilh\u00f5es de reais, sendo que R$ 130 bilh\u00f5es foram devolvidos em 2018.<\/p>\n<p>\u201c\u00c9 uma mostra de que o novo governo continuar\u00e1 seguindo a mesma linha dos \u00faltimos dois anos. Sucateamento dos bancos p\u00fablicos, com a minimiza\u00e7\u00e3o do fomento ao cr\u00e9dito e o desrespeito ao seu papel social de contribuir com o desenvolvimento social do pa\u00eds\u201d, disse o secret\u00e1rio de Finan\u00e7as da Confedera\u00e7\u00e3o Nacional dos Trabalhadores do Ramo Financeiro (Contraf-CUT), Sergio Takemoto.<\/p>\n<p>Koblitz, da AFBNDES, disse que a entidade j\u00e1 procurou intermedi\u00e1rios de Levy para conversar a respeito do tema, mas que um encontro ainda n\u00e3o foi marcado.<\/p>\n<p>Ele defendeu que sem uma atua\u00e7\u00e3o do banco de fomento a alternativa de financiamento seria os bancos estrangeiros, com capta\u00e7\u00f5es em d\u00f3lares sujeitas \u00e0s varia\u00e7\u00f5es cambiais. Em rela\u00e7\u00e3o aos bancos nacionais, disse que eles &#8220;nem capital de giro fazem direito&#8221;.<\/p>\n<p>\u201cSe h\u00e1 equ\u00edvocos em pol\u00edticas de apoio do BNDES, isso pode e deve ser debatido sob um vi\u00e9s t\u00e9cnico, e n\u00e3o pol\u00edtico\u201d, concluiu Koblitz.<\/p>\n<\/div>\n<p id=\"page-author\"><span style=\"text-decoration: underline;\"><strong>Fonte: Contraf-CUT, com informa\u00e7\u00f5es da Reuters<\/strong><\/span><\/p>\n","protected":false},"excerpt":{"rendered":"<p>O ministro da Economia, Paulo Guedes, defendeu, em seu primeiro discurso ap\u00f3s empossado o que chamou de desestatiza\u00e7\u00e3o do mercado de cr\u00e9dito no pa\u00eds ao dizer que vai exigir que o Banco Nacional de Desenvolvimento Econ\u00f4mico e Social (BNDES) devolva antecipadamente mais R$ 200 bilh\u00f5es ao Tesouro Nacional, achatando os investimentos no pa\u00eds e reduzindo [&hellip;]<\/p>\n","protected":false},"author":2,"featured_media":5854,"comment_status":"","ping_status":"","sticky":false,"template":"","format":"standard","meta":{"footnotes":""},"categories":[3],"tags":[],"class_list":["post-5855","post","type-post","status-publish","format-standard","has-post-thumbnail","hentry","category-noticias"],"_links":{"self":[{"href":"https:\/\/hostnetart.com.br\/baixada\/wp-json\/wp\/v2\/posts\/5855","targetHints":{"allow":["GET"]}}],"collection":[{"href":"https:\/\/hostnetart.com.br\/baixada\/wp-json\/wp\/v2\/posts"}],"about":[{"href":"https:\/\/hostnetart.com.br\/baixada\/wp-json\/wp\/v2\/types\/post"}],"author":[{"embeddable":true,"href":"https:\/\/hostnetart.com.br\/baixada\/wp-json\/wp\/v2\/users\/2"}],"replies":[{"embeddable":true,"href":"https:\/\/hostnetart.com.br\/baixada\/wp-json\/wp\/v2\/comments?post=5855"}],"version-history":[{"count":0,"href":"https:\/\/hostnetart.com.br\/baixada\/wp-json\/wp\/v2\/posts\/5855\/revisions"}],"wp:featuredmedia":[{"embeddable":true,"href":"https:\/\/hostnetart.com.br\/baixada\/wp-json\/wp\/v2\/media\/5854"}],"wp:attachment":[{"href":"https:\/\/hostnetart.com.br\/baixada\/wp-json\/wp\/v2\/media?parent=5855"}],"wp:term":[{"taxonomy":"category","embeddable":true,"href":"https:\/\/hostnetart.com.br\/baixada\/wp-json\/wp\/v2\/categories?post=5855"},{"taxonomy":"post_tag","embeddable":true,"href":"https:\/\/hostnetart.com.br\/baixada\/wp-json\/wp\/v2\/tags?post=5855"}],"curies":[{"name":"wp","href":"https:\/\/api.w.org\/{rel}","templated":true}]}}