{"id":5847,"date":"2019-01-04T16:59:17","date_gmt":"2019-01-04T18:59:17","guid":{"rendered":"https:\/\/hostnetart.com.br\/baixada\/funcionarios-do-santander-podem-concorrer-a-bolsa-de-estudo\/"},"modified":"2019-01-04T16:59:17","modified_gmt":"2019-01-04T18:59:17","slug":"funcionarios-do-santander-podem-concorrer-a-bolsa-de-estudo","status":"publish","type":"post","link":"https:\/\/hostnetart.com.br\/baixada\/funcionarios-do-santander-podem-concorrer-a-bolsa-de-estudo\/","title":{"rendered":"Funcion\u00e1rios do Santander podem concorrer a bolsa de estudo"},"content":{"rendered":"<div class=\"content\">\n<p>Os funcion\u00e1rios do banco Santander t\u00eam at\u00e9 o dia 21 de janeiro para se inscrever no programa de bolsas de estudo do banco. Conquista da categoria por meio de suas entidades representativas, o programa est\u00e1 previsto no Acordo Aditivo de Trabalho (ACT) com vig\u00eancia at\u00e9 agosto de 2021.<\/p>\n<p>Ser\u00e3o disponibilizadas 2 mil bolsas de at\u00e9 50% para gradua\u00e7\u00e3o e 500 para p\u00f3s-gradua\u00e7\u00e3o, limitadas ao valor de R$ 617, reajustado de acordo com o \u00edndice conquistado pela categoria (5%). O crit\u00e9rio de desempate para a concess\u00e3o das bolsas \u00e9 social.<\/p>\n<p>\u201cOs funcion\u00e1rios podem ampliar sua forma\u00e7\u00e3o. Preparar-se melhor para exercer suas atribui\u00e7\u00f5es sociais e profissional\u201d, observou Mario Raia, secret\u00e1rio de Estudos Socioecon\u00f4micos e representante da Confedera\u00e7\u00e3o Nacional dos Trabalhadores do Ramo Financeiro (Contraf-CUT) na Comiss\u00e3o de Organiza\u00e7\u00e3o dos Empregados (COE), que representam os banc\u00e1rios nas negocia\u00e7\u00f5es com o Santander.<\/p>\n<p>Mario lembra que este \u00e9 mais um dos direitos conquistados pelos trabalhadores na mesa de negocia\u00e7\u00f5es com o banco. \u201cQuerem que a gente acredite que se tratam de benef\u00edcios. Na verdade, s\u00e3o direitos, conquistados ap\u00f3s muitas reuni\u00f5es, muita luta dos trabalhadores. O banco n\u00e3o nos d\u00e1 nada de m\u00e3o beijada\u201d, disse o dirigente da Contraf-CUT, ressaltando a import\u00e2ncia da contribui\u00e7\u00e3o da categoria e da filia\u00e7\u00e3o sindical para a manuten\u00e7\u00e3o das organiza\u00e7\u00f5es de representa\u00e7\u00e3o dos trabalhadores.<\/p>\n<\/div>\n<p id=\"page-author\"><strong>Fonte: Contraf-CUT<\/strong><\/p>\n","protected":false},"excerpt":{"rendered":"<p>Os funcion\u00e1rios do banco Santander t\u00eam at\u00e9 o dia 21 de janeiro para se inscrever no programa de bolsas de estudo do banco. Conquista da categoria por meio de suas entidades representativas, o programa est\u00e1 previsto no Acordo Aditivo de Trabalho (ACT) com vig\u00eancia at\u00e9 agosto de 2021. Ser\u00e3o disponibilizadas 2 mil bolsas de at\u00e9 [&hellip;]<\/p>\n","protected":false},"author":2,"featured_media":5846,"comment_status":"","ping_status":"","sticky":false,"template":"","format":"standard","meta":{"footnotes":""},"categories":[3],"tags":[],"class_list":["post-5847","post","type-post","status-publish","format-standard","has-post-thumbnail","hentry","category-noticias"],"_links":{"self":[{"href":"https:\/\/hostnetart.com.br\/baixada\/wp-json\/wp\/v2\/posts\/5847","targetHints":{"allow":["GET"]}}],"collection":[{"href":"https:\/\/hostnetart.com.br\/baixada\/wp-json\/wp\/v2\/posts"}],"about":[{"href":"https:\/\/hostnetart.com.br\/baixada\/wp-json\/wp\/v2\/types\/post"}],"author":[{"embeddable":true,"href":"https:\/\/hostnetart.com.br\/baixada\/wp-json\/wp\/v2\/users\/2"}],"replies":[{"embeddable":true,"href":"https:\/\/hostnetart.com.br\/baixada\/wp-json\/wp\/v2\/comments?post=5847"}],"version-history":[{"count":0,"href":"https:\/\/hostnetart.com.br\/baixada\/wp-json\/wp\/v2\/posts\/5847\/revisions"}],"wp:featuredmedia":[{"embeddable":true,"href":"https:\/\/hostnetart.com.br\/baixada\/wp-json\/wp\/v2\/media\/5846"}],"wp:attachment":[{"href":"https:\/\/hostnetart.com.br\/baixada\/wp-json\/wp\/v2\/media?parent=5847"}],"wp:term":[{"taxonomy":"category","embeddable":true,"href":"https:\/\/hostnetart.com.br\/baixada\/wp-json\/wp\/v2\/categories?post=5847"},{"taxonomy":"post_tag","embeddable":true,"href":"https:\/\/hostnetart.com.br\/baixada\/wp-json\/wp\/v2\/tags?post=5847"}],"curies":[{"name":"wp","href":"https:\/\/api.w.org\/{rel}","templated":true}]}}