{"id":5845,"date":"2019-01-03T15:38:13","date_gmt":"2019-01-03T17:38:13","guid":{"rendered":"https:\/\/hostnetart.com.br\/baixada\/por-que-vender-refinarias-da-petrobras-afeta-o-seu-bolso\/"},"modified":"2019-01-03T15:38:13","modified_gmt":"2019-01-03T17:38:13","slug":"por-que-vender-refinarias-da-petrobras-afeta-o-seu-bolso","status":"publish","type":"post","link":"https:\/\/hostnetart.com.br\/baixada\/por-que-vender-refinarias-da-petrobras-afeta-o-seu-bolso\/","title":{"rendered":"Por que vender refinarias da Petrobras afeta o seu bolso?"},"content":{"rendered":"<p>Suspensa desde julho por decis\u00e3o do ministro do STF\u00a0<a href=\"https:\/\/www.cartacapital.com.br\/politica\/lewandowski-e-a-relacao-midia-e-judiciario-8539.html\/\" target=\"_blank\" rel=\"noopener noreferrer\">Ricardo Lewandowski<\/a>, a venda de refinarias, parte do plano de desinvestimento da Petrobras, voltou ao notici\u00e1rio na quarta-feira 5 com a abertura de processo no Conselho Administrativo de Defesa Econ\u00f4mica (Cade) para investigar eventual abuso do poder de mercado.<\/p>\n<p>A a\u00e7\u00e3o surge como nova justificativa para prosseguir no desmonte da estrutura da empresa, agora que a melhora da sua situa\u00e7\u00e3o financeira enfraquece o argumento da suposta necessidade de privatizar \u00e0s carreiras as controladas e outros ativos para reequilibrar suas contas. As refinarias da petroleira atendem a 95% do mercado e obedecem ao artigo n\u00ba 177 da Constitui\u00e7\u00e3o Federal, que estabelece o monop\u00f3lio da Uni\u00e3o na pesquisa e lavra das jazidas de petr\u00f3leo e g\u00e1s natural e a refina\u00e7\u00e3o do petr\u00f3leo nacional ou estrangeiro.<\/p>\n<p>As etapas de refino, transporte e distribui\u00e7\u00e3o percorridas pelo petr\u00f3leo desde a sua extra\u00e7\u00e3o at\u00e9 a entrega de derivados nos postos de servi\u00e7o gasolina agregam valor ao \u00f3leo bruto. Possibilitam ainda transferir de modo gradual as varia\u00e7\u00f5es da cota\u00e7\u00e3o em d\u00f3lar do petr\u00f3leo no mercado internacional aos pre\u00e7os internos em reais dos derivados. Assim foi feito durante os governos do PT, esclareceu o ex-presidente da Petrobras Jos\u00e9 Sergio Gabrielli em entrevista a esta revista.<\/p>\n<p>Nesse per\u00edodo, \u201cos pre\u00e7os dos derivados eram ajustados em ciclos longos, levando-se em conta as expectativas de varia\u00e7\u00f5es futuras da taxa de c\u00e2mbio, do pre\u00e7o do petr\u00f3leo, do pre\u00e7o dos derivados e do mercado interno brasileiro. Al\u00e9m disso, os acionistas tiveram os maiores lucros da hist\u00f3ria da Petrobras e o valor de mercado da empresa atingiu seus picos hist\u00f3ricos\u201d. A pol\u00edtica do ex-presidente\u00a0<a href=\"https:\/\/www.cartacapital.com.br\/politica\/a-economia-politica-da-queda-de-pedro-parente\/\" target=\"_blank\" rel=\"noopener noreferrer\">Pedro Parente<\/a>, de repasse imediato e direto das varia\u00e7\u00f5es da cota\u00e7\u00e3o externa do petr\u00f3leo aos derivados vendidos em reais no Pa\u00eds, provocou a greve dos caminhoneiros e a queda do tucano no primeiro semestre.<\/p>\n<div id=\"attachment_46571\" class=\"wp-caption aligncenter\"><img fetchpriority=\"high\" decoding=\"async\" class=\"wp-image-46571 size-large lazyloaded\" src=\"https:\/\/www.cartacapital.com.br\/wp-content\/uploads\/2018\/12\/Petrobras_dutos-1024x683.jpg\" sizes=\"(max-width: 1024px) 100vw, 1024px\" srcset=\"https:\/\/www.cartacapital.com.br\/wp-content\/uploads\/2018\/12\/Petrobras_dutos-1024x683.jpg 1024w, https:\/\/www.cartacapital.com.br\/wp-content\/uploads\/2018\/12\/Petrobras_dutos-300x200.jpg 300w, https:\/\/www.cartacapital.com.br\/wp-content\/uploads\/2018\/12\/Petrobras_dutos-768x512.jpg 768w, https:\/\/www.cartacapital.com.br\/wp-content\/uploads\/2018\/12\/Petrobras_dutos-1200x800.jpg 1200w, https:\/\/www.cartacapital.com.br\/wp-content\/uploads\/2018\/12\/Petrobras_dutos-128x86.jpg 128w, https:\/\/www.cartacapital.com.br\/wp-content\/uploads\/2018\/12\/Petrobras_dutos.jpg 1348w\" alt=\"\" width=\"1024\" height=\"683\" data-lazy-src=\"https:\/\/www.cartacapital.com.br\/wp-content\/uploads\/2018\/12\/Petrobras_dutos-1024x683.jpg\" data-lazy-srcset=\"https:\/\/www.cartacapital.com.br\/wp-content\/uploads\/2018\/12\/Petrobras_dutos-1024x683.jpg 1024w, https:\/\/www.cartacapital.com.br\/wp-content\/uploads\/2018\/12\/Petrobras_dutos-300x200.jpg 300w, https:\/\/www.cartacapital.com.br\/wp-content\/uploads\/2018\/12\/Petrobras_dutos-768x512.jpg 768w, https:\/\/www.cartacapital.com.br\/wp-content\/uploads\/2018\/12\/Petrobras_dutos-1200x800.jpg 1200w, https:\/\/www.cartacapital.com.br\/wp-content\/uploads\/2018\/12\/Petrobras_dutos-128x86.jpg 128w, https:\/\/www.cartacapital.com.br\/wp-content\/uploads\/2018\/12\/Petrobras_dutos.jpg 1348w\" data-was-processed=\"true\" \/><\/p>\n<p class=\"wp-caption-text\">MANTER EMPRESAS DE REFINO, DISTRIBUI\u00c7\u00c3O E TRANSPORTE POSSIBILITA RECEITAS EST\u00c1VEIS (FOTO: FERNANDO VERGARA\/AP)<\/p>\n<\/div>\n<p>\u201cAbrir m\u00e3o do controle da atividade de refino retira do Pa\u00eds a capacidade de realizar uma pol\u00edtica de pre\u00e7os de combust\u00edveis que n\u00e3o seja a de livre flutua\u00e7\u00e3o. Em outras palavras, limita a possibilidade de estabelecer mecanismos de amortecimento de impactos dos pre\u00e7os de petr\u00f3leo e do c\u00e2mbio utilizando, ao menos em parte, os excedentes obtidos na etapa de produ\u00e7\u00e3o. Al\u00e9m de retirar um instrumento estrat\u00e9gico, \u00e9 armadilha perigosa, pois somos uma economia que sofre com ampla volatilidade cambial e, nos \u00faltimos anos, os pre\u00e7os de petr\u00f3leo v\u00eam enfrentando grande volatilidade\u201d, chama aten\u00e7\u00e3o o economista Jos\u00e9 Augusto Gaspar Ruas, professor da Faculdade de Ci\u00eancias Econ\u00f4micas da Facamp, de Campinas.\u00a0<\/p>\n<p>O tabelamento do frete decidido por Temer para debelar greve de 2017 n\u00e3o resolveu o problema, mostra a amea\u00e7a de nova greve dos caminhoneiros, que na segunda-feira 10 interditaram trechos de rodovias no Rio de Janeiro e em S\u00e3o Paulo contra a decis\u00e3o do ministro do STF\u00a0<a href=\"https:\/\/www.cartacapital.com.br\/politica\/o-ministro-luiz-fux-e-a-arrogancia-autoritaria-do-bacharel-brasileiro\/\" target=\"_blank\" rel=\"noopener noreferrer\">Luiz Fux<\/a>, que suspendeu a cobran\u00e7a de multas a empresas que n\u00e3o cumpram o acordo de pagamento m\u00ednimo estabelecido na tabela do governo.<\/p>\n<p><em><strong>\u27a4\u00a0Leia tamb\u00e9m:\u00a0<a class=\"external-link\" title=\"\" href=\"https:\/\/www.cartacapital.com.br\/economia\/em-que-mundo-vive-paulo-guedes\/\" target=\"_blank\" rel=\"noopener noreferrer\">Em que mundo vive Paulo Guedes?<\/a><\/strong><\/em><\/p>\n<p>As chances de solu\u00e7\u00e3o duradoura do problema dos reajustes de pre\u00e7os dos derivados ser\u00e3o ainda menores, entretanto, caso Bolsonaro cumpra sua promessa de privatizar \u201cem parte\u201d a companhia.<\/p>\n<p>Ou seja, vender o que ainda resta da estrutura verticalizada formada por firmas controladas encarregadas do transporte, refino e distribui\u00e7\u00e3o para restringi-la \u00e0s atividades de prospec\u00e7\u00e3o e extra\u00e7\u00e3o de petr\u00f3leo e g\u00e1s. Um mau caminho, pois, como explica Ruas, embora desde os anos 1970 a produ\u00e7\u00e3o de petr\u00f3leo seja a atividade mais lucrativa do setor, possuir ativos na etapa de refino e distribui\u00e7\u00e3o permite \u00e0s grandes companhias auferir receitas est\u00e1veis e positivas ao longo do tempo, enquanto aquela \u00e9 mais vol\u00e1til e dependente dos ciclos internacionais de pre\u00e7os.<\/p>\n<div id=\"attachment_46573\" class=\"wp-caption aligncenter\"><img decoding=\"async\" class=\"wp-image-46573 size-large lazyloaded\" src=\"https:\/\/www.cartacapital.com.br\/wp-content\/uploads\/2018\/12\/BR_distribuidora_posto_petrobras_01-1024x682.jpg\" sizes=\"(max-width: 1024px) 100vw, 1024px\" srcset=\"https:\/\/www.cartacapital.com.br\/wp-content\/uploads\/2018\/12\/BR_distribuidora_posto_petrobras_01-1024x682.jpg 1024w, https:\/\/www.cartacapital.com.br\/wp-content\/uploads\/2018\/12\/BR_distribuidora_posto_petrobras_01-300x200.jpg 300w, https:\/\/www.cartacapital.com.br\/wp-content\/uploads\/2018\/12\/BR_distribuidora_posto_petrobras_01-768x512.jpg 768w, https:\/\/www.cartacapital.com.br\/wp-content\/uploads\/2018\/12\/BR_distribuidora_posto_petrobras_01-1200x800.jpg 1200w, https:\/\/www.cartacapital.com.br\/wp-content\/uploads\/2018\/12\/BR_distribuidora_posto_petrobras_01-128x86.jpg 128w, https:\/\/www.cartacapital.com.br\/wp-content\/uploads\/2018\/12\/BR_distribuidora_posto_petrobras_01.jpg 1424w\" alt=\"petrobras_posto\" width=\"1024\" height=\"682\" data-lazy-src=\"https:\/\/www.cartacapital.com.br\/wp-content\/uploads\/2018\/12\/BR_distribuidora_posto_petrobras_01-1024x682.jpg\" data-lazy-srcset=\"https:\/\/www.cartacapital.com.br\/wp-content\/uploads\/2018\/12\/BR_distribuidora_posto_petrobras_01-1024x682.jpg 1024w, https:\/\/www.cartacapital.com.br\/wp-content\/uploads\/2018\/12\/BR_distribuidora_posto_petrobras_01-300x200.jpg 300w, https:\/\/www.cartacapital.com.br\/wp-content\/uploads\/2018\/12\/BR_distribuidora_posto_petrobras_01-768x512.jpg 768w, https:\/\/www.cartacapital.com.br\/wp-content\/uploads\/2018\/12\/BR_distribuidora_posto_petrobras_01-1200x800.jpg 1200w, https:\/\/www.cartacapital.com.br\/wp-content\/uploads\/2018\/12\/BR_distribuidora_posto_petrobras_01-128x86.jpg 128w, https:\/\/www.cartacapital.com.br\/wp-content\/uploads\/2018\/12\/BR_distribuidora_posto_petrobras_01.jpg 1424w\" data-was-processed=\"true\" \/><\/p>\n<p class=\"wp-caption-text\">DESINTEGRAR A EMPRESA PIORA A SITUA\u00c7\u00c3O (FOTO:ANDRE VALENTIN\/AG PETROBRAS)<\/p>\n<p class=\"wp-caption-text\"><strong>A NTS lucra 3 bilh\u00f5es, foi vendida por 17 e alugar\u00e1 dutos por 3 bilh\u00f5es \u00e0 Petrobras\u00a0<\/strong><\/p>\n<\/div>\n<p>Queridinho do mercado, Parente dep\u00f4s na ter\u00e7a-feira 11 \u00e0 Justi\u00e7a Federal de S\u00e3o Paulo como r\u00e9u em a\u00e7\u00f5es populares movidas pela advogada Raquel Sousa, da Federa\u00e7\u00e3o Nacional dos Petroleiros, por venda sem licita\u00e7\u00e3o da Termobahia, do Campo de Lapa e de parte do Campo de Iara, no pr\u00e9-sal da Bacia de Santos, e da Transportadora Associada de G\u00e1s, controlada da Petrobras propriet\u00e1ria de gasodutos com 4,5 mil quil\u00f4metros de extens\u00e3o no Norte e no Nordeste. A venda irregular foi feita para a Total, petroleira francesa com alentado hist\u00f3rico de corrup\u00e7\u00e3o. O pr\u00f3ximo a depor nos mesmos processos ser\u00e1 o sucessor de Parente na presid\u00eancia da companhia, Ivan Monteiro.\u00a0<\/p>\n<p>Bolsonaro e seu ministro da Fazenda Paulo Guedes dizem que a privatiza\u00e7\u00e3o visa baratear os combust\u00edveis, mas n\u00e3o mostram dados para demonstrar sua afirma\u00e7\u00e3o. N\u00fameros da pr\u00f3pria Petrobras provam, no entanto, que o custo m\u00e9dio do refino no Pa\u00eds, em torno de 2 d\u00f3lares o barril, \u00e9 inferior ao obtido nas suas sucursais externas, na casa dos 3 d\u00f3lares, afirmou Paulo Cesar Ribeiro Lima, ex-funcion\u00e1rio da estatal e ex-consultor do Congresso, em audi\u00eancia p\u00fablica sobre o tema na C\u00e2mara na ter\u00e7a-feira 4. N\u00e3o \u00e9 o \u00fanico problema. \u201cA Petrobras, se voc\u00ea quiser vender porque \u00e9 privatista, ent\u00e3o venda, mas como empresa integrada, verticalizada.<\/p>\n<p><em><strong>\u27a4\u00a0Leia tamb\u00e9m:\u00a0<a class=\"external-link\" title=\"\" href=\"https:\/\/www.cartacapital.com.br\/economia\/petrobras-melhora-do-cenario-externo-e-reversao-estrategica-do-refino\/\" target=\"_blank\" rel=\"noopener noreferrer\">Petrobras: melhora do cen\u00e1rio externo e revers\u00e3o estrat\u00e9gica do refino<\/a><\/strong><\/em><\/p>\n<p>Agora, n\u00e3o fa\u00e7a isso, n\u00e3o desverticalize e n\u00e3o tire o refino, n\u00e3o tire os dutos, n\u00e3o tire os terminais, porque com isso ela perde valor. Se a Shell, a ExxonMobil ficarem sem o refino, sem a distribui\u00e7\u00e3o, elas tamb\u00e9m perdem valor\u201d, disparou Lima. \u201cEnquanto o mundo todo diversifica com distribui\u00e7\u00e3o, refino, petroqu\u00edmica, qu\u00edmica, gera\u00e7\u00e3o de energia el\u00e9trica, a empresa brasileira vai na linha de concentra\u00e7\u00e3o, s\u00f3 quer dedicar-se \u00e0 explora\u00e7\u00e3o e \u00e0 produ\u00e7\u00e3o e com foco no pr\u00e9-sal. Se a Petrobras quiser acabar, eu diria que esse plano de neg\u00f3cios e gest\u00e3o \u00e9 muito bom, porque vai significar o fim da empresa daqui a alguns anos. Agora, se o foco for pela continuidade da empresa, a sua administra\u00e7\u00e3o est\u00e1 na contram\u00e3o do que ocorre no mundo\u201d, acrescentou.<\/p>\n<div id=\"attachment_46584\" class=\"wp-caption aligncenter\"><img decoding=\"async\" class=\"wp-image-46584 size-large lazyloaded\" src=\"https:\/\/www.cartacapital.com.br\/wp-content\/uploads\/2018\/12\/refinarias_guedes-1024x1004.jpg\" sizes=\"(max-width: 1024px) 100vw, 1024px\" srcset=\"https:\/\/www.cartacapital.com.br\/wp-content\/uploads\/2018\/12\/refinarias_guedes-1024x1004.jpg 1024w, https:\/\/www.cartacapital.com.br\/wp-content\/uploads\/2018\/12\/refinarias_guedes-300x294.jpg 300w, https:\/\/www.cartacapital.com.br\/wp-content\/uploads\/2018\/12\/refinarias_guedes-768x753.jpg 768w, https:\/\/www.cartacapital.com.br\/wp-content\/uploads\/2018\/12\/refinarias_guedes-1200x1177.jpg 1200w\" alt=\"\" width=\"1024\" height=\"1004\" data-lazy-src=\"https:\/\/www.cartacapital.com.br\/wp-content\/uploads\/2018\/12\/refinarias_guedes-1024x1004.jpg\" data-lazy-srcset=\"https:\/\/www.cartacapital.com.br\/wp-content\/uploads\/2018\/12\/refinarias_guedes-1024x1004.jpg 1024w, https:\/\/www.cartacapital.com.br\/wp-content\/uploads\/2018\/12\/refinarias_guedes-300x294.jpg 300w, https:\/\/www.cartacapital.com.br\/wp-content\/uploads\/2018\/12\/refinarias_guedes-768x753.jpg 768w, https:\/\/www.cartacapital.com.br\/wp-content\/uploads\/2018\/12\/refinarias_guedes-1200x1177.jpg 1200w\" data-was-processed=\"true\" \/><\/p>\n<p class=\"wp-caption-text\">GUEDES, O SUPERMINISTRO (FOTO: MIGUEL SCHINCARIOL\/AFP)<\/p>\n<\/div>\n<p>Os EUA, disse, produzem 13 milh\u00f5es de barris por dia e t\u00eam um parque de refino de 18 milh\u00f5es. A China, com uma produ\u00e7\u00e3o de 3,85 milh\u00f5es, tem uma capacidade de refino de 14,51 milh\u00f5es, maior do que o consumo chin\u00eas, que \u00e9 gigantesco, de 12,80 milh\u00f5es. Na R\u00fassia, o volume da estrutura de refino \u00e9 o dobro do consumo e s\u00f3 \u00e9 menor que a produ\u00e7\u00e3o porque a R\u00fassia \u00e9 grande exportadora.<\/p>\n<p>O Brasil, entretanto, tem um parque de refino de 2,29 milh\u00f5es de barris ante uma produ\u00e7\u00e3o 2,73 milh\u00f5es, enquanto o consumo de derivados \u00e9 de mais de 3 milh\u00f5es. \u201cA importa\u00e7\u00e3o de 800 mil barris de petr\u00f3leo por dia n\u00e3o faz o menor sentido. Deve-se em muito \u00e0 capacidade ociosa das refinarias da Petrobras, para a qual tamb\u00e9m n\u00e3o existe justificativa t\u00e9cnica\u201d, sublinhou Lima. As grandes petrol\u00edferas mundiais, a exemplo da ExxonMobil e da Shell, t\u00eam estrutura verticalizada e capacidade de refino maior que a de produ\u00e7\u00e3o.<\/p>\n<div id=\"attachment_46585\" class=\"wp-caption alignleft\"><img loading=\"lazy\" decoding=\"async\" class=\"wp-image-46585 size-medium lazyloaded\" src=\"https:\/\/www.cartacapital.com.br\/wp-content\/uploads\/2018\/12\/refinarias_pedroparente-300x283.jpg\" sizes=\"(max-width: 300px) 100vw, 300px\" srcset=\"https:\/\/www.cartacapital.com.br\/wp-content\/uploads\/2018\/12\/refinarias_pedroparente-300x283.jpg 300w, https:\/\/www.cartacapital.com.br\/wp-content\/uploads\/2018\/12\/refinarias_pedroparente-768x725.jpg 768w, https:\/\/www.cartacapital.com.br\/wp-content\/uploads\/2018\/12\/refinarias_pedroparente.jpg 835w\" alt=\"\" width=\"300\" height=\"283\" data-lazy-src=\"https:\/\/www.cartacapital.com.br\/wp-content\/uploads\/2018\/12\/refinarias_pedroparente-300x283.jpg\" data-lazy-srcset=\"https:\/\/www.cartacapital.com.br\/wp-content\/uploads\/2018\/12\/refinarias_pedroparente-300x283.jpg 300w, https:\/\/www.cartacapital.com.br\/wp-content\/uploads\/2018\/12\/refinarias_pedroparente-768x725.jpg 768w, https:\/\/www.cartacapital.com.br\/wp-content\/uploads\/2018\/12\/refinarias_pedroparente.jpg 835w\" data-was-processed=\"true\" \/><\/p>\n<p class=\"wp-caption-text\">PARENTE DOLARIZOU OS COMBUST\u00cdVEIS (FOTOGRAFIA: JOS\u00c9 CRUZ\/ABR)<\/p>\n<\/div>\n<p>A complac\u00eancia de boa parte da sociedade diante do desmonte e venda da Petrobras reflete um trabalho sistem\u00e1tico da m\u00eddia. \u201cA empresa sofreu um ataque severo ao longo dos \u00faltimos anos na imprensa. Seu nome foi associado \u00e0 corrup\u00e7\u00e3o de maneira muito agressiva e hoje uma parte importante da popula\u00e7\u00e3o acredita que sua privatiza\u00e7\u00e3o ou redu\u00e7\u00e3o de sua for\u00e7a econ\u00f4mica possa trazer algum benef\u00edcio ao pa\u00eds. Esse contexto abriu espa\u00e7o para pol\u00edticas que nos colocam, mais uma vez, na contram\u00e3o da hist\u00f3ria. Enquanto todos os Estados Nacionais est\u00e3o protegendo suas empresas estrat\u00e9gicas e de infraestrutura, n\u00f3s nos esfor\u00e7amos para entregar as nossas\u201d, aponta Ruas.<\/p>\n<p>H\u00e1 um enorme engano da opini\u00e3o p\u00fablica, concorda Lima. \u201cA gente acha que as privatiza\u00e7\u00f5es e os desinvestimentos da Petrobras s\u00e3o important\u00edssimos, que sem elas n\u00e3o h\u00e1 a redu\u00e7\u00e3o da d\u00edvida, mas n\u00e3o \u00e9 nada disso. A grande fonte de recursos \u00e9 a gera\u00e7\u00e3o operacional de caixa projetada pela empresa em 158 bilh\u00f5es de reais de 2017 a 2021, enquanto essas privatiza\u00e7\u00f5es totalizam apenas 19 bilh\u00f5es, valor pequeno nesse total de recursos gerados. H\u00e1 uma \u00e2nsia para reduzir a alavancagem (d\u00edvida em rela\u00e7\u00e3o ao capital pr\u00f3prio) em curt\u00edssimo prazo se desfazendo de ativos estrat\u00e9gicos, o que tecnicamente n\u00e3o faz o menor sentido.\u201d\u00a0<\/p>\n<h3><strong>Com o refino privatizado, os pre\u00e7os dos derivados flutuariam sempre<\/strong><\/h3>\n<p>Os 27 bilh\u00f5es de d\u00f3lares angariados at\u00e9 agora com a venda \u00e0s pressas de ativos prejudicaram a companhia em nome da suposta urg\u00eancia de reequilibr\u00e1-la financeiramente. Al\u00e9m disso, esse resultado retira qualquer justificativa para prosseguir no chamado desinvestimento. V\u00e1rias das privatiza\u00e7\u00f5es s\u00e3o absurdas, caso da venda da transportadora de g\u00e1s Nova Transportadora do Sudeste, NTS, que lucrou 3 bilh\u00f5es de reais em 2015, para a canadense Brookfield, em abril, por 17 bilh\u00f5es. Por conta da transa\u00e7\u00e3o, a Petrobras ter\u00e1 de pagar no m\u00ednimo 2,97 bilh\u00f5es anuais pela utiliza\u00e7\u00e3o da rede completa que antes lhe pertencia. A NTS det\u00e9m autoriza\u00e7\u00f5es para operar 2 mil quil\u00f4metros de gasodutos na Regi\u00e3o Sudeste e toda sua capacidade de transporte, de 158 milh\u00f5es de metros c\u00fabicos por dia, est\u00e1 contratada pela petroleira brasileira. Os lucros do novo bra\u00e7o da Brookfield dever\u00e3o triplicar ap\u00f3s a entrada em produ\u00e7\u00e3o dos campos gigantes do pr\u00e9-sal, preveem v\u00e1rios analistas do mercado de capitais. O caso da NTS resume bem o tipo do interesse que d\u00e1 rumo \u00e0 dilapida\u00e7\u00e3o da empresa p\u00fablica.<\/p>\n<p>\u00a0<\/p>\n<p>\u00a0<\/p>\n<p><strong>Fonte: Carta Capital<\/strong><\/p>\n<div class=\"rp-de-texto\">\u00a0<\/div>\n","protected":false},"excerpt":{"rendered":"<p>Suspensa desde julho por decis\u00e3o do ministro do STF\u00a0Ricardo Lewandowski, a venda de refinarias, parte do plano de desinvestimento da Petrobras, voltou ao notici\u00e1rio na quarta-feira 5 com a abertura de processo no Conselho Administrativo de Defesa Econ\u00f4mica (Cade) para investigar eventual abuso do poder de mercado. A a\u00e7\u00e3o surge como nova justificativa para prosseguir [&hellip;]<\/p>\n","protected":false},"author":2,"featured_media":5844,"comment_status":"","ping_status":"","sticky":false,"template":"","format":"standard","meta":{"footnotes":""},"categories":[3],"tags":[],"class_list":["post-5845","post","type-post","status-publish","format-standard","has-post-thumbnail","hentry","category-noticias"],"_links":{"self":[{"href":"https:\/\/hostnetart.com.br\/baixada\/wp-json\/wp\/v2\/posts\/5845","targetHints":{"allow":["GET"]}}],"collection":[{"href":"https:\/\/hostnetart.com.br\/baixada\/wp-json\/wp\/v2\/posts"}],"about":[{"href":"https:\/\/hostnetart.com.br\/baixada\/wp-json\/wp\/v2\/types\/post"}],"author":[{"embeddable":true,"href":"https:\/\/hostnetart.com.br\/baixada\/wp-json\/wp\/v2\/users\/2"}],"replies":[{"embeddable":true,"href":"https:\/\/hostnetart.com.br\/baixada\/wp-json\/wp\/v2\/comments?post=5845"}],"version-history":[{"count":0,"href":"https:\/\/hostnetart.com.br\/baixada\/wp-json\/wp\/v2\/posts\/5845\/revisions"}],"wp:featuredmedia":[{"embeddable":true,"href":"https:\/\/hostnetart.com.br\/baixada\/wp-json\/wp\/v2\/media\/5844"}],"wp:attachment":[{"href":"https:\/\/hostnetart.com.br\/baixada\/wp-json\/wp\/v2\/media?parent=5845"}],"wp:term":[{"taxonomy":"category","embeddable":true,"href":"https:\/\/hostnetart.com.br\/baixada\/wp-json\/wp\/v2\/categories?post=5845"},{"taxonomy":"post_tag","embeddable":true,"href":"https:\/\/hostnetart.com.br\/baixada\/wp-json\/wp\/v2\/tags?post=5845"}],"curies":[{"name":"wp","href":"https:\/\/api.w.org\/{rel}","templated":true}]}}