{"id":5833,"date":"2019-01-03T12:26:21","date_gmt":"2019-01-03T14:26:21","guid":{"rendered":"https:\/\/hostnetart.com.br\/baixada\/2019-que-pais-sera-esse\/"},"modified":"2019-01-03T12:26:21","modified_gmt":"2019-01-03T14:26:21","slug":"2019-que-pais-sera-esse","status":"publish","type":"post","link":"https:\/\/hostnetart.com.br\/baixada\/2019-que-pais-sera-esse\/","title":{"rendered":"2019: que pa\u00eds ser\u00e1 esse?"},"content":{"rendered":"<p class=\" \">O ano de\u00a0<strong>2019\u00a0<\/strong>promete, s\u00f3 n\u00e3o se sabe bem o qu\u00ea. Como em toda\u00a0<strong>virada de ano<\/strong>, a expectativa \u00e9 grande, mas nesta, especialmente, os receios tamb\u00e9m s\u00e3o muitos. A\u00a0<a class=\"internal-link\" title=\"\" href=\"https:\/\/www.redebrasilatual.com.br\/cidadania\/2018\/12\/desbolsonario-de-bolso-para-entender-a-linguagem-do-governo-bolsonaro\" target=\"_blank\" rel=\"noopener noreferrer\">elei\u00e7\u00e3o de Jair<\/a><strong><a class=\"internal-link\" title=\"\" href=\"https:\/\/www.redebrasilatual.com.br\/cidadania\/2018\/12\/desbolsonario-de-bolso-para-entender-a-linguagem-do-governo-bolsonaro\" target=\"_blank\" rel=\"noopener noreferrer\">Bolsonaro<\/a><\/strong>, diante de suas promessas de campanha e da composi\u00e7\u00e3o da equipe com que pretende governar o Brasil, provoca temores em setores essenciais para o pa\u00eds e para qualquer sociedade que se pretenda civilizada, moderna, desenvolvida.<\/p>\n<p class=\" \">A\u00a0<strong>RBA<\/strong>\u00a0ouviu profissionais e pessoas atuantes nas mais diversas \u00e1reas para saber o que esperam para este ano que se inicia. Confira aqui essa chuva de ideias, propostas, cr\u00edticas e, claro, de esperan\u00e7a para que a vida siga em frente e seja boa para todos.\u00a0<\/p>\n<p class=\" \">A equipe da\u00a0<strong>RBA<\/strong>\u00a0\u2013 ao lado das parceiras\u00a0<strong><a class=\"internal-link\" title=\"\" href=\"https:\/\/www.redebrasilatual.com.br\/radio\" target=\"_blank\" rel=\"noopener noreferrer\">R\u00e1dio Brasil Atual<\/a><\/strong>\u00a0e\u00a0<strong><a class=\"external-link\" title=\"\" href=\"http:\/\/tvt.org.br\/\" target=\"_blank\" rel=\"noopener noreferrer\">TVT<\/a><\/strong>\u00a0\u2013 continuar\u00e1 na trincheira da comunica\u00e7\u00e3o de qualidade, com informa\u00e7\u00e3o voltada \u00e0 defesa da democracia, dos direitos dos trabalhadores, dos movimentos sociais, de um pa\u00eds forte, soberano e socialmente justo. Que venha 2019!<\/p>\n<h3><b>Comunica\u00e7\u00e3o<\/b><\/h3>\n<p class=\" \">&#8220;Bolsonaro, ao longo da sua trajet\u00f3ria, sobretudo nos \u00faltimos anos, tem reiterado as declara\u00e7\u00f5es de desapre\u00e7o pela liberdade de express\u00e3o, tem buscado se estabelecer como um concorrente aos atores jornal\u00edsticos, tem se colocado numa media\u00e7\u00e3o direta com o p\u00fablico. Nesse sentido, ele busca concorrer tanto com a imprensa tradicional quanto com a imprensa independente. E tem tido um hist\u00f3rico junto com seus seguidores de persegui\u00e7\u00e3o aos jornalistas&#8221;, diz o jornalista\u00a0<b>Rodrigo Ratier,\u00a0<\/b>professor na Faculdade C\u00e1sper L\u00edbero, e colunista do blog\u00a0<a class=\"external-link\" title=\"\" href=\"https:\/\/emdesconstrucao.blogosfera.uol.com.br\/\" target=\"_blank\" rel=\"noopener noreferrer\"><em>Universa<\/em>, do UOL<\/a><\/p>\n<p class=\" \">&#8220;N\u00e3o vejo tamb\u00e9m boas perspectivas no sentido do uso republicano dos recursos p\u00fablicos para os ve\u00edculos de comunica\u00e7\u00e3o, muito menos para o fortalecimento de uma imprensa independente. Acho que vamos ter um retorno a pr\u00e1ticas clientelistas. J\u00e1 temos visto privil\u00e9gios a determinadas emissoras de TV como Record, SBT e Rede TV no sentido de exclusivas e de possibilitar a entrada com mais facilidade em coletivas. Acho que existe uma tend\u00eancia a ele montar um biombo de ve\u00edculos que s\u00e3o confi\u00e1veis a ele com postura chapa branca&#8221;.<\/p>\n<p class=\" \">Ratier observa que toda cobertura minimamente cr\u00edtica a Bolsonaro e seu grupo tende ser retoricamente tachada de\u00a0<em>fake news<\/em>. &#8220;Isso o liberaria para criar suas pr\u00f3prias vers\u00f5es, a tal realidade alternativa, que tem sido trabalhada por exemplo pelo Trump, a quem atribuo a inspira\u00e7\u00e3o para o Bolsonaro&#8221;, define. &#8220;Assim, h\u00e1 um desafio gigante que \u00e9 cobrir o Bolsonaro e lidar com suas cortinas de fuma\u00e7a para desviar o assunto do que realmente precisa ser coberto, do principal. Vai ser importante identificar essas estrat\u00e9gias, de que maneira ele constr\u00f3i seu discurso, explicitar isso e n\u00e3o se deixar capturar por essa l\u00f3gica.&#8221;<\/p>\n<p class=\" \">Para o professor, o Brasil entra num per\u00edodo em que o discurso jornal\u00edstico volta a ganhar relev\u00e2ncia. &#8220;O jornalismo s\u00e9rio, independente, que n\u00e3o seja hiperpartidarizado, esses ve\u00edculos v\u00e3o ser beneficiados pela busca por uma maior sobriedade, independ\u00eancia, multiplicidade de fontes e devem ser reconhecidos pelo p\u00fablico que buscar informa\u00e7\u00e3o.&#8221;<\/p>\n<p class=\" \">\u00a0<\/p>\n<dl class=\"image-inline captioned\">\n<dt><span class=\"tile-rights\">SJSP | REPRODU\u00c7\u00c3O | SEEB-SP<\/span><img fetchpriority=\"high\" decoding=\"async\" class=\" lazyloaded\" title=\"Jornalistas demitidos da Abril Bolsonaro no Ratinho Ivone Silva\" src=\"https:\/\/www.redebrasilatual.com.br\/cidadania\/2018\/12\/2019-que-pais-sera-esse\/abril_bolso_ivona.jpg\/image\" alt=\"Jornalistas demitidos da Abril Bolsonaro no Ratinho Ivone Silva\" width=\"780\" height=\"501\" data-src=\"https:\/\/www.redebrasilatual.com.br\/cidadania\/2018\/12\/2019-que-pais-sera-esse\/abril_bolso_ivona.jpg\/image\" \/><\/dt>\n<dd class=\"image-caption\">Jornalistas sofreram com demiss\u00f5es e calote, como os da Abril. Bolsonaro maneja seu espa\u00e7o. Ivone: import\u00e2ncia de ve\u00edculos como a RBA<\/dd>\n<\/dl>\n<p class=\" \">Ainda na seara da m\u00eddia, o presidente do Sindicato dos Jornalistas do Estado de S\u00e3o Paulo,<b>\u00a0Paulo Zocchi,\u00a0<\/b>concorda que fazer jornalismo ser\u00e1 um dos grandes desafios de 2019. &#8220;H\u00e1 uma grande press\u00e3o contra a liberdade noticiosa, contra o trabalho jornal\u00edstico s\u00e9rio, contra a pr\u00f3pria liberdade de express\u00e3o&#8221;, diz.<\/p>\n<p class=\" \">Zocchi acrescenta ainda uma forte preocupa\u00e7\u00e3o com o futuro da profiss\u00e3o. &#8220;As entidades sindicais j\u00e1 se preparam para aumentar sua capacidade de organiza\u00e7\u00e3o para defender o exerc\u00edcio do jornalismo e para defender o jornalismo contra a viol\u00eancia tanto institucional quanto a oriunda dos conflitos que o governo Bolsonaro promete promover socialmente&#8221;, afirma o dirigente sindical, que teve entre os principais enfrentamentos do ano a\u00a0<a class=\"internal-link\" title=\"\" href=\"https:\/\/www.redebrasilatual.com.br\/retrospectiva-2018\/trabalho\/justica-confirma-reintegracao-dos-demitidos-pela-abril\" target=\"_blank\" rel=\"noopener noreferrer\">situa\u00e7\u00e3o da editora Abril<\/a>.<\/p>\n<p class=\" \">A empresa que edita\u00a0<em>Veja<\/em>\u00a0e\u00a0<em>Exame<\/em>, depois de fechar mais de uma dezena de revistas, promoveu um s\u00e9rie de demiss\u00f5es em massa e deixou centenas de fam\u00edlias de trabalhadores sem receber seus direitos \u2013 momentos antes de recorrer a um processo de recupera\u00e7\u00e3o judicial que culminaria com a sua venda.\u00a0&#8220;Defender os jornalistas \u00e9 tamb\u00e9m defender o jornalismo, porque o jornalismo profissional s\u00f3 \u00e9 feito se o jornalista tem condi\u00e7\u00f5es materiais concretos de desenvolver um trabalho tendo uma vida digna.&#8221;\u00a0<\/p>\n<p class=\" \">Presidenta do\u00a0Sindicato dos\u00a0<a class=\"external-link\" title=\"\" href=\"http:\/\/spbancarios.com.br\/\" target=\"_blank\" rel=\"noopener noreferrer\">Banc\u00e1rios<\/a>\u00a0de S\u00e3o Paulo, Osasco e Regi\u00e3o, entidade\u00a0que ao lado dos\u00a0<a class=\"external-link\" title=\"\" href=\"http:\/\/smabc.org.br\/\" target=\"_blank\" rel=\"noopener noreferrer\">Metal\u00fargicos<\/a>\u00a0do ABC mais investiu em democratiza\u00e7\u00e3o da comunica\u00e7\u00e3o e do acesso \u00e0 informa\u00e7\u00e3o na \u00faltima d\u00e9cada, a banc\u00e1ria\u00a0<b>Ivone Silva\u00a0<\/b>acredita que a\u00a0<strong>Rede Brasil Atual,\u00a0<\/strong>a<strong>\u00a0R\u00e1dio Brasil Atual<\/strong>\u00a0e a<strong>TVT<\/strong>\u00a0ter\u00e3o grande import\u00e2ncia na promo\u00e7\u00e3o de uma imprensa livre, de esquerda, em defesa da democracia, dos movimentos sociais e tamb\u00e9m do movimento sindical.<\/p>\n<p class=\" \">&#8220;Na atual situa\u00e7\u00e3o, diante um presidente eleito que defende n\u00e3o termos democracia, liberdade, muito pr\u00f3ximo aos militares, de j\u00e1 beirar o fascismo por suas declara\u00e7\u00f5es contra minorias, \u00e9 fundamental ter uma imprensa livre que mostre o outro lado. Que mostre que os movimentos sociais s\u00e3o organiza\u00e7\u00f5es dignas ao organizar o povo para lutar por seus direitos. O MST est\u00e1 lutando pela terra, agroecologia, manejo sustent\u00e1vel da terra e seguran\u00e7a alimentar. O pessoal do movimento de moradia quer ver a fun\u00e7\u00e3o social da propriedade, o direito \u00e0 moradia e \u00e0 cidade serem respeitados conforme determina a Constitui\u00e7\u00e3o. E o movimento sindical precisa exercer seu papel hist\u00f3rico de defender os trabalhadores&#8221;, afirma.<\/p>\n<h3><b>Arte e cultura<\/b><\/h3>\n<p class=\" \">\u00a0<\/p>\n<dl class=\"image-right captioned\">\n<dt><span class=\"tile-rights\">GLOBO\/DIVULGA\u00c7\u00c3O<\/span><a href=\"https:\/\/www.redebrasilatual.com.br\/cidadania\/2018\/12\/2019-que-pais-sera-esse\/pallysiqueiraglobo.jpg\" rel=\"lightbox\"><img decoding=\"async\" class=\" lazyloaded\" title=\"Pally Siqueira\" src=\"https:\/\/www.redebrasilatual.com.br\/cidadania\/2018\/12\/2019-que-pais-sera-esse\/pallysiqueiraglobo.jpg\/@@images\/6fd693dc-34e8-4afc-8e9c-0ff4f67fe103.jpeg\" alt=\"Pally Siqueira\" width=\"360\" height=\"270\" data-src=\"https:\/\/www.redebrasilatual.com.br\/cidadania\/2018\/12\/2019-que-pais-sera-esse\/pallysiqueiraglobo.jpg\/@@images\/6fd693dc-34e8-4afc-8e9c-0ff4f67fe103.jpeg\" \/><\/a><\/dt>\n<dd class=\"image-caption\">Pally: jovem tem essa pressa de ter um futuro logo<\/dd>\n<\/dl>\n<p class=\" \">&#8220;Sinto meio que entrando numa nuvem de fuma\u00e7a, sem uma vis\u00e3o exata do que tem nessa virada de ano. N\u00e3o \u00e9 um ano que est\u00e1 muito claro na minha cabe\u00e7a em rela\u00e7\u00e3o a tudo; em rela\u00e7\u00e3o ao trabalho, porque agora provavelmente o audiovisual vai sofrer. A cultura vai sofrer, a gente est\u00e1 ciente disso. N\u00e3o estou conseguindo ter uma clareza no que vai vir&#8221;, diz a atriz\u00a0<b>Pally Siqueira,\u00a0<\/b>26 anos,\u00a0conhecida pelo trabalho em\u00a0<em>Malha\u00e7\u00e3o,<\/em>\u00a0da Rede Globo.<\/p>\n<p class=\" \">&#8220;\u00c9 muito louco, at\u00e9 pela minha juventude, por ser jovem, por querer ter essa pressa de ter um futuro logo, claro, na frente.\u00a0Nem parece que vai ter virada de ano. At\u00e9 com meus amigos, conversando, todo mundo fala a mesma coisa: vai ser um &#8216;ano inc\u00f3gnita&#8217;. Um ano em que a gente tem de se unir, se organizar. Principalmente o pessoal da arte, da cultura, para que as coisas possam fluir de alguma forma.&#8221;<b><br \/><\/b><\/p>\n<p class=\" \">\u00a0<\/p>\n<dl class=\"image-right captioned\">\n<dt><span class=\"tile-rights\">TVT<\/span><a href=\"https:\/\/www.redebrasilatual.com.br\/cidadania\/2018\/12\/2019-que-pais-sera-esse\/tataamaral.jpg\" rel=\"lightbox\"><img decoding=\"async\" class=\" lazyloaded\" title=\"Tata Amaral\" src=\"https:\/\/www.redebrasilatual.com.br\/cidadania\/2018\/12\/2019-que-pais-sera-esse\/tataamaral.jpg\/@@images\/b0838859-7f1f-463a-abad-0037616ffdfd.jpeg\" alt=\"Tata Amaral\" width=\"360\" height=\"258\" data-src=\"https:\/\/www.redebrasilatual.com.br\/cidadania\/2018\/12\/2019-que-pais-sera-esse\/tataamaral.jpg\/@@images\/b0838859-7f1f-463a-abad-0037616ffdfd.jpeg\" \/><\/a><\/dt>\n<dd class=\"image-caption\">Tata: contar nossas hist\u00f3rias para o nosso p\u00fablico<\/dd>\n<\/dl>\n<p class=\" \">Os abalos previstos para o setor de audiovisual tamb\u00e9m est\u00e3o entre as preocupa\u00e7\u00f5es da cineasta\u00a0<b>Tata Amaral,\u00a0<\/b>diretora do rec\u00e9m-lan\u00e7ado longa-metragem\u00a0<em><a class=\"internal-link\" title=\"\" href=\"https:\/\/www.redebrasilatual.com.br\/entretenimento\/2018\/11\/filme-sequestro-relampago-traz-refelexao-sobre-privilegios-e-desigualdade\" target=\"_blank\" rel=\"noopener noreferrer\">Sequestro Rel\u00e2mpago<\/a><\/em>, e de mais de duas dezenas de trabalhos aclamados, como\u00a0<em>Antonia<\/em>, T<em>rago Comigo<\/em>,\u00a0<em>Hoje<\/em>\u00a0e\u00a0<em>C\u00e9u de Estrelas<\/em>. &#8220;O que eu espero para 2019 \u00e9 que a gente consolide e garanta a diversidade no audiovisual. Essa diversidade e pluralidade cultural, o fato de o Brasil ter muitas cores, muito sotaques, \u00e9 uma das nossas maiores riquezas. Expressar isso atrav\u00e9s da nossa cultura, e em especial do nosso audiovisual, tem sido um dos maiores desafios&#8221;, acredita.<\/p>\n<p class=\" \">Al\u00e9m disso, \u00e9 preciso assegurar o acesso ao p\u00fablico, seja por meio de quais ve\u00edculos, as &#8220;janelas&#8221;, esses trabalhos cheguem. &#8220;O\u00a0grande desafio do audiovisual no ano que vem \u00e9 garantir e consolidar as pol\u00edticas que j\u00e1 foram implantados e tornar o VoD\u00a0(<em><a class=\"internal-link\" title=\"\" href=\"https:\/\/www.redebrasilatual.com.br\/entretenimento\/2018\/12\/gigantes-estrangeiros-de-olho-no-cinema-brasileiro\" target=\"_blank\" rel=\"noopener noreferrer\">o video sob demanda<\/a>\u00a0em plataformas como Youtube e Netflix<\/em>)\u00a0uma nova janela para nossa cultura. A gente quer contar nossas hist\u00f3rias para o nosso p\u00fablico.&#8221;<\/p>\n<p class=\" \">\u00a0<\/p>\n<dl class=\"image-inline captioned\">\n<dt><span class=\"tile-rights\">CARNAVALIZANDO<\/span><img loading=\"lazy\" decoding=\"async\" class=\" lazyloaded\" title=\"Tomaz MIranda e Cac\u00e1 Nascimento\" src=\"https:\/\/www.redebrasilatual.com.br\/cidadania\/2018\/12\/2019-que-pais-sera-esse\/copy_of_carnavalizados.jpg\/image\" alt=\"Tomaz MIranda e Cac\u00e1 Nascimento\" width=\"780\" height=\"411\" data-src=\"https:\/\/www.redebrasilatual.com.br\/cidadania\/2018\/12\/2019-que-pais-sera-esse\/copy_of_carnavalizados.jpg\/image\" \/><\/dt>\n<dd class=\"image-caption\">Tomaz Miranda e Cac\u00e1 Nascimento na festa da Mangueira: papel fundamental de di\u00e1logo com a sociedade<\/dd>\n<\/dl>\n<p class=\" \">O sambista carioca\u00a0<strong>Tomaz Miranda\u00a0<\/strong>v\u00ea\u00a0os desafios de um processo de resist\u00eancia tamb\u00e9m como uma oportunidade de evolu\u00e7\u00e3o e fortalecimento. &#8220;Acho que vai ficar mais aguda a tentativa de apagamento, de desconstru\u00e7\u00e3o da cultura popular, principalmente ligada \u00e0s origens africanas, \u00e0s manifesta\u00e7\u00f5es culturais, religiosas e sociais verdadeiramente populares do Brasil&#8221;, acredita\u00a0o autor do samba-enredo\u00a0<em><a class=\"external-link\" title=\"\" href=\"https:\/\/www.facebook.com\/watch\/?v=454744341680945\" target=\"_blank\" rel=\"noopener noreferrer\">Hist\u00f3ria pra Ninar Gente Grande<\/a><\/em>, que ser\u00e1 defendido pela Mangueira no Carnaval de 2019.\u00a0&#8220;Mas acho que ao mesmo tempo essas manifesta\u00e7\u00f5es v\u00e3o ter papel fundamental para poder driblar todo autoritarismo e o conservadorismo que a gente vai enfrentar nesses pr\u00f3ximos anos.&#8221;<\/p>\n<p class=\" \">Para ele, nada \u00e9 uma coisa s\u00f3, tudo \u00e9 contradi\u00e7\u00e3o, e as coisas n\u00e3o s\u00e3o monol\u00edticas.\u00a0&#8220;Voc\u00ea tem frestas nas estruturas. E \u00e9 justamente nessas frestas que a gente vai fazer a festa. Essa coisa de fazer a festa na fresta quem fala \u00e9 um amigo meu que \u00e9 historiador, o Luiz Ant\u00f4nio Simas, \u00e9 uma met\u00e1fora bem bonita. A gente tem que fazer mais festa ainda a partir do ano que vem, e a gente n\u00e3o faz festa porque a vida \u00e9 boa. A gente faz festa porque a vida \u00e9 dura. E a gente precisa da festa justamente por causa disso.&#8221;<\/p>\n<p class=\" \">O carnaval, para Tomaz, \u00e9 uma das maiores\u00a0<a class=\"internal-link\" title=\"\" href=\"https:\/\/www.redebrasilatual.com.br\/entretenimento\/2018\/02\/confira-10-protestos-em-forma-de-marchinhas-e-sambas-ennredo-deste-carnaval\" target=\"_blank\" rel=\"noopener noreferrer\">express\u00f5es populares\u00a0<\/a>do brasileiro e tem um papel fundamental. &#8220;Acho que o samba da Mangueira em especial e o desfile da Mangueira, o enredo, v\u00e3o ter um papel fundamental de propor um di\u00e1logo importante com a sociedade e a gente est\u00e1 muito na expectativa. Leandro Vieira, que \u00e9 o carnavalesco, \u00e9 um cara muito sens\u00edvel, um cara genial e acho que o desfile tem tudo para ser impactante, hist\u00f3rico.&#8221; Tomaz admite que o carnaval\u00a0tem seu lado conservador. &#8220;As escolas de samba n\u00e3o s\u00e3o uma coisa s\u00f3. E a gente vai tentando jogar dentro desses espa\u00e7os de contradi\u00e7\u00e3o.&#8221;<b><br \/><\/b><\/p>\n<h3><b>Mulheres<\/b><\/h3>\n<p class=\" \">A escritora, artista pl\u00e1stica e professora de Filosofia<b>\u00a0Marcia Tiburi\u00a0<\/b>est\u00e1\u00a0escrevendo um livro sobre a sua campanha ao governo do estado do Rio de Janeiro e sobre o momento pol\u00edtico do Brasil e considera que a primeira quest\u00e3o a ser posta \u00e9 debater o que considera &#8220;uma guinada para o autoritarismo consentido&#8221;. &#8220;O autoritarismo que implodiu com a democracia em fun\u00e7\u00e3o de ter sido ele mesmo uma escolha democr\u00e1tica&#8221;, diz.<b>\u00a0<\/b><\/p>\n<p class=\" \">&#8220;Em que pese o fato de que uma grande parcela da popula\u00e7\u00e3o n\u00e3o tenha eleito a proposta autorit\u00e1ria, essa proposta venceu. Ent\u00e3o vejo um pa\u00eds que continuar\u00e1 vivendo as tens\u00f5es que j\u00e1 vinha vivendo nos \u00faltimos anos, mas agora com a novidade dessa autoriza\u00e7\u00e3o em n\u00edvel de Estado&#8221;, observa. &#8220;Nesse sentido, imagino que por mais que haja muitas pessoas que v\u00e3o continuar lutando pela democracia, entre as quais eu me incluo, a maior parte da popula\u00e7\u00e3o deve realmente se sentir respons\u00e1vel. E imagino que haver\u00e1 muita gente tamb\u00e9m se sentindo culpada diante do que ser\u00e1 promovido no Brasil em fun\u00e7\u00e3o desse autoritarismo consentido e contraditoriamente democr\u00e1tico.&#8221;<\/p>\n<p class=\" \">\u00a0<\/p>\n<dl class=\"image-right captioned\">\n<dt><span class=\"tile-rights\">JOKA MADRUGA<\/span><a href=\"https:\/\/www.redebrasilatual.com.br\/cidadania\/2018\/12\/2019-que-pais-sera-esse\/marciavanglifigueiredo.jpg\" rel=\"lightbox\"><img loading=\"lazy\" decoding=\"async\" class=\" lazyloaded\" title=\"Marcia Tiburi\" src=\"https:\/\/www.redebrasilatual.com.br\/cidadania\/2018\/12\/2019-que-pais-sera-esse\/marciavanglifigueiredo.jpg\/@@images\/b12e2acf-3c76-45ab-91f4-0cedd81f6e0e.jpeg\" alt=\"Marcia Tiburi\" width=\"360\" height=\"252\" data-src=\"https:\/\/www.redebrasilatual.com.br\/cidadania\/2018\/12\/2019-que-pais-sera-esse\/marciavanglifigueiredo.jpg\/@@images\/b12e2acf-3c76-45ab-91f4-0cedd81f6e0e.jpeg\" \/><\/a><\/dt>\n<dd class=\"image-caption\">Marcia Tiburi: f\u00e9 na capacidade feminina de solidariedade<\/dd>\n<\/dl>\n<p class=\" \">Marcia ressalta que, al\u00e9m de autorit\u00e1rio, o eleito \u00e9 machista e racista. &#8220;Todas as demonstra\u00e7\u00f5es de preconceitos por parte desse governo j\u00e1 foram dadas: a misoginia, a homofobia, as amea\u00e7as em rela\u00e7\u00e3o \u00e0s pessoas que vivem diferen\u00e7as sexuais ou de g\u00eanero. Assim, haver\u00e1, de uma maneira muito mais acirrada, manifesta\u00e7\u00f5es de viol\u00eancia e de abuso e de controle, e de matan\u00e7a de pessoas LGBTs, mulheres, homossexuais, simplesmente pelo fato de que tudo isso agora se torna consentido. Ou seja perde-se o limite cultural para evitar mais viol\u00eancia em rela\u00e7\u00e3o a pessoas que sejam marcadas pelas diferen\u00e7as de g\u00eanero e sexualidade.&#8221;<\/p>\n<p class=\" \">A escritora pondera que essa nova realidade deve levar as mulheres a se apoiar umas nas outras. Para ela, em que pese o terrorismo de Estado que vai crescer e se aprofundar, assim como machismo estrutural, deve ocorrer um fortalecimento de redes de apoio e prote\u00e7\u00e3o. &#8220;Eu acredito na capacidade feminina de solidariedade. Acredito no crescimento dos movimentos sociais mesmo que eles precisem se dar na clandestinidade. Do meu ponto de vista o Brasil vai viver tempos infinitamente mais sombrios do que viveu at\u00e9 agora.&#8221;<\/p>\n<h3><b>Esporte<\/b><\/h3>\n<p class=\" \">\u00a0<\/p>\n<dl class=\"image-right captioned\">\n<dt><span class=\"tile-rights\">TVT<\/span><a href=\"https:\/\/www.redebrasilatual.com.br\/cidadania\/2018\/12\/2019-que-pais-sera-esse\/juca.jpg\" rel=\"lightbox\"><img loading=\"lazy\" decoding=\"async\" class=\" lazyloaded\" title=\"Juca Kfouri\" src=\"https:\/\/www.redebrasilatual.com.br\/cidadania\/2018\/12\/2019-que-pais-sera-esse\/juca.jpg\/@@images\/10076546-b645-494c-8bb4-9f98873b45e3.jpeg\" alt=\"Juca Kfouri\" width=\"360\" height=\"226\" data-src=\"https:\/\/www.redebrasilatual.com.br\/cidadania\/2018\/12\/2019-que-pais-sera-esse\/juca.jpg\/@@images\/10076546-b645-494c-8bb4-9f98873b45e3.jpeg\" \/><\/a><\/dt>\n<dd class=\"image-caption\">Juca: Brasil volta a ser um deserto de pr\u00e1ticas poliesportivas<\/dd>\n<\/dl>\n<p class=\" \">&#8220;Em 2019 o Palmeiras ser\u00e1 favorito em todos os torneios que disputar. E a sele\u00e7\u00e3o brasileira ser\u00e1 obrigada a ganhar a Copa Am\u00e9rica. Caso contr\u00e1rio, Tite correr\u00e1 riscos. Mas \u00e9 capaz que Lionel Messi n\u00e3o concorde.&#8221; A previs\u00e3o \u00e9 do jornalista\u00a0<strong>Juca Kfouri<\/strong>, que em 2018\u00a0<a class=\"internal-link\" title=\"\" href=\"https:\/\/www.redebrasilatual.com.br\/politica\/2018\/01\/juca-kfouri-apresentara-programa-de-entrevistas-na-tvt\" target=\"_blank\" rel=\"noopener noreferrer\">refor\u00e7ou a programa\u00e7\u00e3o da\u00a0<\/a><strong><a class=\"internal-link\" title=\"\" href=\"https:\/\/www.redebrasilatual.com.br\/politica\/2018\/01\/juca-kfouri-apresentara-programa-de-entrevistas-na-tvt\" target=\"_blank\" rel=\"noopener noreferrer\">TVT<\/a><\/strong>\u00a0no comando do programa\u00a0<em>Entre Vistas<\/em>, e ainda prosseguiu com seu blog no UOL e sua participa\u00e7\u00f5es como comentarista da r\u00e1dio CBN e do canal ESPN.\u00a0<\/p>\n<p class=\" \">Para Juca, as perspectivas para os chamados esportes ol\u00edmpicos s\u00e3o piores. &#8220;J\u00e1 vimos no final do governo Temer \u2013 se \u00e9 que se possa chamar que tenha havido um governo Temer \u2013 o corte ao respaldo a esses esportes ol\u00edmpicos. E tudo que se promete s\u00e3o mais cortes, fim do patroc\u00ednio de estatais. Ou seja, o Brasil que sediou os Jogos Ol\u00edmpicos em 2016 deve voltar a ser um enorme deserto no que diz respeito \u00e0s praticas poliesportivas.&#8221;<\/p>\n<p class=\" \">_________________________________<\/p>\n<p class=\" \"><b>MUNDO DO TRABALHO<\/b><\/p>\n<p class=\" \"><b>Vagner Freitas, presidente da CUT<\/b><\/p>\n<p class=\" \">\u00a0<\/p>\n<p><b><span class=\"tile-rights\">RICARDO STUCKERT<\/span><a href=\"https:\/\/www.redebrasilatual.com.br\/cidadania\/2018\/12\/2019-que-pais-sera-esse\/vagnerfreitasstuckert.jpg\" rel=\"lightbox\"><img loading=\"lazy\" decoding=\"async\" class=\" lazyloaded\" title=\"Vagner Freitas\" src=\"https:\/\/www.redebrasilatual.com.br\/cidadania\/2018\/12\/2019-que-pais-sera-esse\/vagnerfreitasstuckert.jpg\/@@images\/570f66f6-01cb-4a93-980c-b739b1e7dcd1.jpeg\" alt=\"Vagner Freitas\" width=\"360\" height=\"203\" data-src=\"https:\/\/www.redebrasilatual.com.br\/cidadania\/2018\/12\/2019-que-pais-sera-esse\/vagnerfreitasstuckert.jpg\/@@images\/570f66f6-01cb-4a93-980c-b739b1e7dcd1.jpeg\" \/><\/a>CUT encara desafios hist\u00f3ricos, aumentados pela elei\u00e7\u00e3o de um presidente que tira trabalhadores na agenda<\/b><\/p>\n<p>\u00a0<\/p>\n<p class=\" \"><em>&#8220;Em 2019, a luta em defesa de uma previd\u00eancia p\u00fablica e solid\u00e1ria vai ser prioridade. Conjuntamente, o combate \u00e0 retirada de direitos ser\u00e1 intensificado, porque os patr\u00f5es e esse governo j\u00e1 anunciaram que consideram necess\u00e1rio fazer mais reformas para aproximar a legisla\u00e7\u00e3o da informalidade e, portanto, da precariza\u00e7\u00e3o do trabalho e da vida da classe trabalhadora.<\/em><\/p>\n<p class=\" \"><em>A esses desafios hist\u00f3ricos, agora aumentados por conta de um presidente eleito que n\u00e3o colocou os trabalhadores na agenda presidencial, soma-se o desafio de defender a organiza\u00e7\u00e3o sindical e a manuten\u00e7\u00e3o dessa organiza\u00e7\u00e3o a partir de novas formas.<\/em><\/p>\n<p class=\" \"><em>Tamb\u00e9m a defesa da democracia em 2019 seguir\u00e1 ainda mais premente, porque quem mais sofre as consequ\u00eancias dos ataques \u00e0 democracia \u00e9 o trabalhador, por esse ser um valor fundamental para a organiza\u00e7\u00e3o da sociedade \u00e0 a defesa da organiza\u00e7\u00e3o sindical e dos movimentos sociais contra qualquer tipo de persegui\u00e7\u00e3o e criminaliza\u00e7\u00e3o.\u201d\u00a0<\/em><\/p>\n<p class=\" \"><em>________________________<\/em><\/p>\n<p class=\" \"><b>MOVIMENTOS SOCIAIS<\/b><b>\u00a0<\/b><\/p>\n<p class=\" \"><b>Kelli Mafort, da Coordena\u00e7\u00e3o Nacional do Movimento dos Trabalhadores Rurais Sem Terra (MST)<\/b><\/p>\n<p class=\" \"><em>&#8220;Nossa expetativa \u00e9 que o MST e os movimentos populares possam continuar cumprindo sua miss\u00e3o hist\u00f3rica de organizar as pessoas mais simples, mais pobres, as pessoas da classe trabalhadora em torno das necessidades b\u00e1sicas da vida. N\u00f3s lutamos por terra, moradia, trabalho, comida. Lutar por essas coisas n\u00e3o pode ser considerado crime.<\/em><\/p>\n<p class=\" \"><em>O movimento sem terra, o movimento sem teto e tantos outros movimentos est\u00e3o sendo citados como principais alvos da ofensiva de Bolsonaro e seus correligion\u00e1rios. Isso n\u00e3o \u00e9 um crime contra os movimentos s\u00f3, mas na realidade \u00e9 um atentado contra a vida humana. Esses movimentos lutam por quest\u00f5es fundamentais de necessidades humanas e por isso existem movimentos populares.<\/em><\/p>\n<p class=\" \"><em>Minha maior expectativa como integrante do MST \u00e9 que esses movimentos possam continuar cumprindo com essa miss\u00e3o hist\u00f3rica, essa luta t\u00e3o importante por necessidades b\u00e1sicas dos brasileiros e brasileiras.&#8221;<\/em><\/p>\n<p class=\" \">\u00a0<\/p>\n<p><em><span class=\"tile-rights\">LUCAS DUARTE DE SOUZA E JOKA MADRUGA<\/span><img loading=\"lazy\" decoding=\"async\" class=\" lazyloaded\" title=\"MST\" src=\"https:\/\/www.redebrasilatual.com.br\/cidadania\/2018\/12\/2019-que-pais-sera-esse\/mst_lucas_joka.jpg\/image\" alt=\"MST\" width=\"680\" height=\"234\" data-src=\"https:\/\/www.redebrasilatual.com.br\/cidadania\/2018\/12\/2019-que-pais-sera-esse\/mst_lucas_joka.jpg\/image\" \/>Produ\u00e7\u00e3o agroecol\u00f3gica e manejo sustent\u00e1vel da terra est\u00e3o entre as principais causas do MST, que busca estreitar seu contato com o consumidor consciente<\/em><\/p>\n<p>\u00a0<\/p>\n<p class=\" \">\u00a0<\/p>\n<p><em><span class=\"tile-rights\">M\u00cdDIA NINJA<\/span><img loading=\"lazy\" decoding=\"async\" class=\" lazyloaded\" title=\"MTST\" src=\"https:\/\/www.redebrasilatual.com.br\/cidadania\/2018\/12\/2019-que-pais-sera-esse\/midianinjamtst.jpg\/image\" alt=\"MTST\" width=\"680\" height=\"374\" data-src=\"https:\/\/www.redebrasilatual.com.br\/cidadania\/2018\/12\/2019-que-pais-sera-esse\/midianinjamtst.jpg\/image\" \/>Ocupa\u00e7\u00e3o hist\u00f3rica do MTST em S\u00e3o Bernardo do Campo ganhou apoio popular e garantiu projeto de moradia popular para 8 mil fam\u00edlias<\/em><\/p>\n<p>\u00a0<\/p>\n<p class=\" \"><b>Guilherme Sim\u00f5es, da Coordena\u00e7\u00e3o Nacional do Movimento dos Trabalhadores Sem Teto (MTST)<\/b><\/p>\n<p class=\" \"><em>&#8220;Para o MTST, 2019 ser\u00e1 um ano de grandes desafios. Vivemos um momento delicado no que diz respeito \u00e0s garantias democr\u00e1ticas\u00a0 e, com o governo Bolsonaro, os direitos sociais estar\u00e3o cada vez mais amea\u00e7ados. No entanto, n\u00e3o seremos intimidados. Os movimentos sociais cumprir\u00e3o o papel de manter as lutas por direitos sociais e pol\u00edticos, n\u00e3o aceitando nenhum tipo de desmando ou autoritarismo.<\/em><\/p>\n<p class=\" \"><em>Para isso seguiremos realizando ocupa\u00e7\u00f5es, manifesta\u00e7\u00f5es nas ruas e tamb\u00e9m nos articulando junto a quem defenda os direitos democr\u00e1ticos em institui\u00e7\u00f5es do Estado, como o Congresso Nacional, organiza\u00e7\u00f5es n\u00e3o governamentais, organismos internacionais, entre outros. A partir de 2019, a luta dos sem-teto, mais do que nunca, ser\u00e1 tamb\u00e9m a luta do povo brasileiro, pela sobreviv\u00eancia e por direitos.&#8221;<\/em><\/p>\n<p class=\" \">\u00a0<\/p>\n<p><b><strong><span class=\"tile-rights\">ARQUIVO PESSOAL<\/span><a href=\"https:\/\/www.redebrasilatual.com.br\/cidadania\/2018\/12\/2019-que-pais-sera-esse\/jessyune.jpg\" rel=\"lightbox\"><img loading=\"lazy\" decoding=\"async\" class=\" lazyloaded\" title=\"Jessy UNE\" src=\"https:\/\/www.redebrasilatual.com.br\/cidadania\/2018\/12\/2019-que-pais-sera-esse\/jessyune.jpg\/@@images\/4be883b9-232d-45eb-98dc-57996dda29c7.jpeg\" alt=\"Jessy UNE\" width=\"230\" height=\"160\" data-src=\"https:\/\/www.redebrasilatual.com.br\/cidadania\/2018\/12\/2019-que-pais-sera-esse\/jessyune.jpg\/@@images\/4be883b9-232d-45eb-98dc-57996dda29c7.jpeg\" \/><\/a>Jessy, da UNE: n\u00e3o vai ser f\u00e1cil pra eles tamb\u00e9m; haver\u00e1 resist\u00eancia<\/strong><\/b><\/p>\n<p><b><strong>Jessy Dayane da Silva Santos, vice-presidenta da Uni\u00e3o Nacional dos Estudantes (UNE)<\/strong><\/b><\/p>\n<p>\u00a0<\/p>\n<p class=\" \"><em>&#8220;A universidade persiste como territ\u00f3rio de resist\u00eancia democr\u00e1tica, das liberdades individuais, da diversidade, do conjunto das ideias. Espa\u00e7o de debate e de di\u00e1logo. N\u00e3o \u00e9 \u00e0 toa que educa\u00e7\u00e3o e universidade est\u00e3o entre os principais territ\u00f3rios atacados pela ascens\u00e3o das ideias fascistas, pela figura do Bolsonaro e de quem constr\u00f3i com ele esse projeto. E tamb\u00e9m n\u00e3o ser\u00e1 f\u00e1cil para eles. Onde se produz conhecimento, onde se confrontam as ideias, eles t\u00eam tido mais dificuldade de se desenvolver e ter hegemonia.&#8221;<\/em><\/p>\n<p class=\" \"><em>___________<\/em><\/p>\n<p class=\" \"><b>EDUCA\u00c7\u00c3O<\/b><\/p>\n<p class=\" \"><b>Daniel Cara, cientista pol\u00edtico, integrante do Conselho Universit\u00e1rio da Universidade Federal de S\u00e3o Paulo\u00a0e coordenador da Campanha Nacional pelo Direito \u00e0 Educa\u00e7\u00e3o<\/b><\/p>\n<p class=\" \"><em>&#8220;A \u00e1rea de educa\u00e7\u00e3o ter\u00e1 de resistir \u00e0 implementa\u00e7\u00e3o da Base Nacional Comum Curricular (BNCC) e \u00e0 reforma do Ensino M\u00e9dio de Temer e seus c\u00famplices empresariais. Ao mesmo tempo, ter\u00e1 de enfrentar a sanha privatista de Paulo Guedes e Bolsonaro, bem como n\u00e3o ceder \u00e0 concep\u00e7\u00e3o autorit\u00e1ria de educa\u00e7\u00e3o de Ricardo V\u00e9lez Rodrigues, futuro Ministro da Educa\u00e7\u00e3o, que parece acreditar que um militar \u00e9 melhor educador do que um professor \u2013 o que \u00e9 um absurdo.<\/em><\/p>\n<p class=\" \"><em>Como nunca antes no Brasil, a Educa\u00e7\u00e3o \u00e0 Dist\u00e2ncia tamb\u00e9m se aproxima de uma implementa\u00e7\u00e3o radical, colocando em risco os professores e, por consequ\u00eancia, a qualidade da educa\u00e7\u00e3o.<\/em><\/p>\n<p class=\" \"><em>Mas n\u00e3o basta resistir. Em 2019 o Plano Nacional de Educa\u00e7\u00e3o (PNE) completa cinco anos sem ter avan\u00e7ado. \u00c9 preciso retomar a agenda do plano. Ao mesmo tempo, ter\u00e1 de caminhar a vota\u00e7\u00e3o do Fundeb (Fundo de Manuten\u00e7\u00e3o e Desenvolvimento da Educa\u00e7\u00e3o B\u00e1sica e Valoriza\u00e7\u00e3o dos Profissionais da Educa\u00e7\u00e3o). Ele deve ser mais robusto, pois hoje financia mal as 40 milh\u00f5es de matr\u00edculas p\u00fablicas. E o Fundeb deve ser capaz de viabilizar o Custo Aluno-Qualidade Inicial (Caqi), criado pela Campanha Nacional pelo Direito \u00e0 Educa\u00e7\u00e3o e demandado pelo PNE.<\/em><\/p>\n<p class=\" \"><em>O Caqi \u00e9 essencial. Ele traduz em valores o quanto o Brasil precisa investir por aluno ao ano, em cada etapa e modalidade da educa\u00e7\u00e3o b\u00e1sica p\u00fablica, para garantir, ao menos, um padr\u00e3o m\u00ednimo de qualidade do ensino. A ideia central \u00e9 que a garantia de insumos adequados \u00e9 condi\u00e7\u00e3o necess\u00e1ria \u2013 ainda que n\u00e3o suficiente \u2013, para o cumprimento do direito humano \u00e0 educa\u00e7\u00e3o e para a qualidade do ensino. Isso exige a indica\u00e7\u00e3o de quais insumos s\u00e3o esses e quais s\u00e3o seus custos para cada etapa e modalidade da educa\u00e7\u00e3o b\u00e1sica.<\/em><\/p>\n<p class=\" \"><em>Ou seja, enquanto Bolsonaro quer Educa\u00e7\u00e3o a Dist\u00e2ncia, n\u00f3s queremos escola p\u00fablica de qualidade. Portanto, a cada a\u00e7\u00e3o de resist\u00eancia, n\u00f3s apresentaremos uma a\u00e7\u00e3o de exist\u00eancia de um projeto de educa\u00e7\u00e3o p\u00fablica, gratuita, laica e de qualidade. E vamos fazer isso at\u00e9 que o Brasil retome o bom senso e a normalidade democr\u00e1tica, sem a sanha autorit\u00e1ria que nos assola.&#8221;<\/em><\/p>\n<p class=\" \">\u00a0<\/p>\n<dl class=\"image-inline captioned\">\n<dt><span class=\"tile-rights\">REPRODU\u00c7\u00c3O<\/span><img loading=\"lazy\" decoding=\"async\" class=\" lazyloaded\" title=\"Amarelos\" src=\"https:\/\/www.redebrasilatual.com.br\/cidadania\/2018\/12\/2019-que-pais-sera-esse\/amarelos.jpg\/image\" alt=\"Amarelos\" width=\"680\" height=\"311\" data-src=\"https:\/\/www.redebrasilatual.com.br\/cidadania\/2018\/12\/2019-que-pais-sera-esse\/amarelos.jpg\/image\" \/><\/dt>\n<dd class=\"image-caption\">As camisas amarelas, marca do apoio ao golpe, n\u00e3o foram \u00e0s ruas reclamar do corte de investimentos em sa\u00fade e educa\u00e7\u00e3o<\/dd>\n<\/dl>\n<p class=\" \"><b>SA\u00daDE<\/b><\/p>\n<p class=\" \"><b>M\u00e1rio Scheffer, professor de Pol\u00edtica e Sistema de Sa\u00fade na Faculdade de Medicina da USP<\/b><\/p>\n<p class=\" \"><em>&#8220;A expectativa \u00e9 que o SUS seja preservado. O SUS completou 30 anos e nesse tempo todo passou por muitos desafios, muitas amea\u00e7as. Com todos os problemas e as dificuldades, esperamos que ele seja mais importante, mais relevante que os governos. A trancos e barrancos o SUS tem conseguido se viabilizar ao longo de governos de diversos partidos, com diversos golpes e amea\u00e7as que tem sofrido.<\/em><\/p>\n<p class=\" \"><em>Claro que o cen\u00e1rio atual \u00e9 de risco, de amea\u00e7a, retrocessos, mas o que a gente espera \u00e9 a preserva\u00e7\u00e3o do SUS constitucional. Por enquanto n\u00f3s desconhecemos qual a proposta para a sa\u00fade. Isso n\u00e3o apareceu em programa de governo, nem desde que o nome do ministro foi anunciado, ent\u00e3o \u00e9 uma expectativa total.<\/em><\/p>\n<p class=\" \"><em>A grande quest\u00e3o de fato ser\u00e1 o financiamento: como o SUS vai manter suas obriga\u00e7\u00f5es apenas com recurso do ano anterior acrescido da infla\u00e7\u00e3o. Os recursos j\u00e1 s\u00e3o insuficientes. \u00c9 algo que esperamos que possa se reverter. N\u00e3o haver\u00e1 milagre, n\u00e3o \u00e9 poss\u00edvel apenas com boa gest\u00e3o economizar recursos a ponto de serem suficientes para tudo aquilo que o SUS precisa.<\/em><\/p>\n<p class=\" \"><em>Nos preocupa algumas quest\u00f5es mais ligadas a moral, costumes, religi\u00e3o que podem interferir em algumas pol\u00edticas espec\u00edficas e precisamos estar atentos a essa vis\u00e3o mais conservadora. Programas como de HIV\/Aids e a quest\u00e3o da preven\u00e7\u00e3o para popula\u00e7\u00f5es vulner\u00e1veis; programas que tratam o aborto como problema de sa\u00fade p\u00fablica; a sa\u00fade mental; o uso de \u00e1lcool e drogas. Esperamos que n\u00e3o haja contamina\u00e7\u00e3o das pol\u00edticas de sa\u00fade por quest\u00f5es de moral, de religi\u00e3o. H\u00e1 riscos de retrocessos nessa \u00e1rea. Vamos ver. Na sa\u00fade o ministro \u00e9 da \u00e1rea, os secret\u00e1rios, o segundo escal\u00e3o s\u00e3o do ramo e talvez seja poss\u00edvel um di\u00e1logo.&#8221;<\/em><\/p>\n<p class=\" \">___________<\/p>\n<p class=\" \"><b>AMBIENTE<\/b><\/p>\n<p class=\" \">\u00a0<\/p>\n<p><b><span class=\"tile-rights\">FACEBOOK<\/span><a href=\"https:\/\/www.redebrasilatual.com.br\/cidadania\/2018\/12\/2019-que-pais-sera-esse\/copy_of_nina.jpg\" rel=\"lightbox\"><img loading=\"lazy\" decoding=\"async\" class=\" lazyloaded\" title=\"Nina Orlow\" src=\"https:\/\/www.redebrasilatual.com.br\/cidadania\/2018\/12\/2019-que-pais-sera-esse\/copy_of_nina.jpg\/@@images\/2d82441a-c1ba-4b26-9664-f3fa3baa283c.jpeg\" alt=\"Nina Orlow\" width=\"230\" height=\"230\" data-src=\"https:\/\/www.redebrasilatual.com.br\/cidadania\/2018\/12\/2019-que-pais-sera-esse\/copy_of_nina.jpg\/@@images\/2d82441a-c1ba-4b26-9664-f3fa3baa283c.jpeg\" \/><\/a>Nina Orlow cobra a\u00e7\u00f5es que estimulem sociedades socialmente justas e ecologicamente equilibradas<\/b><\/p>\n<p>\u00a0<\/p>\n<p class=\" \"><b>Nina Orlow, ambientalista e urbanista do Alian\u00e7a Res\u00edduo Zero\/Polis, Objetivos de Desenvolvimento Sustent\u00e1vel (ODS) e Rede Nossa SP<\/b><\/p>\n<p class=\" \"><em>&#8220;Quest\u00f5es socioambientais permeiam todas as \u00e1reas e afetam a vida de todos os seres. Enquanto essa conectividade n\u00e3o for compreendida por nossos gestores, continuaremos colecionando fracassos, retrocessos, degrada\u00e7\u00e3o e perda de recursos.<\/em><\/p>\n<p class=\" \"><em>Existem bons planos, projetos, programas, agendas e leis, constru\u00eddas de forma participativa, mas precisam ser colocadas em a\u00e7\u00e3o e fortalecidas pela Educa\u00e7\u00e3o Ambiental permanente e de qualidade, que estimule sociedades socialmente justas, e ecologicamente equilibradas.<\/em><\/p>\n<p class=\" \"><em>Para 2019, no \u00e2mbito nacional, por enquanto n\u00e3o h\u00e1 sinaliza\u00e7\u00e3o de pol\u00edticas p\u00fablicas nesta dire\u00e7\u00e3o, mas o cumprimento das leis \u00e9 obrigat\u00f3rio.\u00a0 Precisamos ficar de olho, cobrar e fiscalizar e paralelamente estimular e valorizar as boas pr\u00e1ticas e a\u00e7\u00f5es locais.&#8221;<\/em><\/p>\n<p class=\" \">______________________<\/p>\n<p class=\" \"><b>DIREITOS HUMANOS<\/b><\/p>\n<p class=\" \">\u00a0<\/p>\n<p><b><span class=\"tile-rights\">JAILTON GARCIA\/RBA<\/span><a href=\"https:\/\/www.redebrasilatual.com.br\/cidadania\/2018\/12\/2019-que-pais-sera-esse\/sottili.jpg\" rel=\"lightbox\"><img loading=\"lazy\" decoding=\"async\" class=\" lazyloaded\" title=\"Rog\u00e9rio Sottili\" src=\"https:\/\/www.redebrasilatual.com.br\/cidadania\/2018\/12\/2019-que-pais-sera-esse\/sottili.jpg\/@@images\/92164b95-6be2-48cd-9caf-ba9078834162.jpeg\" alt=\"Rog\u00e9rio Sottili\" width=\"360\" height=\"294\" data-src=\"https:\/\/www.redebrasilatual.com.br\/cidadania\/2018\/12\/2019-que-pais-sera-esse\/sottili.jpg\/@@images\/92164b95-6be2-48cd-9caf-ba9078834162.jpeg\" \/><\/a>Para Sottili n\u00e3o ser\u00e1 um ano de prosperidade, mas de organizar sonhos e resist\u00eancia para lutar pelos direitos humanos<\/b><\/p>\n<p>\u00a0<\/p>\n<p class=\" \"><b>Rog\u00e9rio Sottili,\u00a0<strong>\u00e9 diretor executivo do Instituto Vladimir Herzog, foi secret\u00e1rio especial dos Direitos Humanos do governo Dilma Rousseff<\/strong><\/b><\/p>\n<p class=\" \"><em>&#8220;N\u00e3o ser\u00e1 um ano de prosperidade. Ser\u00e1 um ano de organizar nossos sonhos, organizar o movimento social, organizar nossa resist\u00eancia para lutar pelos nossos direitos humanos. E tamb\u00e9m ser\u00e1 um ano de cobrar o cumprimento das recomenda\u00e7\u00f5es internacionais, o cumprimento das recomenda\u00e7\u00f5es da Comiss\u00e3o Nacional da verdade. E exigir acima de tudo respeito \u00e0 justi\u00e7a, respeito \u00e0 Constitui\u00e7\u00e3o do Brasil, e sobretudo a presun\u00e7\u00e3o de inoc\u00eancia.<\/em><\/p>\n<p class=\" \"><em>2019 me faz lembrar uma fala do Kalil Gibran em que ele dizia que: diziam que antes de o rio entrar no mar ou rio treme de medo, mas n\u00e3o h\u00e1 outra maneira, o rio n\u00e3o pode voltar, \u00e9 imposs\u00edvel para exist\u00eancia de cada um. \u00c9 preciso entrar no oceano para o medo desaparecer e a\u00ed o rio saber\u00e1 que ele n\u00e3o vai desaparecer, mas vai se tornar oceano.<\/em><\/p>\n<p class=\" \"><em>Acho que \u00e9 um pouco isso que n\u00f3s vamos viver em 2019. A gente vai ter descobrir que n\u00f3s precisamos enfrentar, entrar no oceano, pro medo dos tempos que vamos viver desaparecer. E a\u00ed sim E a\u00ed sim a gente vai organizar o nosso movimento social, o movimento dos direitos humanos, organizar a nossa resist\u00eancia pra cobrar acima de tudo respeito \u00e0 Constitui\u00e7\u00e3o e aos direitos conquistados durante todo esse tempo. Mas n\u00e3o ser\u00e1 um ano de prosperidade.&#8221;<\/em><\/p>\n<p class=\" \"><em>__________<\/em><\/p>\n<p class=\" \"><b>POL\u00cdTICA<\/b><\/p>\n<p class=\" \"><b>Aldo Fornazieri,\u00a0 doutor em\u00a0Ci\u00eancia Pol\u00edtica, diretor Acad\u00eamico da Funda\u00e7\u00e3o Escola de Sociologia e Pol\u00edtica<\/b><\/p>\n<p class=\" \"><em>&#8220;Tem de esperar para ver o que vai acontecer. Apesar de todas as sinaliza\u00e7\u00f5es dadas pelo governo eleito, tem de ver o que realmente vai fazer. Vai ser um ano dif\u00edcil.<\/em><\/p>\n<p class=\" \"><em>E ser\u00e1 dif\u00edcil aprovar as reformas, principalmente a da Previd\u00eancia. O setor p\u00fablico est\u00e1 quebrado e vai ser muito dif\u00edcil conseguir investimentos. Ser\u00e1 o ano do aperto.<\/em><\/p>\n<p><em>\u00c9 preciso estar atento para ver o que vai ser feito na \u00e1rea dos direitos, das liberdades individuais, das garantias \u00e0 Constitui\u00e7\u00e3o, ao estado democr\u00e1tico de direito.<\/em><\/p>\n<p class=\" \"><em>Setores democr\u00e1ticos t\u00eam de ser organizar para resistir. A esquerda tem de sair do palavr\u00f3rio e ir para a a\u00e7\u00e3o. Sem organiza\u00e7\u00e3o de base n\u00e3o se resiste. Precisa sair do discurso e se organizar nas bases sociais, principalmente nas periferias, onde perdeu espa\u00e7o.<\/em><\/p>\n<p class=\" \"><em>Tem de haver uma articula\u00e7\u00e3o maior entre os partidos progressistas e tamb\u00e9m os movimentos sociais. N\u00e3o significa que v\u00e1 se resolver pela forma\u00e7\u00e3o da frente que est\u00e1 sendo organizada. Mas reunir integrantes da esquerda ao centro para defender a Constitui\u00e7\u00e3o, o estado democr\u00e1tico de direito. Uma luta sobre pontos concretos, direitos, liberdades, garantias, e sempre que houver amea\u00e7a, agir.<\/em><\/p>\n<p class=\" \"><em>A quest\u00e3o ambiental tamb\u00e9m \u00e9 muito importante. Tem de haver uma articula\u00e7\u00e3o pol\u00edtica e social maior para a defesa nessa \u00e1rea e contra o verdadeiro massacre contra ambientalistas, ind\u00edgenas, lideran\u00e7as.&#8221;<\/em><\/p>\n<p class=\" \"><em>___________<\/em><\/p>\n<p class=\" \"><b>ECONOMIA<\/b><\/p>\n<p class=\" \"><b>Ladislau Dowbor, economista e consultor de diversas ag\u00eancias das Na\u00e7\u00f5es Unidas<\/b><\/p>\n<p class=\" \"><em>&#8220;O Banco Mundial qualificou os anos 2003 a 2013 de\u00a0The Golden Decade,\u00a0a d\u00e9cada dourada da economia brasileira. \u00c9 preciso ser muito ideologicamente cego para ignorar o imenso avan\u00e7o que representaram a queda do desemprego de 12% em 2002 para 4,8% em 2013, a abertura de 18 milh\u00f5es de empregos formais, a retirada de 38 milh\u00f5es de pessoas da pobreza, a redu\u00e7\u00e3o do desmatamento da Amaz\u00f4nia de 28 para 4 mil quil\u00f4metros quadrados, o acesso \u00e0 luz el\u00e9trica para 15 milh\u00f5es de pessoas e assim por diante. A opacidade mental dificulta naturalmente a aceita\u00e7\u00e3o dos n\u00fameros por quem quer se convencer do contr\u00e1rio.\u00a0<\/em><\/p>\n<p class=\" \"><em>Vis\u00f5es estrat\u00e9gicas existem, e s\u00e3o razoavelmente \u00f3bvias: o resgate da dimens\u00e3o p\u00fablica do Estado, a taxa\u00e7\u00e3o dos capitais improdutivos que nos governam, a reforma do nosso sistema tribut\u00e1rio aberrante, a obriga\u00e7\u00e3o de transpar\u00eancia dos fluxos financeiros, uma renda b\u00e1sica de cidadania, a redu\u00e7\u00e3o da jornada de trabalho \u00e0 medida que avan\u00e7a a produtividade, o resgate do papel das cidades como unidades b\u00e1sicas de governan\u00e7a, a constitui\u00e7\u00e3o de um m\u00ednimo de governan\u00e7a global nos caos internacional que se constata. \u00c9 vi\u00e1vel? A quest\u00e3o n\u00e3o \u00e9 ser ou n\u00e3o vi\u00e1vel, mas sim, em primeiro lugar, entender a dimens\u00e3o essencialmente pol\u00edtica dos desafios, a centralidade da quest\u00e3o do poder. Em segundo lugar, entender que \u00e9 uma quest\u00e3o de tempo, pois com a mudan\u00e7a clim\u00e1tica, a destrui\u00e7\u00e3o da biodiversidade, o aprofundamento do fosso entre ricos e pobres, a contamina\u00e7\u00e3o mundial da \u00e1gua e outros desafios que se avolumam, estamos apenas adiando as medidas, provavelmente at\u00e9 que uma cat\u00e1strofe planet\u00e1ria gere a for\u00e7a pol\u00edtica necess\u00e1ria.<\/em><\/p>\n<p class=\" \"><em>A eros\u00e3o do pouco de democracia que o Brasil tinha se d\u00e1 como numa trag\u00e9dia burlesca. Derrubamos as pol\u00edticas que estavam dando certo, desfiguramos a Constitui\u00e7\u00e3o que nos protegia dos absurdos, elegemos um charlat\u00e3o cujo \u00fanico compromisso \u00e9 deixar a oligarquia livre para aprofundar os seus desmandos. Haver\u00e1 um Brasil profundo, um bom senso latente na cabe\u00e7a de milh\u00f5es, permitindo retomar os avan\u00e7os para uma sociedade decente? Paulo Freire declarou um dia que queria \u201cuma sociedade menos malvada\u201d. Os nossos desafios s\u00e3o imensos, e a n\u00f3s que somos professores, ou comunicadores, ou organizadores sociais, ou simples cidad\u00e3os, cabe a tarefa de explicar o \u00f3bvio: uma sociedade que funcione tem de ser uma sociedade para todos. A burrice se enfrenta, de prefer\u00eancia, com intelig\u00eancia.&#8221;<\/em><\/p>\n<p class=\" \">(<span class=\"discreet\"><em>Trechos do artigo\u00a0<\/em><a class=\"external-link\" title=\"\" href=\"http:\/\/www.redebrasilatual.com.br%20http\/\" target=\"_blank\" rel=\"noopener noreferrer\">A Burrice no Poder<\/a><\/span>)\u00a0<\/p>\n<p class=\" \">\u00a0<\/p>\n<p class=\" \"><span style=\"text-decoration: underline;\"><strong>Fonte: Rede Brasil Atual<\/strong><\/span><\/p>\n","protected":false},"excerpt":{"rendered":"<p>O ano de\u00a02019\u00a0promete, s\u00f3 n\u00e3o se sabe bem o qu\u00ea. Como em toda\u00a0virada de ano, a expectativa \u00e9 grande, mas nesta, especialmente, os receios tamb\u00e9m s\u00e3o muitos. A\u00a0elei\u00e7\u00e3o de JairBolsonaro, diante de suas promessas de campanha e da composi\u00e7\u00e3o da equipe com que pretende governar o Brasil, provoca temores em setores essenciais para o pa\u00eds [&hellip;]<\/p>\n","protected":false},"author":2,"featured_media":5832,"comment_status":"","ping_status":"","sticky":false,"template":"","format":"standard","meta":{"footnotes":""},"categories":[3],"tags":[],"class_list":["post-5833","post","type-post","status-publish","format-standard","has-post-thumbnail","hentry","category-noticias"],"_links":{"self":[{"href":"https:\/\/hostnetart.com.br\/baixada\/wp-json\/wp\/v2\/posts\/5833","targetHints":{"allow":["GET"]}}],"collection":[{"href":"https:\/\/hostnetart.com.br\/baixada\/wp-json\/wp\/v2\/posts"}],"about":[{"href":"https:\/\/hostnetart.com.br\/baixada\/wp-json\/wp\/v2\/types\/post"}],"author":[{"embeddable":true,"href":"https:\/\/hostnetart.com.br\/baixada\/wp-json\/wp\/v2\/users\/2"}],"replies":[{"embeddable":true,"href":"https:\/\/hostnetart.com.br\/baixada\/wp-json\/wp\/v2\/comments?post=5833"}],"version-history":[{"count":0,"href":"https:\/\/hostnetart.com.br\/baixada\/wp-json\/wp\/v2\/posts\/5833\/revisions"}],"wp:featuredmedia":[{"embeddable":true,"href":"https:\/\/hostnetart.com.br\/baixada\/wp-json\/wp\/v2\/media\/5832"}],"wp:attachment":[{"href":"https:\/\/hostnetart.com.br\/baixada\/wp-json\/wp\/v2\/media?parent=5833"}],"wp:term":[{"taxonomy":"category","embeddable":true,"href":"https:\/\/hostnetart.com.br\/baixada\/wp-json\/wp\/v2\/categories?post=5833"},{"taxonomy":"post_tag","embeddable":true,"href":"https:\/\/hostnetart.com.br\/baixada\/wp-json\/wp\/v2\/tags?post=5833"}],"curies":[{"name":"wp","href":"https:\/\/api.w.org\/{rel}","templated":true}]}}