{"id":5829,"date":"2019-01-02T23:38:54","date_gmt":"2019-01-03T01:38:54","guid":{"rendered":"https:\/\/hostnetart.com.br\/baixada\/contraf-cut-apoia-debora-fonseca-para-caref\/"},"modified":"2019-01-02T23:38:54","modified_gmt":"2019-01-03T01:38:54","slug":"contraf-cut-apoia-debora-fonseca-para-caref","status":"publish","type":"post","link":"https:\/\/hostnetart.com.br\/baixada\/contraf-cut-apoia-debora-fonseca-para-caref\/","title":{"rendered":"Contraf-CUT apoia D\u00e9bora Fonseca para Caref"},"content":{"rendered":"<div class=\"content\">\n<p>De 2 a 8 de janeiro os funcion\u00e1rios e funcion\u00e1rias do Banco do Brasil elegem seu representante para o Conselho de Administra\u00e7\u00e3o, o Caref. A Confedera\u00e7\u00e3o Nacional dos Trabalhadores do Ramo Financeiro (Contraf-CUT) apoia a elei\u00e7\u00e3o de D\u00e9bora Fonseca, militante sindical de base em S\u00e3o Paulo.<\/p>\n<p>D\u00e9bora defende a manuten\u00e7\u00e3o e fortalecimento do BB como empresa p\u00fablica e principal agente de cr\u00e9dito para a retomada da atividade econ\u00f4mica com gera\u00e7\u00e3o de emprego e renda.<\/p>\n<p>Se eleita, D\u00e9bora ser\u00e1 a voz dos funcion\u00e1rios e funcion\u00e1rias no Conselho de Administra\u00e7\u00e3o e trabalhar\u00e1 para que a dire\u00e7\u00e3o do banco respeite todos os que constroem o banco no dia a dia e conhecem a realidade da clientela e de cada localidade.<\/p>\n<p>Atuar\u00e1 junto com as entidades sindicais e representativas para defender os direitos, os sal\u00e1rios e o emprego dos funcion\u00e1rios. Pela manuten\u00e7\u00e3o e fortalecimento da Previ, Cassi, Economus e Fusesc.<\/p>\n<p>A elei\u00e7\u00e3o acontece em dois turnos. Votam somente os funcion\u00e1rios da ativa, pelo SISBB. Para votar, digite o nome da candidata D\u00e9bora Cristina Fonseca ou o n\u00famero de matr\u00edcula F2331616<\/p>\n<p>Veja o <ins><strong><a href=\"http:\/\/www.contrafcut.org.br\/publicacoes\/eleicoes-caref-39f4\" target=\"_blank\" rel=\"noopener noreferrer\">material de divulga\u00e7\u00e3o<\/a><\/strong><\/ins>.<\/p>\n<\/div>\n<p id=\"page-author\"><strong>Fonte: Contraf-CUT<\/strong><\/p>\n","protected":false},"excerpt":{"rendered":"<p>De 2 a 8 de janeiro os funcion\u00e1rios e funcion\u00e1rias do Banco do Brasil elegem seu representante para o Conselho de Administra\u00e7\u00e3o, o Caref. A Confedera\u00e7\u00e3o Nacional dos Trabalhadores do Ramo Financeiro (Contraf-CUT) apoia a elei\u00e7\u00e3o de D\u00e9bora Fonseca, militante sindical de base em S\u00e3o Paulo. D\u00e9bora defende a manuten\u00e7\u00e3o e fortalecimento do BB como [&hellip;]<\/p>\n","protected":false},"author":2,"featured_media":5828,"comment_status":"","ping_status":"","sticky":false,"template":"","format":"standard","meta":{"footnotes":""},"categories":[3],"tags":[],"class_list":["post-5829","post","type-post","status-publish","format-standard","has-post-thumbnail","hentry","category-noticias"],"_links":{"self":[{"href":"https:\/\/hostnetart.com.br\/baixada\/wp-json\/wp\/v2\/posts\/5829","targetHints":{"allow":["GET"]}}],"collection":[{"href":"https:\/\/hostnetart.com.br\/baixada\/wp-json\/wp\/v2\/posts"}],"about":[{"href":"https:\/\/hostnetart.com.br\/baixada\/wp-json\/wp\/v2\/types\/post"}],"author":[{"embeddable":true,"href":"https:\/\/hostnetart.com.br\/baixada\/wp-json\/wp\/v2\/users\/2"}],"replies":[{"embeddable":true,"href":"https:\/\/hostnetart.com.br\/baixada\/wp-json\/wp\/v2\/comments?post=5829"}],"version-history":[{"count":0,"href":"https:\/\/hostnetart.com.br\/baixada\/wp-json\/wp\/v2\/posts\/5829\/revisions"}],"wp:featuredmedia":[{"embeddable":true,"href":"https:\/\/hostnetart.com.br\/baixada\/wp-json\/wp\/v2\/media\/5828"}],"wp:attachment":[{"href":"https:\/\/hostnetart.com.br\/baixada\/wp-json\/wp\/v2\/media?parent=5829"}],"wp:term":[{"taxonomy":"category","embeddable":true,"href":"https:\/\/hostnetart.com.br\/baixada\/wp-json\/wp\/v2\/categories?post=5829"},{"taxonomy":"post_tag","embeddable":true,"href":"https:\/\/hostnetart.com.br\/baixada\/wp-json\/wp\/v2\/tags?post=5829"}],"curies":[{"name":"wp","href":"https:\/\/api.w.org\/{rel}","templated":true}]}}