{"id":5825,"date":"2018-12-28T17:56:55","date_gmt":"2018-12-28T19:56:55","guid":{"rendered":"https:\/\/hostnetart.com.br\/baixada\/mercado-de-trabalho-so-abre-vagas-sem-carteira-desalento-atinge-4-7-milhoes\/"},"modified":"2018-12-28T17:56:55","modified_gmt":"2018-12-28T19:56:55","slug":"mercado-de-trabalho-so-abre-vagas-sem-carteira-desalento-atinge-4-7-milhoes","status":"publish","type":"post","link":"https:\/\/hostnetart.com.br\/baixada\/mercado-de-trabalho-so-abre-vagas-sem-carteira-desalento-atinge-4-7-milhoes\/","title":{"rendered":"Mercado de trabalho s\u00f3 abre vagas sem carteira. Desalento atinge 4,7 milh\u00f5es"},"content":{"rendered":"<p>A taxa oficial de desemprego recuou para 11,6% no trimestre encerrado em novembro, segundo o IBGE, ante 12,1% em agosto e 12% em igual per\u00edodo do ano passado. A estimativa \u00e9 de 12,206 milh\u00f5es de desempregados, 501 mil a menos no trimestre (-3,9%) e 364 mil a menos em 12 meses (-2,9%). O dado estat\u00edstico \u00e9 positivo, mas o mercado de trabalho tem, basicamente, criado vagas entre trabalhadores sem carteira e por conta pr\u00f3pria, reduzindo os v\u00ednculos formais.<\/p>\n<p>De agosto para novembro, o pa\u00eds tem 1,108 milh\u00e3o de ocupados a mais (alta de 1,2%), em um total de 93,189 milh\u00f5es. Mas, dessas vagas criadas, nenhuma \u00e9 com carteira assinada. J\u00e1 o emprego sem carteira cresceu 4,5%, com acr\u00e9scimo de 498 mil. E h\u00e1 mais 528 mil trabalhadores por conta pr\u00f3pria (2,3%).<\/p>\n<p>Isso se repete na compara\u00e7\u00e3o anual. Em rela\u00e7\u00e3o a novembro de 2017, s\u00e3o mais 1,241 milh\u00e3o de ocupados (1,3%). Nesse intervalo, o pa\u00eds perde 256 mil empregos com carteira no setor privado (-0,8%) e ganha 522 mil (4,7%). S\u00e3o mais 771 mil por conta pr\u00f3pria (3,3%).<\/p>\n<p class=\" \">A chamada taxa de subutiliza\u00e7\u00e3o da for\u00e7a de trabalho, que inclui pessoas que gostariam de trabalhar mais, por\u00e9m n\u00e3o conseguem, passou de 24,4% para 23,9% no trimestre, ainda acima de 2017 (23,7%). A popula\u00e7\u00e3o subutilizada foi estimada em 27 milh\u00f5es, 478 mil a menos no trimestre (-1,7%) e 486 mil a mais em um ano (1,8%).<\/p>\n<p class=\" \">O n\u00famero de pessoas desalentadas, que desistiram de procurar trabalho, \u00e9 estimado em 4,7 milh\u00f5es, 9,9% a mais do que no ano passado (4,3 milh\u00f5es). No trimestre, houve estabilidade.<\/p>\n<p>Com\u00e9rcio, constru\u00e7\u00e3o e administra\u00e7\u00e3o p\u00fablica cresceram no trimestre. A ind\u00fastria fechou vagas, inclusive na compara\u00e7\u00e3o anual.\u00a0<\/p>\n<p>Estimado em R$ 2.238, o rendimento m\u00e9dio n\u00e3o teve varia\u00e7\u00e3o considerada significativa pelo IBGE. Isso acontece tamb\u00e9m com a massa de rendimentos, calculada em R$ 203,5 bilh\u00f5es.<\/p>\n<p>\u00a0<\/p>\n<p><strong>Fonte: Rede Brasil Atual<\/strong><\/p>\n","protected":false},"excerpt":{"rendered":"<p>A taxa oficial de desemprego recuou para 11,6% no trimestre encerrado em novembro, segundo o IBGE, ante 12,1% em agosto e 12% em igual per\u00edodo do ano passado. A estimativa \u00e9 de 12,206 milh\u00f5es de desempregados, 501 mil a menos no trimestre (-3,9%) e 364 mil a menos em 12 meses (-2,9%). O dado estat\u00edstico [&hellip;]<\/p>\n","protected":false},"author":2,"featured_media":5824,"comment_status":"","ping_status":"","sticky":false,"template":"","format":"standard","meta":{"footnotes":""},"categories":[3],"tags":[],"class_list":["post-5825","post","type-post","status-publish","format-standard","has-post-thumbnail","hentry","category-noticias"],"_links":{"self":[{"href":"https:\/\/hostnetart.com.br\/baixada\/wp-json\/wp\/v2\/posts\/5825","targetHints":{"allow":["GET"]}}],"collection":[{"href":"https:\/\/hostnetart.com.br\/baixada\/wp-json\/wp\/v2\/posts"}],"about":[{"href":"https:\/\/hostnetart.com.br\/baixada\/wp-json\/wp\/v2\/types\/post"}],"author":[{"embeddable":true,"href":"https:\/\/hostnetart.com.br\/baixada\/wp-json\/wp\/v2\/users\/2"}],"replies":[{"embeddable":true,"href":"https:\/\/hostnetart.com.br\/baixada\/wp-json\/wp\/v2\/comments?post=5825"}],"version-history":[{"count":0,"href":"https:\/\/hostnetart.com.br\/baixada\/wp-json\/wp\/v2\/posts\/5825\/revisions"}],"wp:featuredmedia":[{"embeddable":true,"href":"https:\/\/hostnetart.com.br\/baixada\/wp-json\/wp\/v2\/media\/5824"}],"wp:attachment":[{"href":"https:\/\/hostnetart.com.br\/baixada\/wp-json\/wp\/v2\/media?parent=5825"}],"wp:term":[{"taxonomy":"category","embeddable":true,"href":"https:\/\/hostnetart.com.br\/baixada\/wp-json\/wp\/v2\/categories?post=5825"},{"taxonomy":"post_tag","embeddable":true,"href":"https:\/\/hostnetart.com.br\/baixada\/wp-json\/wp\/v2\/tags?post=5825"}],"curies":[{"name":"wp","href":"https:\/\/api.w.org\/{rel}","templated":true}]}}