{"id":5823,"date":"2018-12-28T17:56:00","date_gmt":"2018-12-28T19:56:00","guid":{"rendered":"https:\/\/hostnetart.com.br\/baixada\/bancos-tem-demitido-pessoas-com-estabilidade-pre-aposentadoria\/"},"modified":"2018-12-28T17:56:00","modified_gmt":"2018-12-28T19:56:00","slug":"bancos-tem-demitido-pessoas-com-estabilidade-pre-aposentadoria","status":"publish","type":"post","link":"https:\/\/hostnetart.com.br\/baixada\/bancos-tem-demitido-pessoas-com-estabilidade-pre-aposentadoria\/","title":{"rendered":"Bancos t\u00eam demitido pessoas com estabilidade pr\u00e9-aposentadoria"},"content":{"rendered":"<p class=\" \">Desde a aprova\u00e7\u00e3o da <a class=\"internal-link\" title=\"\" href=\"https:\/\/www.redebrasilatual.com.br\/trabalho\/2018\/11\/reforma-trabalhista-reduziu-trabalho-decente-e-ampliou-empregos-precarios\" target=\"_blank\" rel=\"noopener noreferrer\">&#8220;reforma&#8221; trabalhista<\/a>, em 2017, os bancos privados est\u00e3o demitindo funcion\u00e1rios que se encontram na estabilidade pr\u00e9-aposentadoria. A a\u00e7\u00e3o ignora a cl\u00e1usula 27 da Conven\u00e7\u00e3o Coletiva do Trabalho dos <a class=\"external-link\" title=\"\" href=\"http:\/\/spbancarios.com.br\/08\/2018\/Ita%C3%BA%20condenado%20por%20demitir%20na%20pre-aposentadoria\" target=\"_blank\" rel=\"noopener noreferrer\">banc\u00e1rios<\/a>, que assegura a manuten\u00e7\u00e3o do emprego nos dois anos anteriores \u00e0 aposentadoria. S\u00f3 entre os dias 17 e 21 de dezembro, segundo o Sindicato dos Banc\u00e1rios e Financi\u00e1rios de S\u00e3o Paulo, Osasco e Regi\u00e3o (SPBanc\u00e1rios), seis funcion\u00e1rios denunciaram terem sido desligados durante o per\u00edodo de estabilidade.<\/p>\n<p class=\" \">Ao rep\u00f3rter do <i>Seu Jornal<\/i>, da <b>TVT<\/b>, Andr\u00e9 Gianocari, o secret\u00e1rio de Sa\u00fade do Sindicato dos Banc\u00e1rios de S\u00e3o Paulo, Osasco e Regi\u00e3o, Carlos Damarindo, classifica a medida dos bancos como &#8220;truculenta&#8221;, por desrespeitar o trabalho de anos dos profissionais e impor a eles que o per\u00edodo de pr\u00e9-estabilidade seja comunicado por meio de uma carta.<\/p>\n<p class=\" \">De acordo com Damarindo, a<a class=\"internal-link\" title=\"\" href=\"https:\/\/www.redebrasilatual.com.br\/trabalho\/2018\/12\/sindicatos-desaprovam-divisao-da-pasta-do-trabalho-precarizacao-e-retrocessos\" target=\"_blank\" rel=\"noopener noreferrer\"> fiscaliza\u00e7\u00e3o<\/a> da pr\u00e1tica tem sido cada vez mais dif\u00edcil desde que as entidades sindicais deixaram de acompanhar a <a class=\"internal-link\" title=\"\" href=\"https:\/\/www.redebrasilatual.com.br\/trabalho\/2018\/07\/sem-homologacao-nos-sindicatos-trabalhador-fica-desprotegido-na-hora-da-demissao\" target=\"_blank\" rel=\"noopener noreferrer\">homologa\u00e7\u00e3o<\/a>, com <a class=\"internal-link\" title=\"\" href=\"https:\/\/www.redebrasilatual.com.br\/trabalho\/2018\/08\/reforma-trabalhista-dificulta-acesso-a-justica\" target=\"_blank\" rel=\"noopener noreferrer\">anu\u00eancia da &#8220;reforma&#8221;<\/a> trabalhista.<\/p>\n<p class=\" \">&#8220;A gente conseguia ter um controle maior e evitar que isso acontecesse. Hoje, o trabalhador \u00e9 demitido, n\u00e3o homologa mais no sindicato e depois disso ele vem procur\u00e1-lo. Ent\u00e3o a gente s\u00f3 pega a informa\u00e7\u00e3o no p\u00f3s. \u00c9 uma situa\u00e7\u00e3o muito ruim para os trabalhadores e tamb\u00e9m para os bancos porque vai gerar um passivo trabalhista&#8221;, explica o secret\u00e1rio.<\/p>\n<p class=\" \">\u00a0<\/p>\n<p class=\" \"><strong>Fonte: Rede Brasil Atual<\/strong><\/p>\n","protected":false},"excerpt":{"rendered":"<p>Desde a aprova\u00e7\u00e3o da &#8220;reforma&#8221; trabalhista, em 2017, os bancos privados est\u00e3o demitindo funcion\u00e1rios que se encontram na estabilidade pr\u00e9-aposentadoria. A a\u00e7\u00e3o ignora a cl\u00e1usula 27 da Conven\u00e7\u00e3o Coletiva do Trabalho dos banc\u00e1rios, que assegura a manuten\u00e7\u00e3o do emprego nos dois anos anteriores \u00e0 aposentadoria. S\u00f3 entre os dias 17 e 21 de dezembro, segundo [&hellip;]<\/p>\n","protected":false},"author":2,"featured_media":5822,"comment_status":"","ping_status":"","sticky":false,"template":"","format":"standard","meta":{"footnotes":""},"categories":[3],"tags":[],"class_list":["post-5823","post","type-post","status-publish","format-standard","has-post-thumbnail","hentry","category-noticias"],"_links":{"self":[{"href":"https:\/\/hostnetart.com.br\/baixada\/wp-json\/wp\/v2\/posts\/5823","targetHints":{"allow":["GET"]}}],"collection":[{"href":"https:\/\/hostnetart.com.br\/baixada\/wp-json\/wp\/v2\/posts"}],"about":[{"href":"https:\/\/hostnetart.com.br\/baixada\/wp-json\/wp\/v2\/types\/post"}],"author":[{"embeddable":true,"href":"https:\/\/hostnetart.com.br\/baixada\/wp-json\/wp\/v2\/users\/2"}],"replies":[{"embeddable":true,"href":"https:\/\/hostnetart.com.br\/baixada\/wp-json\/wp\/v2\/comments?post=5823"}],"version-history":[{"count":0,"href":"https:\/\/hostnetart.com.br\/baixada\/wp-json\/wp\/v2\/posts\/5823\/revisions"}],"wp:featuredmedia":[{"embeddable":true,"href":"https:\/\/hostnetart.com.br\/baixada\/wp-json\/wp\/v2\/media\/5822"}],"wp:attachment":[{"href":"https:\/\/hostnetart.com.br\/baixada\/wp-json\/wp\/v2\/media?parent=5823"}],"wp:term":[{"taxonomy":"category","embeddable":true,"href":"https:\/\/hostnetart.com.br\/baixada\/wp-json\/wp\/v2\/categories?post=5823"},{"taxonomy":"post_tag","embeddable":true,"href":"https:\/\/hostnetart.com.br\/baixada\/wp-json\/wp\/v2\/tags?post=5823"}],"curies":[{"name":"wp","href":"https:\/\/api.w.org\/{rel}","templated":true}]}}