{"id":5821,"date":"2018-12-27T16:31:07","date_gmt":"2018-12-27T18:31:07","guid":{"rendered":"https:\/\/hostnetart.com.br\/baixada\/na-area-ambiental-o-brasil-andou-para-tras-e-ainda-pode-piorar\/"},"modified":"2018-12-27T16:31:07","modified_gmt":"2018-12-27T18:31:07","slug":"na-area-ambiental-o-brasil-andou-para-tras-e-ainda-pode-piorar","status":"publish","type":"post","link":"https:\/\/hostnetart.com.br\/baixada\/na-area-ambiental-o-brasil-andou-para-tras-e-ainda-pode-piorar\/","title":{"rendered":"Na \u00e1rea ambiental, o Brasil andou para tr\u00e1s. E ainda pode piorar"},"content":{"rendered":"<p class=\" \">O ano de 2018 encerra-se para a \u00e1rea ambiental sem ter muito o que comemorar, segundo avalia o professor do departamento de Geografia e do programa de p\u00f3s-gradua\u00e7\u00e3o em Ci\u00eancia Ambiental da Universidade de S\u00e3o Paulo (USP),\u00a0Wagner Ribeiro. Em seu balan\u00e7o para a <b>R\u00e1dio Brasil Atual<\/b> sobre a tem\u00e1tica ambiental no Brasil, Ribeiro destaca o<a class=\"internal-link\" title=\"\" href=\"https:\/\/www.redebrasilatual.com.br\/ambiente\/2018\/11\/desmatamento-na-amazonia-esta-proximo-de-atingir-estagio-irreversivel\" target=\"_blank\" rel=\"noopener noreferrer\"> aumento do desmatamento <\/a>e a <a class=\"internal-link\" title=\"\" href=\"https:\/\/www.redebrasilatual.com.br\/ambiente\/2018\/11\/apos-tres-anos-atingidos-por-crime-da-samarco-em-mariana-ainda-cobram-reparacao\" target=\"_blank\" rel=\"noopener noreferrer\">falta de repara\u00e7\u00e3o<\/a> para os atingidos pela trag\u00e9dia de Mariana (MG), como alguns dos indicativos de agravamento sob o governo de Michel Temer.<\/p>\n<p class=\" \">A <a class=\"internal-link\" title=\"\" href=\"https:\/\/www.redebrasilatual.com.br\/retrospectiva-2018\/ambiente\/gracas-a-bolsonaro-brasil-recebe-o-premio-fossil-do-dia-na-conferencia-do-clima\" target=\"_blank\" rel=\"noopener noreferrer\">24\u00aa Confer\u00eancia do Clima da Organiza\u00e7\u00e3o das Na\u00e7\u00f5es Unidas (ONU)<\/a> realizada no in\u00edcio do m\u00eas em Katowice, na Pol\u00f4nia, tamb\u00e9m foi relembrada pelo professor em sua an\u00e1lise. Apesar dos pa\u00edses terem liberado um repasse monet\u00e1rio na ordem de bilh\u00f5es para na\u00e7\u00f5es mais pobres poderem promover formas de mitiga\u00e7\u00e3o dos efeitos do aquecimento global, Ribeiro pondera que a confer\u00eancia foi pouco efetiva quanto a medidas de diminui\u00e7\u00e3o dos<a class=\"internal-link\" title=\"\" href=\"https:\/\/www.redebrasilatual.com.br\/retrospectiva-2018\/ambiente\/desmatamento-no-cerrado-emitiu-7-bi-de-gases-do-efeito-estufa-em-15-anos\" target=\"_blank\" rel=\"noopener noreferrer\"> gases do efeito estufa<\/a>.<\/p>\n<p class=\" \">\u00c0 jornalista Marilu Caba\u00f1as, o docente acrescentou ainda sua preocupa\u00e7\u00e3o com o futuro das pol\u00edticas de combate ao desmatamento, licenciamento ambiental, demarca\u00e7\u00e3o de terras ind\u00edgenas com o <a class=\"internal-link\" title=\"\" href=\"https:\/\/www.redebrasilatual.com.br\/ambiente\/2018\/12\/a-luta-contra-o-desmatamento-agrotoxicos-transgenicos-e-violencia-no-campo\" target=\"_blank\" rel=\"noopener noreferrer\">governo de Jair Bolsonaro<\/a> (PSL) que, segundo ele, &#8220;bate contin\u00eancia para os interesses do agroneg\u00f3cio&#8221;. &#8220;Infelizmente, em quest\u00f5es ambientais, eu acredito que teremos um retrocesso bastante duro e ser\u00e1 preciso muita resist\u00eancia para evitar perdas que s\u00e3o anunciadas desde a campanha&#8221;, afirma Ribeiro.<\/p>\n<p class=\" \">\u00a0<\/p>\n<p class=\" \"><span style=\"text-decoration: underline;\"><strong>Fonte: Rede Brasil Atual<\/strong><\/span><\/p>\n","protected":false},"excerpt":{"rendered":"<p>O ano de 2018 encerra-se para a \u00e1rea ambiental sem ter muito o que comemorar, segundo avalia o professor do departamento de Geografia e do programa de p\u00f3s-gradua\u00e7\u00e3o em Ci\u00eancia Ambiental da Universidade de S\u00e3o Paulo (USP),\u00a0Wagner Ribeiro. Em seu balan\u00e7o para a R\u00e1dio Brasil Atual sobre a tem\u00e1tica ambiental no Brasil, Ribeiro destaca o [&hellip;]<\/p>\n","protected":false},"author":2,"featured_media":5820,"comment_status":"","ping_status":"","sticky":false,"template":"","format":"standard","meta":{"footnotes":""},"categories":[3],"tags":[],"class_list":["post-5821","post","type-post","status-publish","format-standard","has-post-thumbnail","hentry","category-noticias"],"_links":{"self":[{"href":"https:\/\/hostnetart.com.br\/baixada\/wp-json\/wp\/v2\/posts\/5821","targetHints":{"allow":["GET"]}}],"collection":[{"href":"https:\/\/hostnetart.com.br\/baixada\/wp-json\/wp\/v2\/posts"}],"about":[{"href":"https:\/\/hostnetart.com.br\/baixada\/wp-json\/wp\/v2\/types\/post"}],"author":[{"embeddable":true,"href":"https:\/\/hostnetart.com.br\/baixada\/wp-json\/wp\/v2\/users\/2"}],"replies":[{"embeddable":true,"href":"https:\/\/hostnetart.com.br\/baixada\/wp-json\/wp\/v2\/comments?post=5821"}],"version-history":[{"count":0,"href":"https:\/\/hostnetart.com.br\/baixada\/wp-json\/wp\/v2\/posts\/5821\/revisions"}],"wp:featuredmedia":[{"embeddable":true,"href":"https:\/\/hostnetart.com.br\/baixada\/wp-json\/wp\/v2\/media\/5820"}],"wp:attachment":[{"href":"https:\/\/hostnetart.com.br\/baixada\/wp-json\/wp\/v2\/media?parent=5821"}],"wp:term":[{"taxonomy":"category","embeddable":true,"href":"https:\/\/hostnetart.com.br\/baixada\/wp-json\/wp\/v2\/categories?post=5821"},{"taxonomy":"post_tag","embeddable":true,"href":"https:\/\/hostnetart.com.br\/baixada\/wp-json\/wp\/v2\/tags?post=5821"}],"curies":[{"name":"wp","href":"https:\/\/api.w.org\/{rel}","templated":true}]}}