{"id":5817,"date":"2018-12-27T16:27:09","date_gmt":"2018-12-27T18:27:09","guid":{"rendered":"https:\/\/hostnetart.com.br\/baixada\/do-uso-politico-da-justica-a-subserviencia-aos-eua-o-brasil-de-mal-a-pior\/"},"modified":"2018-12-27T16:27:09","modified_gmt":"2018-12-27T18:27:09","slug":"do-uso-politico-da-justica-a-subserviencia-aos-eua-o-brasil-de-mal-a-pior","status":"publish","type":"post","link":"https:\/\/hostnetart.com.br\/baixada\/do-uso-politico-da-justica-a-subserviencia-aos-eua-o-brasil-de-mal-a-pior\/","title":{"rendered":"Do uso pol\u00edtico da Justi\u00e7a \u00e0 subservi\u00eancia aos EUA, o Brasil de mal a pior"},"content":{"rendered":"<p class=\" \">Na an\u00e1lise dos especialistas em rela\u00e7\u00f5es internacionais, Celso Amorim e Gilberto Maringoni, a pol\u00edtica externa brasileira, sob o comando de Michel Temer (MDB), <a class=\"internal-link\" title=\"\" href=\"https:\/\/www.redebrasilatual.com.br\/blogs\/blog-do-velho-mundo\/2018\/12\/2018-um-ano-desbalancado\" target=\"_blank\" rel=\"noopener noreferrer\">encerra um mandato <\/a>com um papel pouco relevante no mundo. O ex-ministro da Defesa e ex-chanceler, ao lado do professor da \u00e1rea na Universidade Federal do ABC, conversaram com os\u00a0jornalistas Rafael Garcia e Walter Venturini, da\u00a0<b>R\u00e1dio Brasil Atual,\u00a0<\/b>sobre a\u00a0falta de integra\u00e7\u00e3o com outros pa\u00edses da Am\u00e9rica do Sul e a perda de soberania do Brasil pelos interesses de outras na\u00e7\u00f5es, entre outros temas.<\/p>\n<p class=\" \">Se o momento vivido pelo pa\u00eds ap\u00f3s o golpe que al\u00e7ou Temer ao poder abalou a imagem do Brasil no mundo, a\u00a0<a class=\"internal-link\" title=\"\" href=\"https:\/\/www.redebrasilatual.com.br\/politica\/2018\/12\/governo-bolsonaro-pode-atrair-o-terrorismo-internacional-ao-brasil-diz-professor\" target=\"_blank\" rel=\"noopener noreferrer\">chegada do futuro governo<\/a> de Jair Bolsonaro (PSL), leva a uma &#8220;perspectiva muito mais negativa&#8221;.\u00a0O ex-ministro Amorim e o professor Maringoni, autor do livro <i>Venezuela que se inventa: poder, petr\u00f3leo e intriga nos tempos de Ch\u00e1vez<\/i>, observam que a <a class=\"internal-link\" title=\"\" href=\"https:\/\/www.redebrasilatual.com.br\/blogs\/blog-do-velho-mundo\/2018\/12\/a-futura-posicao-do-brasil-na-geopolitica-deste-e-do-outro-mundo\" target=\"_blank\" rel=\"noopener noreferrer\">postura do futuro governo <\/a>aponta para uma &#8220;conspira\u00e7\u00e3o&#8221; que afirmar\u00e1 o Brasil como um &#8220;subordinado&#8221; dos Estados Unidos.\u00a0\u00a0<\/p>\n<h3><b>Acompanhe os principais trechos do debate<\/b><\/h3>\n<p class=\" \"><b>Dois anos de Temer e pol\u00edtica externa <\/b><\/p>\n<p class=\" \">&#8220;Nos seus melhores momentos a pol\u00edtica externa do Temer cumpriu tabela: fez zero a zero. E, nos piores momentos, fez coisas muito erradas como as a\u00e7\u00f5es para isolamento da Venezuela, que \u00e9 uma coisa desastrosa e o oposto do que sempre se fez, n\u00e3o s\u00f3 no governo Lula, mas o governo de Fernando Henrique Cardoso foi contra o golpe de 2002 (que tentou derrubar o governo de Hugo Ch\u00e1vez). O Brasil sempre tentou atuar como mediador e n\u00e3o como facilitador de conflitos&#8221;, afirma Celso Amorim, que foi tamb\u00e9m diplomata durante o governo de FHC (1995-2003).<\/p>\n<p class=\" \">&#8220;O Brasil perde espa\u00e7o e ataca esse espa\u00e7o aqui na Am\u00e9rica do Sul, o que \u00e9 muito preocupante. A eventual implos\u00e3o da Uni\u00e3o de Na\u00e7\u00f5es Sul-Americanas (Unasur) \u00e9 um caso grav\u00edssimo, o fato de impedir que a Venezuela assumisse a presid\u00eancia rotativa do Mercosul (&#8230;) A perda de import\u00e2ncia que o Brasil tem no mundo \u00e9 expressada por essa cena final que \u00e9 o cancelamento abrupto de uma visita, de uma miss\u00e3o ao Egito h\u00e1 poucas semanas, chefiada por Aloysio Nunes.<\/p>\n<p class=\" \">\u00c9 melanc\u00f3lica o fim dessa pol\u00edtica externa&#8221;, destaca Maringoni. &#8220;Claro que o cancelamento n\u00e3o se deve a diplomacia do governo Temer, se deve ao que o Bolsonaro saiu falando, mas a cerim\u00f4nia, com todo o respeito ao Egito, mas \u00e9 um pa\u00eds menor, de uma import\u00e2ncia menor que a do Brasil, mas com toda uma hist\u00f3ria milenar, s\u00f3 que o Brasil \u00e9 uma das dez economias mundiais. Ele (Egito) bloqueia uma das dez maiores economias mundiais de uma visita programada h\u00e1 tempos.&#8221;<\/p>\n<p class=\" \"><b>Alinhamento com\u00a0EUA e Israel<\/b><\/p>\n<p class=\" \">&#8220;N\u00e3o se trata de como o Bolsonaro falou, semanas atr\u00e1s, de uma &#8216;mudan\u00e7a de capital&#8217;, como foi do Rio de Janeiro para Bras\u00edlia. N\u00e3o \u00e9 uma quest\u00e3o geogr\u00e1fica e operacional, \u00e9 uma imposi\u00e7\u00e3o pol\u00edtica diante de povos com os quais Israel tem um contencioso h\u00e1 70 anos. Tanto que o apoio internacional \u00e9 m\u00ednimo, quem apoia isso \u00e9 o governo do Trump, o da Guatemala, que funciona quase como um sat\u00e9lite do governo americano, e o terceiro governo a apoiar isso, seria o governo Bolsonaro. Isso causar\u00e1 problemas com v\u00e1rios pa\u00edses \u00e1rabes, como causou j\u00e1 com o Egito. \u00c9 o Brasil se imiscuir em uma quest\u00e3o que, embora local, tem uma repercuss\u00e3o regional extremamente pesada. Parece-me muito mais que o Brasil n\u00e3o est\u00e1 apoiando uma demanda israelense, querendo se colar, como ali\u00e1s o filho de Bolsonaro, o Eduardo Bolsonaro, quer fazer crer, ao Departamento de Estado (<em>dos EUA)<\/em>, \u00e0 Casa Branca, numa insubordina\u00e7\u00e3o quase que caricata (&#8230;) No caso de Jair Bolsonaro, ele mostra que est\u00e1 conspirando&#8221;, avalia o professor da UFABC.<\/p>\n<p class=\" \">&#8220;Esse \u00e9 um caso tipicamente ideol\u00f3gico, porque n\u00e3o h\u00e1 nenhuma raz\u00e3o, nenhum beneficio, que o Brasil possa supostamente escolher, a n\u00e3o ser, digamos, a gratid\u00e3o, que nunca vem, porque superpot\u00eancia nunca \u00e9 grata, aproveita enquanto o subserviente est\u00e1 fazendo o que ela quer, depois ela esquece. Ou voc\u00ea acha que os Estados Unidos v\u00e3o deixar, por exemplo, de vender soja para China, agora que deram aquela tr\u00e9gua, porque \u2018ah, n\u00e3o, mas tem a soja brasileira e o Bolsonaro \u00e9 nosso aliado\u2019? Ningu\u00e9m nasceu ontem. O Brasil n\u00e3o vai ganhar absolutamente nada (<em>com a transfer\u00eancia de embaixada<\/em>), \u00e9 apenas uma demonstra\u00e7\u00e3o de servilismo em rela\u00e7\u00e3o aos Estados Unidos&#8221;, afirma Amorim.<\/p>\n<p class=\" \"><b>Uso comercial da Base de Alc\u00e2ntara <\/b><\/p>\n<p class=\" \">&#8220;Eu temo. Acho que \u00e9 preciso um olhar vigilante entre aqueles que t\u00eam a preocupa\u00e7\u00e3o com a soberania nacional e acredito que h\u00e1 muitos militares com essa opini\u00e3o, para impedir que isso ocorra. Acho dif\u00edcil que isso acontecesse, mesmo que haja essa inten\u00e7\u00e3o, eu quero crer que haver\u00e1 resist\u00eancia por parte dos militares&#8221;, diz Celso Amorim.<\/p>\n<p class=\" \">&#8220;Por que o interesse em Alc\u00e2ntara? Por uma quest\u00e3o de lan\u00e7amento de sat\u00e9lites, de aproveitamento da rotatividade. A busca por regi\u00f5es pr\u00f3ximas (<em>\u00e0 Linha<\/em>) do Equador fazem de Alc\u00e2ntara (<em>no litoral do Maranh\u00e3o<\/em>) o melhor lugar geogr\u00e1fico para isso. Existe esse interesse, que eu espero que n\u00e3o se concretize. \u00c9 uma afronta \u00e0 soberania que outro pa\u00eds tenha base aqui dentro. O c\u00e9u, ou o inferno, ser\u00e1 o limite&#8221;, examina Maringoni em refer\u00eancia a fala do futuro chanceler, Ernesto Ara\u00fajo, sobre o &#8220;c\u00e9u&#8221; ser o limite para a rela\u00e7\u00e3o do Brasil com os Estados Unidos.<\/p>\n<p class=\" \"><b>Pris\u00e3o de Lula e o papel da ONU<\/b><\/p>\n<p class=\" \">&#8220;Houve todo um sistema para diminuir a import\u00e2ncia da ONU, depois dizer que era uma recomenda\u00e7\u00e3o, argumentos n\u00e3o procedentes. O objetivo era impedir que Lula fosse candidato, conseguiram, ent\u00e3o pode ser que uma decis\u00e3o da ONU afirmando que a pris\u00e3o de Lula teve quest\u00f5es de injusti\u00e7as, se o Brasil n\u00e3o cumprir, mais uma vez, \u00e9 melhor sair do tratado (&#8230;) Juiz do Supremo Tribunal Federal (STF) sempre defenderam a preval\u00eancia dos tratados internacionais sobre a legisla\u00e7\u00e3o, ainda mais sobre com normas dos direitos humanos, porque t\u00eam um papel civilizat\u00f3rio&#8221;, aponta Celso Amorim.<\/p>\n<p class=\" \">&#8220;Com a pris\u00e3o de Lula, o Brasil est\u00e1 virando um grande laborat\u00f3rio internacional do chamado <em>lawfare<\/em>, em que tem uma atua\u00e7\u00e3o da justi\u00e7a sobre o mundo da pol\u00edtica. N\u00e3o \u00e9 s\u00f3 porque \u00e9 o Lula em si, mas porque ele \u00e9 a ponta de lan\u00e7a de um movimento democr\u00e1tica brasileiro que tem pelo menos 40 anos, que come\u00e7ou na luta contra a ditadura. (&#8230;) A gente s\u00f3 vai construir uma democracia descente, digna desse nome, quando a gente der peso exato ao que \u00e9 justi\u00e7a e ao que \u00e9 atua\u00e7\u00e3o judicial&#8221;, explica Maringoni.<\/p>\n<p class=\" \">\u00a0<\/p>\n<p class=\" \"><span style=\"text-decoration: underline;\"><em><strong>Fonte: Rede Brasil Atual<\/strong><\/em><\/span><\/p>\n","protected":false},"excerpt":{"rendered":"<p>Na an\u00e1lise dos especialistas em rela\u00e7\u00f5es internacionais, Celso Amorim e Gilberto Maringoni, a pol\u00edtica externa brasileira, sob o comando de Michel Temer (MDB), encerra um mandato com um papel pouco relevante no mundo. O ex-ministro da Defesa e ex-chanceler, ao lado do professor da \u00e1rea na Universidade Federal do ABC, conversaram com os\u00a0jornalistas Rafael Garcia [&hellip;]<\/p>\n","protected":false},"author":2,"featured_media":5816,"comment_status":"","ping_status":"","sticky":false,"template":"","format":"standard","meta":{"footnotes":""},"categories":[3],"tags":[],"class_list":["post-5817","post","type-post","status-publish","format-standard","has-post-thumbnail","hentry","category-noticias"],"_links":{"self":[{"href":"https:\/\/hostnetart.com.br\/baixada\/wp-json\/wp\/v2\/posts\/5817","targetHints":{"allow":["GET"]}}],"collection":[{"href":"https:\/\/hostnetart.com.br\/baixada\/wp-json\/wp\/v2\/posts"}],"about":[{"href":"https:\/\/hostnetart.com.br\/baixada\/wp-json\/wp\/v2\/types\/post"}],"author":[{"embeddable":true,"href":"https:\/\/hostnetart.com.br\/baixada\/wp-json\/wp\/v2\/users\/2"}],"replies":[{"embeddable":true,"href":"https:\/\/hostnetart.com.br\/baixada\/wp-json\/wp\/v2\/comments?post=5817"}],"version-history":[{"count":0,"href":"https:\/\/hostnetart.com.br\/baixada\/wp-json\/wp\/v2\/posts\/5817\/revisions"}],"wp:featuredmedia":[{"embeddable":true,"href":"https:\/\/hostnetart.com.br\/baixada\/wp-json\/wp\/v2\/media\/5816"}],"wp:attachment":[{"href":"https:\/\/hostnetart.com.br\/baixada\/wp-json\/wp\/v2\/media?parent=5817"}],"wp:term":[{"taxonomy":"category","embeddable":true,"href":"https:\/\/hostnetart.com.br\/baixada\/wp-json\/wp\/v2\/categories?post=5817"},{"taxonomy":"post_tag","embeddable":true,"href":"https:\/\/hostnetart.com.br\/baixada\/wp-json\/wp\/v2\/tags?post=5817"}],"curies":[{"name":"wp","href":"https:\/\/api.w.org\/{rel}","templated":true}]}}