{"id":5813,"date":"2018-12-26T12:55:33","date_gmt":"2018-12-26T14:55:33","guid":{"rendered":"https:\/\/hostnetart.com.br\/baixada\/branco-do-centro-sul-e-masculino-ministerio-nao-reflete-diversidade-do-pais\/"},"modified":"2018-12-26T12:55:33","modified_gmt":"2018-12-26T14:55:33","slug":"branco-do-centro-sul-e-masculino-ministerio-nao-reflete-diversidade-do-pais","status":"publish","type":"post","link":"https:\/\/hostnetart.com.br\/baixada\/branco-do-centro-sul-e-masculino-ministerio-nao-reflete-diversidade-do-pais\/","title":{"rendered":"Branco, do Centro-Sul e masculino, minist\u00e9rio n\u00e3o reflete diversidade do pa\u00eds"},"content":{"rendered":"<div class=\"\">\n<div id=\"content\">\n<div id=\"content-core\">\n<div>\n<p>O presidente eleito, Jair Bolsonaro (PSL), chegou a declarar que seu minist\u00e9rio seria formado por no m\u00e1ximo 15 pastas. Em rede social, ainda antes do primeiro turno, em outubro, ele afirmou que seria um minist\u00e9rio enxuto, &#8220;que possa representar os interesses da popula\u00e7\u00e3o, n\u00e3o de partidos&#8221;. Prestes a tomar posse, seu governo ter\u00e1 22, na verdade, quase 50% a mais do que o prometido. Um n\u00famero que pode ser enganoso, j\u00e1 que algumas \u00e1reas foram anexadas. Al\u00e9m disso, a composi\u00e7\u00e3o pouco reflete a diversidade do pa\u00eds, na medida em que mostra concentra\u00e7\u00e3o geogr\u00e1fica e at\u00e9 \u00e9tnica.<\/p>\n<p>Dos 22 nomes de primeiro escal\u00e3o do pr\u00f3ximo governo (<em>confira quadro<\/em>), n\u00e3o h\u00e1 nenhum negro, que segundo o IBGE representam a maioria da popula\u00e7\u00e3o brasileira (considerando pretos e pardos, classifica\u00e7\u00e3o adotada pelo instituto). Mulheres, que tamb\u00e9m s\u00e3o mais da metade da popula\u00e7\u00e3o, apenas duas. E tamb\u00e9m n\u00e3o h\u00e1 ningu\u00e9m da regi\u00e3o Nordeste \u2013 onde se concentra 28% da popula\u00e7\u00e3o brasileira e onde o advers\u00e1rio de Bolsonaro no segundo turno, Fernando Haddad (PT), foi vitorioso. Apenas sete das 27 unidades da federa\u00e7\u00e3o est\u00e3o representadas, todas do Centro-Sul \u2013 destaque para os estados do Paran\u00e1, Rio de Janeiro e Rio Grande do Sul, com quatro cada.<\/p>\n<p>Entre os nomes, est\u00e3o dois &#8220;super ministros&#8221;: Paulo Guedes (Economia) e S\u00e9rgio Moro (Justi\u00e7a). Vindo do setor financeiro, representante do pensamento ultraliberal, entusiasta da privatiza\u00e7\u00e3o sem limites, Guedes defende &#8220;reformas&#8221; e nos \u00faltimos dias falou e<a class=\"internal-link\" title=\"\" href=\"https:\/\/www.redebrasilatual.com.br\/economia\/2018\/12\/facada-no-sistema-s-pode-acabar-com-1-1-milhoes-de-vagas-no-ensino-profissional\" target=\"_blank\" rel=\"noopener noreferrer\">m &#8220;meter a faca&#8221; no Sistema S<\/a>.<\/p>\n<p>Durante a campanha eleitoral, Moro liberou trechos de dela\u00e7\u00e3o do ex-ministro Antonio Palocci sobre o ex-presidente Luiz In\u00e1cio Lula da Silva, preso desde 7 de abril ap\u00f3s condena\u00e7\u00e3o pelo ent\u00e3o juiz federal de Curitiba. Posteriormente, encaminhou ao\u00a0Conselho Nacional de Justi\u00e7a (CNJ) manifesta\u00e7\u00e3o em que negou ter tentado influenciar o processo eleitoral. Tamb\u00e9m afirmou n\u00e3o ser &#8220;pol\u00edtico&#8221; e negou qualquer rela\u00e7\u00e3o entre a pris\u00e3o de Lula e sua ida ao governo.<\/p>\n<p>Al\u00e9m do perfil restrito, o minist\u00e9rio Bolsonaro tamb\u00e9m mostra tend\u00eancia pr\u00f3-empresarial, como apontam as indica\u00e7\u00f5es do pr\u00f3prio Guedes, de Tereza Cristina na Agricultura e Ricardo Salles no Meio Ambiente.\u00a0<a class=\"internal-link\" title=\"\" href=\"https:\/\/www.redebrasilatual.com.br\/politica\/2018\/12\/pasta-do-trabalho-sera-fatiada-area-sindical-ficara-com-moro\" target=\"_blank\" rel=\"noopener noreferrer\">Al\u00e9m disso, uma pasta simb\u00f3lica, a do Trabalho, foi extinta. Suas atribui\u00e7\u00f5es ser\u00e3o divididas em pelo menos tr\u00eas \u00e1reas<\/a>.\u00a0<\/p>\n<p>A equipe ainda sofre arranh\u00f5es naquilo que foi uma das bandeiras do presidente eleito, o combate \u00e0 corrup\u00e7\u00e3o. Pelo menos nove futuros ministros s\u00e3o investigados ou r\u00e9us. O pr\u00f3prio Guedes desperta suspeitas de gest\u00e3o fraudulenta em fundos de pens\u00e3o. E o deputado Onyx Lorenzoni, pr\u00f3ximo titular da Casa Civil, j\u00e1 admitiu ter praticado caixa 2. Como pediu desculpas, foi &#8220;perdoado&#8221; por Moro.\u00a0<a class=\"internal-link\" title=\"\" href=\"https:\/\/www.redebrasilatual.com.br\/ambiente\/2018\/12\/justica-condena-ricardo-salles-por-alterar-mapas-de-area-de-protecao-ambiental\" target=\"_blank\" rel=\"noopener noreferrer\">Em S\u00e3o Paulo, o indicado para o Meio Ambiente, Ricardo Salles, sofreu condena\u00e7\u00e3o nesta semana por improbidade.<\/a><\/p>\n<p>\u00c9 esse time que come\u00e7ar\u00e1 &#8220;agindo de forma efetiva&#8221; j\u00e1 no primeiro dia de janeiro, conforme prometeu Bolsonaro em via social, sua fonte preferencial de comunica\u00e7\u00e3o. Na quarta-feira (19), ele disse n\u00e3o ter d\u00favida de que &#8220;mudaremos a dire\u00e7\u00e3o que governos anteriores colocaram o Brasil&#8221;.\u00a0<\/p>\n<p>\u00a0<img decoding=\"async\" class=\"image-left lazyloaded\" title=\"minist\u00e9rio\" src=\"https:\/\/www.redebrasilatual.com.br\/politica\/2018\/12\/branco-do-centro-sul-e-masculino-ministerio-nao-reflete-diversidade\/ministerio\" alt=\"minist\u00e9rio\" data-src=\"https:\/\/www.redebrasilatual.com.br\/politica\/2018\/12\/branco-do-centro-sul-e-masculino-ministerio-nao-reflete-diversidade\/ministerio\" \/><\/p>\n<p>\u00a0<\/p>\n<p><strong>Fonte: Rede Brasil Atual<\/strong><\/p>\n<\/div>\n<\/div>\n<div id=\"viewlet-below-content-body\">\u00a0<\/div>\n<\/div>\n<\/div>\n<div id=\"viewlet-below-content\">\u00a0<\/div>\n","protected":false},"excerpt":{"rendered":"<p>O presidente eleito, Jair Bolsonaro (PSL), chegou a declarar que seu minist\u00e9rio seria formado por no m\u00e1ximo 15 pastas. Em rede social, ainda antes do primeiro turno, em outubro, ele afirmou que seria um minist\u00e9rio enxuto, &#8220;que possa representar os interesses da popula\u00e7\u00e3o, n\u00e3o de partidos&#8221;. Prestes a tomar posse, seu governo ter\u00e1 22, na [&hellip;]<\/p>\n","protected":false},"author":2,"featured_media":5812,"comment_status":"","ping_status":"","sticky":false,"template":"","format":"standard","meta":{"footnotes":""},"categories":[3],"tags":[],"class_list":["post-5813","post","type-post","status-publish","format-standard","has-post-thumbnail","hentry","category-noticias"],"_links":{"self":[{"href":"https:\/\/hostnetart.com.br\/baixada\/wp-json\/wp\/v2\/posts\/5813","targetHints":{"allow":["GET"]}}],"collection":[{"href":"https:\/\/hostnetart.com.br\/baixada\/wp-json\/wp\/v2\/posts"}],"about":[{"href":"https:\/\/hostnetart.com.br\/baixada\/wp-json\/wp\/v2\/types\/post"}],"author":[{"embeddable":true,"href":"https:\/\/hostnetart.com.br\/baixada\/wp-json\/wp\/v2\/users\/2"}],"replies":[{"embeddable":true,"href":"https:\/\/hostnetart.com.br\/baixada\/wp-json\/wp\/v2\/comments?post=5813"}],"version-history":[{"count":0,"href":"https:\/\/hostnetart.com.br\/baixada\/wp-json\/wp\/v2\/posts\/5813\/revisions"}],"wp:featuredmedia":[{"embeddable":true,"href":"https:\/\/hostnetart.com.br\/baixada\/wp-json\/wp\/v2\/media\/5812"}],"wp:attachment":[{"href":"https:\/\/hostnetart.com.br\/baixada\/wp-json\/wp\/v2\/media?parent=5813"}],"wp:term":[{"taxonomy":"category","embeddable":true,"href":"https:\/\/hostnetart.com.br\/baixada\/wp-json\/wp\/v2\/categories?post=5813"},{"taxonomy":"post_tag","embeddable":true,"href":"https:\/\/hostnetart.com.br\/baixada\/wp-json\/wp\/v2\/tags?post=5813"}],"curies":[{"name":"wp","href":"https:\/\/api.w.org\/{rel}","templated":true}]}}