{"id":5811,"date":"2018-12-26T12:50:59","date_gmt":"2018-12-26T14:50:59","guid":{"rendered":"https:\/\/hostnetart.com.br\/baixada\/papa-francisco-faz-criticas-ao-consumismo-durante-a-missa-do-galo\/"},"modified":"2018-12-26T12:50:59","modified_gmt":"2018-12-26T14:50:59","slug":"papa-francisco-faz-criticas-ao-consumismo-durante-a-missa-do-galo","status":"publish","type":"post","link":"https:\/\/hostnetart.com.br\/baixada\/papa-francisco-faz-criticas-ao-consumismo-durante-a-missa-do-galo\/","title":{"rendered":"Papa Francisco faz cr\u00edticas ao consumismo durante a Missa do Galo"},"content":{"rendered":"<p>Ag\u00eancia Brasil \u2013 Ao rezar a Missa do Galo na Bas\u00edlica de S\u00e3o Pedro, no Vaticano, o papa Francisco condenou a gan\u00e2ncia e o ac\u00famulo de bens. Ele ressaltou que o nascimento de Jesus Cristo leva \u00e0 reflex\u00e3o sobre um novo modelo de vida baseado no compartilhamento, na doa\u00e7\u00e3o e, sobretudo, no fim da gan\u00e2ncia.<\/p>\n<p>Segundo o pont\u00edfice, o homem &#8220;se tornou ganancioso e voraz&#8221;. De acordo com ele, muitos acreditam que o sentido da vida se sustenta em acumular bens. &#8220;\u00c9 o momento decisivo para mudar o curso da hist\u00f3ria&#8221;, advertiu o papa.<\/p>\n<p>O papa Francisco fez um chamamento para cada um mude a hist\u00f3ria por meio de si mesmo. \u201cMude a hist\u00f3ria a partir de cada um de n\u00f3s\u201d, disse. \u201cO centro da vida n\u00e3o \u00e9 mais o meu eu faminto e ego\u00edsta, mas aquele que nasce e vive por amor.&#8221;<\/p>\n<p>De acordo com o pont\u00edfice, todos devem se perguntar sobre seu modo de vida e o que transformar para melhor. &#8220;[Ser\u00e1 que] eu realmente preciso de muitas coisas, receitas complicadas para viver? Posso fazer sem muitos contornos sup\u00e9rfluos, para escolher uma vida mais simples?&#8221;, sugeriu.<\/p>\n<p>O papa Francisco ressaltou ainda que Cristo \u201cn\u00e3o gosta\u201d de pregui\u00e7osos nem sedent\u00e1rios. \u201cO Senhor ama ser esperado e n\u00e3o pode ser esperado no sof\u00e1, dormindo. De fato, os pastores se movem: eles foram sem demora.\u201d<\/p>\n<p><em>*Com informa\u00e7\u00f5es da r\u00e1dio Vaticano.<\/em><\/p>\n","protected":false},"excerpt":{"rendered":"<p>Ag\u00eancia Brasil \u2013 Ao rezar a Missa do Galo na Bas\u00edlica de S\u00e3o Pedro, no Vaticano, o papa Francisco condenou a gan\u00e2ncia e o ac\u00famulo de bens. Ele ressaltou que o nascimento de Jesus Cristo leva \u00e0 reflex\u00e3o sobre um novo modelo de vida baseado no compartilhamento, na doa\u00e7\u00e3o e, sobretudo, no fim da gan\u00e2ncia. [&hellip;]<\/p>\n","protected":false},"author":2,"featured_media":5810,"comment_status":"","ping_status":"","sticky":false,"template":"","format":"standard","meta":{"footnotes":""},"categories":[3],"tags":[],"class_list":["post-5811","post","type-post","status-publish","format-standard","has-post-thumbnail","hentry","category-noticias"],"_links":{"self":[{"href":"https:\/\/hostnetart.com.br\/baixada\/wp-json\/wp\/v2\/posts\/5811","targetHints":{"allow":["GET"]}}],"collection":[{"href":"https:\/\/hostnetart.com.br\/baixada\/wp-json\/wp\/v2\/posts"}],"about":[{"href":"https:\/\/hostnetart.com.br\/baixada\/wp-json\/wp\/v2\/types\/post"}],"author":[{"embeddable":true,"href":"https:\/\/hostnetart.com.br\/baixada\/wp-json\/wp\/v2\/users\/2"}],"replies":[{"embeddable":true,"href":"https:\/\/hostnetart.com.br\/baixada\/wp-json\/wp\/v2\/comments?post=5811"}],"version-history":[{"count":0,"href":"https:\/\/hostnetart.com.br\/baixada\/wp-json\/wp\/v2\/posts\/5811\/revisions"}],"wp:featuredmedia":[{"embeddable":true,"href":"https:\/\/hostnetart.com.br\/baixada\/wp-json\/wp\/v2\/media\/5810"}],"wp:attachment":[{"href":"https:\/\/hostnetart.com.br\/baixada\/wp-json\/wp\/v2\/media?parent=5811"}],"wp:term":[{"taxonomy":"category","embeddable":true,"href":"https:\/\/hostnetart.com.br\/baixada\/wp-json\/wp\/v2\/categories?post=5811"},{"taxonomy":"post_tag","embeddable":true,"href":"https:\/\/hostnetart.com.br\/baixada\/wp-json\/wp\/v2\/tags?post=5811"}],"curies":[{"name":"wp","href":"https:\/\/api.w.org\/{rel}","templated":true}]}}