{"id":5805,"date":"2018-12-20T12:03:58","date_gmt":"2018-12-20T14:03:58","guid":{"rendered":"https:\/\/hostnetart.com.br\/baixada\/2018-um-ano-desbalancado\/"},"modified":"2018-12-20T12:03:58","modified_gmt":"2018-12-20T14:03:58","slug":"2018-um-ano-desbalancado","status":"publish","type":"post","link":"https:\/\/hostnetart.com.br\/baixada\/2018-um-ano-desbalancado\/","title":{"rendered":"2018: um ano &#8216;desbalan\u00e7ado&#8217;"},"content":{"rendered":"<div>\n<p>Fazer o balan\u00e7o de 2018? Como, se este foi um ano desbalan\u00e7ado? Sem balan\u00e7o. Sem jogo de cintura. Em grande parte, uma sucess\u00e3o de desgra\u00e7as<\/p>\n<p>Foi um ano de coisas terr\u00edveis. Lembrando algumas: a continuidade da ascens\u00e3o das extremas-direitas no mundo inteiro. Matteo Salvini e a Lega na It\u00e1lia. Vox na Andaluzia, Espanha. <a class=\"internal-link\" title=\"\" href=\"https:\/\/www.redebrasilatual.com.br\/eleicoes-2018\/bolsonaro-e-eleito-presidente-do-brasil\" target=\"_blank\" rel=\"noopener noreferrer\">Vit\u00f3ria de Bolsonaro no Brasil<\/a>. Deteriora\u00e7\u00e3o da nossa pol\u00edtica externa, a presente e a anunciada, com agravamento e consagra\u00e7\u00e3o da &#8220;<a class=\"internal-link\" title=\"\" href=\"https:\/\/www.redebrasilatual.com.br\/mundo\/2018\/11\/sonho-de-politica-externa-de-bolsonaro-esbarra-na-realidade\" target=\"_blank\" rel=\"noopener noreferrer\">diplomacia do capacho<\/a>&#8220;. Pela primeira vez na hist\u00f3ria nossa pol\u00edtica externa promete ficar atrelada n\u00e3o apenas \u00e0 de outro pa\u00eds, mas \u00e0 de uma fac\u00e7\u00e3o de um partido pol\u00edtico estrangeiro, aquela mais retr\u00f3grada e embrutecida.<\/p>\n<p>Teve mais. Consagra\u00e7\u00e3o do embrutecimento da pol\u00edtica mundial, cujo exemplo mais acabado foi o assassinato do jornalista saudita Jamal Khashoggi no consulado de seu pa\u00eds em Istambul, na Turquia. A sufoca\u00e7\u00e3o de um povo inteiro no I\u00eamen. Pa\u00edses desfeitos ou se desafazendo: al\u00e9m do I\u00eamen, L\u00edbia, Iraque. O reino da estupidez avan\u00e7a: nega\u00e7\u00e3o do aquecimento global por parte de Trump e seus capachos, como no caso brasileiro. Os Estados Unidos pressionando a ONU para que retire de suas declara\u00e7\u00f5es a palavra \u201cg\u00eanero\u201d.<\/p>\n<p>Para completar, agora no final do ano, os Estados Unidos anunciam a retirada de suas tropas da S\u00edria. Um bom sinal? Nem tanto: na verdade, trata-se de dar luz verde para seu aliado na OTAN, Tayyip Erdogan, atacar livremente os curdos, que se destacaram na luta contra o Estado Isl\u00e2mico, derrotando-o em grande escala e fazendo encolher seu territ\u00f3rio.<\/p>\n<p>Foi um ano de vit\u00f3ria da \u201cnova pol\u00edtica\u201d liderada pelas t\u00e1ticas nocivas e delet\u00e9rias de Steve Bannon, com sua futura implanta\u00e7\u00e3o na Europa, onde o j\u00e1 mencionado sucesso do Vox na Andaluzia \u00e9 talvez a cabe\u00e7a de ponte. O ano da vit\u00f3ria das <em>fake news<\/em>, da mentira organizada, planejada, financiada ilegalmente, mas soberana e triunfante.<\/p>\n<p>2018 foi um ano de continuidade de dramas que parecem sem sa\u00edda: o dos <a class=\"internal-link\" title=\"\" href=\"https:\/\/www.redebrasilatual.com.br\/blogs\/blog-do-velho-mundo\/2015\/08\/os-migrantes-e-a-tragedia-do-seculo-1475.html\" target=\"_blank\" rel=\"noopener noreferrer\">refugiados no Mediterr\u00e2neo<\/a>; as caravanas que saem da Am\u00e9rica Central em dire\u00e7\u00e3o aos Estados Unidos. A agonia do povo palestino.<\/p>\n<p>2018 foi tamb\u00e9m um ano de impasses e d\u00favidas. O <a class=\"internal-link\" title=\"\" href=\"https:\/\/www.redebrasilatual.com.br\/retrospectiva-2018\/mundo\/coletes-amarelos-voltam-a-ocupar-as-ruas-de-paris\" target=\"_blank\" rel=\"noopener noreferrer\">movimento dos \u201cColetes Amarelos\u201d<\/a> na Fran\u00e7a \u00e9 de esquerda ou de direita? Ou ambas as coisas? Ou uma coisa nova que foge \u00e0s classifica\u00e7\u00f5es antigas? Ser\u00e1 um dos atestados da fal\u00eancia das pol\u00edticas neo-liberais e seus planos de austeridade, que deixam popula\u00e7\u00f5es desamparadas ou \u00e0 m\u00edngua em escala mundial? Ou ao contr\u00e1rio, \u00e9 um atestado de sucesso pois, embora fracassem em todo o mundo, seus seguidores se aferram messianicamente a elas e bloqueiam todas as alternativas?<\/p>\n<p>Na S\u00edria o regime de Bashar al Assad derrotou os rebeldes ajudados pelos EUA e seus aliados. Ser\u00e1 isto bom ou ruim para o desvalido povo s\u00edrio? Benyamin Netanyahu est\u00e1 amea\u00e7ado por investiga\u00e7\u00f5es de corrup\u00e7\u00e3o em Israel. Brigou com a extrema-direita, ele que j\u00e1 \u00e9 extrema-direita. E agora?<\/p>\n<p>Mais impasses e d\u00favidas: o come\u00e7o do fim do reinado de <a class=\"internal-link\" title=\"\" href=\"https:\/\/www.redebrasilatual.com.br\/blogs\/blog-do-velho-mundo\/2018\/11\/na-alemanha-autoridade-que-pisa-na-bola-danca\" target=\"_blank\" rel=\"noopener noreferrer\">Angela Merkel<\/a> na Alemanha e na Uni\u00e3o Europeia. O que viria depois? A estrela de Emmanuel Macron,\u00a0que mal subiu e j\u00e1 come\u00e7ou a declinar?<\/p>\n<p>Foi tamb\u00e9m um ano de trope\u00e7os e trombadas da chanceler Theresa May com seu pr\u00f3prio Partido Conservador no Reino Unido em torno do inef\u00e1vel e delet\u00e9rio Brexit.<\/p>\n<p>Jacob Zuma e Robert Mugabe sa\u00edram de cena, respectivamente na \u00c1frica do Sul e no Zimbabwe. Ser\u00e1 isto bom ou mau? Houve mais um surto de ebola na \u00c1frica, desta vez na Rep\u00fablica Democr\u00e1tica do Congo. Isto \u00e9 decididamente ruim, e deixa uma perplexidade no ar: a melhoria da infra-estrutura de transporte no continente africano facilita a propaga\u00e7\u00e3o da doen\u00e7a. Mas agora, pelo menos h\u00e1 uma vacina, ainda em experimenta\u00e7\u00e3o, mas j\u00e1 em uso pela OMS.<\/p>\n<p>China e R\u00fassia se consolidaram como \u201cmajor players\u201d diplom\u00e1ticos, diante da pol\u00edtica truculenta de Trump.<\/p>\n<p>O caso de <a class=\"internal-link\" title=\"\" href=\"https:\/\/www.redebrasilatual.com.br\/mundo\/2015\/06\/fundador-do-wikileaks-cumpre-tres-anos-de-refugio-em-embaixada-6858.html\" target=\"_blank\" rel=\"noopener noreferrer\">Julian Assange<\/a> se complica na Embaixada do Equador em Londres.<\/p>\n<p>Um ano de perdas irrepar\u00e1veis: o inc\u00eandio do Museu Nacional no Rio de Janeiro e a perda total da vergonha em amplos setores do judici\u00e1rio brasileiro, com a obstina\u00e7\u00e3o em manter detido o prisioneiro pol\u00edtico numero 1 do mundo, <a class=\"internal-link\" title=\"\" href=\"https:\/\/www.redebrasilatual.com.br\/politica\/2018\/11\/lula-sobre-intervencao-em-contrato-nem-da-odebrecht-nem-do-vaticano\" target=\"_blank\" rel=\"noopener noreferrer\">o ex-presidente Lula<\/a>, e a defesa despudorada por muitos de seus membros da flagrante irregularidade do aux\u00edlio-moradia, tornando-se este moeda de troca para conseguir um polpudo reajuste salarial em \u00e9poca de vacas magras para todo o povo brasileiro.<\/p>\n<p>\u00c9 verdade que houve alguns lampejos e bruxuleios de esperan\u00e7a. A <a class=\"internal-link\" title=\"\" href=\"https:\/\/www.redebrasilatual.com.br\/mundo\/2018\/11\/eleicao-nos-estados-unidos-pode-restringir-apoio-a-trump-no-legislativo\" target=\"_blank\" rel=\"noopener noreferrer\">vit\u00f3ria parcial dos Democratas nos EUA<\/a>, e a ascens\u00e3o de pol\u00edticos e pol\u00edticas mais \u00e0 esquerda. O sucesso &#8211; at\u00e9 o momento &#8211; da frente portuguesa de esquerda, a Geringon\u00e7a, o besouro que n\u00e3o poderia voar mas no entanto &#8220;avoa&#8221;.<\/p>\n<p>A obstinada resist\u00eancia do Papa Francisco I, acossado pela arqui-animosidade dos arqui-conservadores da Igreja Cat\u00f3lica e do mundo. A aprova\u00e7\u00e3o pela ONU do Acordo Global sobre Migrantes e Refugiados, e a reafirma\u00e7\u00e3o do Acordo de Paris 2015 sobre o clima, apesar da den\u00fancia por parte dos EUA e a amea\u00e7a de retirada por parte do futuro governo brasileiro, que j\u00e1 foi l\u00edder positivo de quest\u00f5es ambientais, e que tornou-se o novo p\u00e1ria na mat\u00e9ria.<\/p>\n<p>Em 2018 consolidou-se a candidatura de <a class=\"internal-link\" title=\"\" href=\"https:\/\/www.redebrasilatual.com.br\/politica\/2018\/04\/celso-amorim-lula-preso-durante-muito-tempo-vai-gerar-grande-tensao\" target=\"_blank\" rel=\"noopener noreferrer\">Lula ao Pr\u00eamio Nobel da Paz em 2019<\/a>. N\u00e3o sabemos se ele o levar\u00e1, j\u00e1 que a campanha contra do governo brasileiro ser\u00e1 enorme e sibilina, mas o gesto j\u00e1 valeu.<\/p>\n<p>A indica\u00e7\u00e3o de S\u00e9rgio Moro como Ministro da Justi\u00e7a por Bolsonaro aumentaram-lhes as chances de obten\u00e7\u00e3o do pr\u00eamio, bem como a da condena\u00e7\u00e3o do Brasil no Alto Comissariado de Direitos Humanos da ONU.<\/p>\n<p>A aproxima\u00e7\u00e3o das duas Coreias, com acenos de paz. O ainda t\u00eanue cessar-fogo na cidade de Hodeiddah, no I\u00eamen.<\/p>\n<p>E veio a esperada, depois de tantos anos, vit\u00f3ria de Lopez Obrador no M\u00e9xico. Apesar de tudo, Cuba ainda existe e resiste.<\/p>\n<p>Certamente h\u00e1 mais coisas a comentar. Os leitores e as leitoras me perdoem, mas cansei. 2018 me deixou estafado.<\/p>\n<p>Ah sim <em>\u2013 last, but not least \u2013<\/em> , Cesare Battisti est\u00e1 novamente em fuga. Tomara que consiga driblar o Brasil de Fux\/Dodge\/Temer\/Bolsonaro e a It\u00e1lia de Matteo Salvini.<\/p>\n<p>\u00a0<\/p>\n<p><strong>Fonte: Rede Brasil Atual<\/strong><\/p>\n<\/div>\n","protected":false},"excerpt":{"rendered":"<p>Fazer o balan\u00e7o de 2018? Como, se este foi um ano desbalan\u00e7ado? Sem balan\u00e7o. Sem jogo de cintura. Em grande parte, uma sucess\u00e3o de desgra\u00e7as Foi um ano de coisas terr\u00edveis. Lembrando algumas: a continuidade da ascens\u00e3o das extremas-direitas no mundo inteiro. Matteo Salvini e a Lega na It\u00e1lia. Vox na Andaluzia, Espanha. Vit\u00f3ria de [&hellip;]<\/p>\n","protected":false},"author":2,"featured_media":5804,"comment_status":"","ping_status":"","sticky":false,"template":"","format":"standard","meta":{"footnotes":""},"categories":[3],"tags":[],"class_list":["post-5805","post","type-post","status-publish","format-standard","has-post-thumbnail","hentry","category-noticias"],"_links":{"self":[{"href":"https:\/\/hostnetart.com.br\/baixada\/wp-json\/wp\/v2\/posts\/5805","targetHints":{"allow":["GET"]}}],"collection":[{"href":"https:\/\/hostnetart.com.br\/baixada\/wp-json\/wp\/v2\/posts"}],"about":[{"href":"https:\/\/hostnetart.com.br\/baixada\/wp-json\/wp\/v2\/types\/post"}],"author":[{"embeddable":true,"href":"https:\/\/hostnetart.com.br\/baixada\/wp-json\/wp\/v2\/users\/2"}],"replies":[{"embeddable":true,"href":"https:\/\/hostnetart.com.br\/baixada\/wp-json\/wp\/v2\/comments?post=5805"}],"version-history":[{"count":0,"href":"https:\/\/hostnetart.com.br\/baixada\/wp-json\/wp\/v2\/posts\/5805\/revisions"}],"wp:featuredmedia":[{"embeddable":true,"href":"https:\/\/hostnetart.com.br\/baixada\/wp-json\/wp\/v2\/media\/5804"}],"wp:attachment":[{"href":"https:\/\/hostnetart.com.br\/baixada\/wp-json\/wp\/v2\/media?parent=5805"}],"wp:term":[{"taxonomy":"category","embeddable":true,"href":"https:\/\/hostnetart.com.br\/baixada\/wp-json\/wp\/v2\/categories?post=5805"},{"taxonomy":"post_tag","embeddable":true,"href":"https:\/\/hostnetart.com.br\/baixada\/wp-json\/wp\/v2\/tags?post=5805"}],"curies":[{"name":"wp","href":"https:\/\/api.w.org\/{rel}","templated":true}]}}