{"id":5801,"date":"2018-12-20T11:59:03","date_gmt":"2018-12-20T13:59:03","guid":{"rendered":"https:\/\/hostnetart.com.br\/baixada\/idosos-e-deficientes-tem-ate-o-dia-31-para-o-recadastramento-do-bpc\/"},"modified":"2018-12-20T11:59:03","modified_gmt":"2018-12-20T13:59:03","slug":"idosos-e-deficientes-tem-ate-o-dia-31-para-o-recadastramento-do-bpc","status":"publish","type":"post","link":"https:\/\/hostnetart.com.br\/baixada\/idosos-e-deficientes-tem-ate-o-dia-31-para-o-recadastramento-do-bpc\/","title":{"rendered":"Idosos e deficientes t\u00eam at\u00e9 o dia 31 para o recadastramento do BPC"},"content":{"rendered":"<p class=\" \">Idosos e pessoas com defici\u00eancia de baixa renda que recebem o <strong>Benef\u00edcio de Presta\u00e7\u00e3o Continuada (BPC)<\/strong> t\u00eam at\u00e9 o pr\u00f3ximo dia 31 para se inscrever no Cadastro \u00danico para Programas Sociais (Cad\u00danico) do governo federal. O cadastro, obrigat\u00f3rio para a manuten\u00e7\u00e3o do benef\u00edcio, que poder\u00e1 ser suspenso pela falta de inscri\u00e7\u00e3o, pode ser realizado nos Centros de Refer\u00eancia da Assist\u00eancia Social (Cras) ou nas secretarias municipais de assist\u00eancia social.<\/p>\n<p class=\" \">A 12 dias para o t\u00e9rmino do cadastramento, de acordo com <a class=\"external-link\" title=\"\" href=\"http:\/\/mds.gov.br\/area-de-imprensa\/noticias\/2018\/outubro\/beneficiarios-do-bpc-tem-ate-fim-do-ano-para-inscreverem-se-no-cadastro-unico\" target=\"_blank\" rel=\"noopener noreferrer\">Minist\u00e9rio do Desenvolvimento Socia<\/a>l (MDS), mais de 1,7 milh\u00e3o de benefici\u00e1rios n\u00e3o fizeram o cadastro. A\u00a0Secretaria do Trabalho e Desenvolvimento Social e Direitos Humanos do Distrito Federal vem tamb\u00e9m alertando para a baixa no n\u00famero de inscri\u00e7\u00f5es, que pode prejudicar milhares de pessoas. De acordo com reportagem da <a class=\"external-link\" title=\"\" href=\"http:\/\/radios.ebc.com.br\/reporter-nacional-brasilia\/2018\/11\/aviso-aos-deficientes-e-idosos-comecou-o-cadastramento-do\" target=\"_blank\" rel=\"noopener noreferrer\">EBC<\/a>, at\u00e9 o final de novembro, das 27 mil pessoas que recebem o BPC na regi\u00e3o, apenas 3 mil fizeram o cadastramento.<\/p>\n<p class=\" \">Em entrevista ao rep\u00f3rter Cosmo Silva, da <b>R\u00e1dio Brasil Atual<\/b>, o presidente da Associa\u00e7\u00e3o dos Metal\u00fargicos Aposentados do ABC (AMA-ABC) e da Federa\u00e7\u00e3o Nacional dos Trabalhadores Aposentados, Pensionistas e Idosos (Fenapi-CUT), Wilson Roberto Ribeiro, aponta a situa\u00e7\u00e3o como uma falha de comunica\u00e7\u00e3o do governo de Michel Temer (MDB) ao n\u00e3o fazer uma divulga\u00e7\u00e3o em massa, por exemplo, nas emissoras de televis\u00e3o. &#8220;A maioria da popula\u00e7\u00e3o que tem direito acaba perdendo (o benef\u00edcio) porque n\u00e3o chega at\u00e9 ele, n\u00e3o \u00e9 visado (pelas cartas enviadas pelo governo)&#8221;, afirma.<\/p>\n<p class=\" \">Para saber mais informa\u00e7\u00f5es, clique <a class=\"external-link\" title=\"\" href=\"http:\/\/mds.gov.br\/assuntos\/assistencia-social\/beneficios-assistenciais\/bpc\" target=\"_blank\" rel=\"noopener noreferrer\">aqui<\/a>.<\/p>\n","protected":false},"excerpt":{"rendered":"<p>Idosos e pessoas com defici\u00eancia de baixa renda que recebem o Benef\u00edcio de Presta\u00e7\u00e3o Continuada (BPC) t\u00eam at\u00e9 o pr\u00f3ximo dia 31 para se inscrever no Cadastro \u00danico para Programas Sociais (Cad\u00danico) do governo federal. O cadastro, obrigat\u00f3rio para a manuten\u00e7\u00e3o do benef\u00edcio, que poder\u00e1 ser suspenso pela falta de inscri\u00e7\u00e3o, pode ser realizado nos [&hellip;]<\/p>\n","protected":false},"author":2,"featured_media":5800,"comment_status":"","ping_status":"","sticky":false,"template":"","format":"standard","meta":{"footnotes":""},"categories":[3],"tags":[],"class_list":["post-5801","post","type-post","status-publish","format-standard","has-post-thumbnail","hentry","category-noticias"],"_links":{"self":[{"href":"https:\/\/hostnetart.com.br\/baixada\/wp-json\/wp\/v2\/posts\/5801","targetHints":{"allow":["GET"]}}],"collection":[{"href":"https:\/\/hostnetart.com.br\/baixada\/wp-json\/wp\/v2\/posts"}],"about":[{"href":"https:\/\/hostnetart.com.br\/baixada\/wp-json\/wp\/v2\/types\/post"}],"author":[{"embeddable":true,"href":"https:\/\/hostnetart.com.br\/baixada\/wp-json\/wp\/v2\/users\/2"}],"replies":[{"embeddable":true,"href":"https:\/\/hostnetart.com.br\/baixada\/wp-json\/wp\/v2\/comments?post=5801"}],"version-history":[{"count":0,"href":"https:\/\/hostnetart.com.br\/baixada\/wp-json\/wp\/v2\/posts\/5801\/revisions"}],"wp:featuredmedia":[{"embeddable":true,"href":"https:\/\/hostnetart.com.br\/baixada\/wp-json\/wp\/v2\/media\/5800"}],"wp:attachment":[{"href":"https:\/\/hostnetart.com.br\/baixada\/wp-json\/wp\/v2\/media?parent=5801"}],"wp:term":[{"taxonomy":"category","embeddable":true,"href":"https:\/\/hostnetart.com.br\/baixada\/wp-json\/wp\/v2\/categories?post=5801"},{"taxonomy":"post_tag","embeddable":true,"href":"https:\/\/hostnetart.com.br\/baixada\/wp-json\/wp\/v2\/tags?post=5801"}],"curies":[{"name":"wp","href":"https:\/\/api.w.org\/{rel}","templated":true}]}}