{"id":5799,"date":"2018-12-19T15:55:57","date_gmt":"2018-12-19T17:55:57","guid":{"rendered":"https:\/\/hostnetart.com.br\/baixada\/facada-no-sistema-s-pode-acabar-com-1-1-milhao-de-vagas-no-ensino-profissional\/"},"modified":"2018-12-19T15:55:57","modified_gmt":"2018-12-19T17:55:57","slug":"facada-no-sistema-s-pode-acabar-com-1-1-milhao-de-vagas-no-ensino-profissional","status":"publish","type":"post","link":"https:\/\/hostnetart.com.br\/baixada\/facada-no-sistema-s-pode-acabar-com-1-1-milhao-de-vagas-no-ensino-profissional\/","title":{"rendered":"&#8216;Facada&#8217; no Sistema S pode acabar com 1,1 milh\u00e3o de vagas no ensino profissional"},"content":{"rendered":"<p>O futuro ministro da Economia do\u00a0<a class=\"internal-link\" title=\"\" href=\"https:\/\/www.redebrasilatual.com.br\/politica\/2018\/12\/familia-bolsonaro-repete-2018velhas-praticas-da-politica2019-ate-entao-condenadas\" target=\"_blank\" rel=\"noopener noreferrer\">governo Bolsonaro<\/a>, Paulo Guedes, afirmou na \u00faltima segunda-feira (17), durante reuni\u00e3o com empres\u00e1rios no Rio de Janeiro, que pretende &#8220;meter a faca&#8221; no\u00a0<strong>Sistema S.<\/strong>\u00a0Fazem parte desse sistema entidades ligadas a ramos espec\u00edficos da economia \u2013 ind\u00fastria, com\u00e9rcio, servi\u00e7os \u2013 como o\u00a0<strong>Sesi<\/strong>,\u00a0<strong>Senai e<\/strong>\u00a0<strong>Sesc<\/strong>, que desenvolvem a\u00e7\u00f5es de forma\u00e7\u00e3o profissional e de acesso a cultura e lazer.\u00a0<\/p>\n<p>Essas organiza\u00e7\u00f5es s\u00e3o mantidas a partir de contribui\u00e7\u00f5es obrigat\u00f3rias sobre a folha de pagamento das empresas, com al\u00edquotas que v\u00e3o de 0,2% a 2,5%, que s\u00e3o repassadas \u00e0s entidades pelo governo. A justificativa\u00a0\u00e9 que os cortes aliviariam os custos das empresas. O\u00a0plano do governo \u00e9 que as empresas arquem com os pr\u00f3prios custos de forma\u00e7\u00e3o, eventualmente contratando empresas privadas.\u00a0<\/p>\n<p>Em tom de amea\u00e7a,\u00a0<a class=\"internal-link\" title=\"\" href=\"https:\/\/www.redebrasilatual.com.br\/economia\/2018\/11\/paulo-guedes-oscila-porque-governo-bolsonaro-nao-tem-plano-economico\" target=\"_blank\" rel=\"noopener noreferrer\">Guedes<\/a>\u00a0prometeu cortar at\u00e9 50% desses recursos.\u00a0&#8220;Acho que a gente tem que cortar pouco, para n\u00e3o doer muito. Se tivermos interlocutores inteligentes, preparados, que queiram construir, a gente corta 30%. Se n\u00e3o tiver, \u00e9 50%.&#8221;\u00a0<\/p>\n<p>O\u00a0Servi\u00e7o Nacional de Aprendizagem Industrial (Senai) alega que, se o corte ficar em 30%, 164 escolas poderiam fechar, acabando com 1,1 milh\u00e3o de vagas em cursos profissionais por ano em todo o Brasil.\u00a0J\u00e1 o Servi\u00e7o Social da Ind\u00fastria (Sesi) diz que os cortes impediriam o funcionamento de outras 155 escolas, e 498 mil vagas para alunos do ensino b\u00e1sico ou na educa\u00e7\u00e3o de jovens e adultos seriam fechadas.\u00a0Juntas, as entidades afirmam que 18,4 mil trabalhadores, a maioria educadores, seriam demitidos.\u00a0<\/p>\n<p>A queda na arrecada\u00e7\u00e3o tamb\u00e9m inviabilizaria o atendimento em sa\u00fade para 1,2 milh\u00e3o de pessoas. As entidades consideram at\u00e9 mesmo encerrar as atividades em determinados estados. &#8220;Seria o fim dos cursos de educa\u00e7\u00e3o profissional e da atua\u00e7\u00e3o de determinados\u00a0institutos de inova\u00e7\u00e3o e tecnologia, que tanto ajudam as empresas a se tornarem mais inovadoras e competitivas&#8221;, diz a nota conjunta das entidades.\u00a0<\/p>\n<p>O\u00a0Servi\u00e7o Social do Transporte e Servi\u00e7o Nacional de Aprendizagem do Transporte (Sest\/Senat) alega que os cortes anunciados por Guedes poriam fim a programas que visam \u00e0 seguran\u00e7a e qualidade de vida dos motoristas e transportadores, e colocaria em risco\u00a08,7 mil empregos diretos, que prestam atendimento a mais 2 milh\u00f5es de caminhoneiros e taxistas.<\/p>\n<p>\u00a0<\/p>\n<p><span style=\"text-decoration: underline;\"><strong>Fonte: Rede Brasil Atual<\/strong><\/span><\/p>\n","protected":false},"excerpt":{"rendered":"<p>O futuro ministro da Economia do\u00a0governo Bolsonaro, Paulo Guedes, afirmou na \u00faltima segunda-feira (17), durante reuni\u00e3o com empres\u00e1rios no Rio de Janeiro, que pretende &#8220;meter a faca&#8221; no\u00a0Sistema S.\u00a0Fazem parte desse sistema entidades ligadas a ramos espec\u00edficos da economia \u2013 ind\u00fastria, com\u00e9rcio, servi\u00e7os \u2013 como o\u00a0Sesi,\u00a0Senai e\u00a0Sesc, que desenvolvem a\u00e7\u00f5es de forma\u00e7\u00e3o profissional e de [&hellip;]<\/p>\n","protected":false},"author":2,"featured_media":5798,"comment_status":"","ping_status":"","sticky":false,"template":"","format":"standard","meta":{"footnotes":""},"categories":[3],"tags":[],"class_list":["post-5799","post","type-post","status-publish","format-standard","has-post-thumbnail","hentry","category-noticias"],"_links":{"self":[{"href":"https:\/\/hostnetart.com.br\/baixada\/wp-json\/wp\/v2\/posts\/5799","targetHints":{"allow":["GET"]}}],"collection":[{"href":"https:\/\/hostnetart.com.br\/baixada\/wp-json\/wp\/v2\/posts"}],"about":[{"href":"https:\/\/hostnetart.com.br\/baixada\/wp-json\/wp\/v2\/types\/post"}],"author":[{"embeddable":true,"href":"https:\/\/hostnetart.com.br\/baixada\/wp-json\/wp\/v2\/users\/2"}],"replies":[{"embeddable":true,"href":"https:\/\/hostnetart.com.br\/baixada\/wp-json\/wp\/v2\/comments?post=5799"}],"version-history":[{"count":0,"href":"https:\/\/hostnetart.com.br\/baixada\/wp-json\/wp\/v2\/posts\/5799\/revisions"}],"wp:featuredmedia":[{"embeddable":true,"href":"https:\/\/hostnetart.com.br\/baixada\/wp-json\/wp\/v2\/media\/5798"}],"wp:attachment":[{"href":"https:\/\/hostnetart.com.br\/baixada\/wp-json\/wp\/v2\/media?parent=5799"}],"wp:term":[{"taxonomy":"category","embeddable":true,"href":"https:\/\/hostnetart.com.br\/baixada\/wp-json\/wp\/v2\/categories?post=5799"},{"taxonomy":"post_tag","embeddable":true,"href":"https:\/\/hostnetart.com.br\/baixada\/wp-json\/wp\/v2\/tags?post=5799"}],"curies":[{"name":"wp","href":"https:\/\/api.w.org\/{rel}","templated":true}]}}