{"id":5797,"date":"2018-12-19T13:12:20","date_gmt":"2018-12-19T15:12:20","guid":{"rendered":"https:\/\/hostnetart.com.br\/baixada\/dois-anos-do-teto-gastos-brasil-vive-volta-da-mortalidade-e-o-aumento-da-pobreza\/"},"modified":"2018-12-19T13:12:20","modified_gmt":"2018-12-19T15:12:20","slug":"dois-anos-do-teto-gastos-brasil-vive-volta-da-mortalidade-e-o-aumento-da-pobreza","status":"publish","type":"post","link":"https:\/\/hostnetart.com.br\/baixada\/dois-anos-do-teto-gastos-brasil-vive-volta-da-mortalidade-e-o-aumento-da-pobreza\/","title":{"rendered":"Dois anos do Teto Gastos: Brasil vive volta da mortalidade e o aumento da pobreza"},"content":{"rendered":"<p class=\" \">As pol\u00edticas sociais no Brasil podem entrar em colapso, segundo alertam movimentos sociais, organiza\u00e7\u00f5es da sociedade civil, institui\u00e7\u00f5es acad\u00eamicas, no m\u00eas em que se completam dois anos da Emenda Constitucional 95, a chamada\u00a0<a class=\"internal-link\" title=\"\" href=\"https:\/\/www.redebrasilatual.com.br\/educacao\/2018\/11\/em-conferencia-nacional-de-educacao-professores-pedem-a-revogacao-do-teto-de-gastos\" target=\"_blank\" rel=\"noopener noreferrer\">Teto de Gastos<\/a>, que limita investimentos por at\u00e9 20 anos em \u00e1reas sociais como sa\u00fade e educa\u00e7\u00e3o. Desde ent\u00e3o, as diversas entidades t\u00eam feito\u00a0<a class=\"internal-link\" title=\"\" href=\"https:\/\/www.redebrasilatual.com.br\/politica\/2018\/04\/movimentos-sociais-lancam-campanha-para-revogar-emenda-do-teto-de-gastos\" target=\"_blank\" rel=\"noopener noreferrer\">campanhas<\/a>\u00a0para que o Supremo Tribunal Federal (STF) julgue as a\u00e7\u00f5es que estabelecem como inconstitucional o congelamento.<\/p>\n<p class=\" \">Justificada pelo governo de Michel Temer (MDB) como uma medida para equilibrar os cofres p\u00fablicos que, segundo o presidente, estavam insustent\u00e1veis com o crescimento de investimentos, em dois anos de vig\u00eancia, a economia do pa\u00eds ainda apresenta lentos sinais de recupera\u00e7\u00e3o e a EC trouxe ainda diversos preju\u00edzos para a popula\u00e7\u00e3o, entre eles, a volta da\u00a0<a class=\"internal-link\" title=\"\" href=\"https:\/\/www.redebrasilatual.com.br\/saude\/2018\/09\/associacao-brasileira-de-saude-coletiva-alerta-sobre-aumento-da-mortalidade-materna-e-infantil\" target=\"_blank\" rel=\"noopener noreferrer\">mortalidade infantil<\/a>\u00a0que cresceu 11%. Segundo an\u00e1lise da Universidade Federal da Bahia (UFBA), at\u00e9 o ano de 2030, cerca de 20 mil crian\u00e7as, de at\u00e9 cinco anos de idade, morrer\u00e3o por causa do Teto de Gastos.<\/p>\n<p class=\" \">O documento rec\u00e9m-divulgado pelo IBGE,\u00a0<a class=\"external-link\" title=\"\" href=\"https:\/\/biblioteca.ibge.gov.br\/visualizacao\/livros\/liv101629.pdf\" target=\"_blank\" rel=\"noopener noreferrer\">&#8220;S\u00edntese de Indicadores Sociais: uma an\u00e1lise das condi\u00e7\u00f5es de vida&#8221;<\/a>, aponta ainda o avan\u00e7o da\u00a0<a class=\"internal-link\" title=\"\" href=\"https:\/\/www.redebrasilatual.com.br\/retrospectiva-2018\/economia\/ibge-pobreza-e-informalidade-aumentaram-no-brasil\" target=\"_blank\" rel=\"noopener noreferrer\">extrema pobreza<\/a>\u00a0sobre a popula\u00e7\u00e3o brasileira. De 2016 para 2017, o n\u00famero de pessoas que vivem com uma renda inferior a R$ 141 por m\u00eas, saltou de 13,5 milh\u00f5es de pessoas, para 15, 2 milh\u00f5es. Um reflexo tamb\u00e9m, segundo o economista Rafael da Silva, do fim da pol\u00edtica de valoriza\u00e7\u00e3o dos sal\u00e1rios m\u00ednimos e das\u00a0<a class=\"internal-link\" title=\"\" href=\"https:\/\/www.redebrasilatual.com.br\/retrospectiva-2018\/cidadania\/apos-o-golpe-de-2016-desigualdade-de-renda-para-de-cair-e-brasil-retrocede\" target=\"_blank\" rel=\"noopener noreferrer\">altera\u00e7\u00f5es implantadas<\/a>\u00a0com a &#8220;reforma&#8221; trabalhista, que devem ser continuadas pelo futuro presidente\u00a0<a class=\"internal-link\" title=\"\" href=\"https:\/\/www.redebrasilatual.com.br\/eleicoes-2018\/brasil-que-bolsonaro-quer-fome-analfabetismo-violencia-e-ditadura\" target=\"_blank\" rel=\"noopener noreferrer\">Jair Bolsonaro (PSL)<\/a>.<\/p>\n<p class=\" \">&#8220;Se n\u00f3s nos atermos apenas ao programa do Jair Bolsonaro, o que t\u00e1 sinalizado ali n\u00e3o \u00e9 nenhum tipo de revers\u00e3o dos indicadores sociais nesse momento&#8221;, avalia o economista durante entrevista ao rep\u00f3rter Leandro Chaves, do\u00a0<i>Seu Jornal<\/i>, da\u00a0<b>TVT<\/b>. &#8220;Essa crise econ\u00f4mica acaba impactando os mais pobres justamente porque o teto (de gastos) \u00e9 dos direitos dessas pessoas&#8221;, acrescenta a integrante da Plataforma Brasileira de Direitos Humanos Econ\u00f4micos, Sociais, Culturais e Ambientais (Dhesca) Juliane Cintra de Oliveira, ao rep\u00f3rter J\u00f4 Miyagui, do\u00a0<i>Seu Jornal<\/i>, da\u00a0<b>TVT<\/b>.<\/p>\n<p class=\" \">\u00a0<\/p>\n<p class=\" \"><strong>Fonte: Rede Brasil Atual<\/strong><\/p>\n","protected":false},"excerpt":{"rendered":"<p>As pol\u00edticas sociais no Brasil podem entrar em colapso, segundo alertam movimentos sociais, organiza\u00e7\u00f5es da sociedade civil, institui\u00e7\u00f5es acad\u00eamicas, no m\u00eas em que se completam dois anos da Emenda Constitucional 95, a chamada\u00a0Teto de Gastos, que limita investimentos por at\u00e9 20 anos em \u00e1reas sociais como sa\u00fade e educa\u00e7\u00e3o. Desde ent\u00e3o, as diversas entidades t\u00eam [&hellip;]<\/p>\n","protected":false},"author":2,"featured_media":5796,"comment_status":"","ping_status":"","sticky":false,"template":"","format":"standard","meta":{"footnotes":""},"categories":[3],"tags":[],"class_list":["post-5797","post","type-post","status-publish","format-standard","has-post-thumbnail","hentry","category-noticias"],"_links":{"self":[{"href":"https:\/\/hostnetart.com.br\/baixada\/wp-json\/wp\/v2\/posts\/5797","targetHints":{"allow":["GET"]}}],"collection":[{"href":"https:\/\/hostnetart.com.br\/baixada\/wp-json\/wp\/v2\/posts"}],"about":[{"href":"https:\/\/hostnetart.com.br\/baixada\/wp-json\/wp\/v2\/types\/post"}],"author":[{"embeddable":true,"href":"https:\/\/hostnetart.com.br\/baixada\/wp-json\/wp\/v2\/users\/2"}],"replies":[{"embeddable":true,"href":"https:\/\/hostnetart.com.br\/baixada\/wp-json\/wp\/v2\/comments?post=5797"}],"version-history":[{"count":0,"href":"https:\/\/hostnetart.com.br\/baixada\/wp-json\/wp\/v2\/posts\/5797\/revisions"}],"wp:featuredmedia":[{"embeddable":true,"href":"https:\/\/hostnetart.com.br\/baixada\/wp-json\/wp\/v2\/media\/5796"}],"wp:attachment":[{"href":"https:\/\/hostnetart.com.br\/baixada\/wp-json\/wp\/v2\/media?parent=5797"}],"wp:term":[{"taxonomy":"category","embeddable":true,"href":"https:\/\/hostnetart.com.br\/baixada\/wp-json\/wp\/v2\/categories?post=5797"},{"taxonomy":"post_tag","embeddable":true,"href":"https:\/\/hostnetart.com.br\/baixada\/wp-json\/wp\/v2\/tags?post=5797"}],"curies":[{"name":"wp","href":"https:\/\/api.w.org\/{rel}","templated":true}]}}