{"id":5795,"date":"2018-12-19T13:11:41","date_gmt":"2018-12-19T15:11:41","guid":{"rendered":"https:\/\/hostnetart.com.br\/baixada\/cnj-aprova-retomada-do-auxilio-moradia-para-juizes\/"},"modified":"2018-12-19T13:11:41","modified_gmt":"2018-12-19T15:11:41","slug":"cnj-aprova-retomada-do-auxilio-moradia-para-juizes","status":"publish","type":"post","link":"https:\/\/hostnetart.com.br\/baixada\/cnj-aprova-retomada-do-auxilio-moradia-para-juizes\/","title":{"rendered":"CNJ aprova retomada do aux\u00edlio-moradia para ju\u00edzes"},"content":{"rendered":"<p>O Conselho Nacional de Justi\u00e7a (CNJ) aprovou o retorno do\u00a0<strong>aux\u00edlio-moradia<\/strong>\u00a0para ju\u00edzes, com algumas restri\u00e7\u00f5es. A derrubada do privil\u00e9gio foi resultado de um pol\u00eamico acordo entre o presidente Michel Temer (MDB) e o Supremo Tribunal Federal (STF), para garantir o reajuste de 16,38% nos sal\u00e1rios do Judici\u00e1rio.<\/p>\n<p>De acordo com a decis\u00e3o de hoje (18), o aux\u00edlio ser\u00e1 retomado com a quantia de at\u00e9 R$ 4.377,73. O pa\u00eds tem 18 mil magistrados e, se a decis\u00e3o for seguida \u00e0 risca, apenas 180 devem ser beneficiados. As restri\u00e7\u00f5es aprovadas foram:n\u00e3o haver im\u00f3vel funcional \u00e0 disposi\u00e7\u00e3o; se o c\u00f4njuge n\u00e3o receber aux\u00edlio nem ocupar im\u00f3vel funcional; ele ou o c\u00f4njuge n\u00e3o terem im\u00f3veis na comarca onde atuar; e estar em cidade diferente da original.<\/p>\n<p>Ainda de acordo com a decis\u00e3o, o valor deve ser pago como indeniza\u00e7\u00e3o ao aluguel ou hospedagem, sendo impedido o magistrado de utilizar o dinheiro para outro fim, como condom\u00ednio ou impostos.<\/p>\n<p id=\":wj.co\" class=\"tL8wMe EMoHub\" dir=\"ltr\"><span id=\":wj.co\" class=\"tL8wMe EMoHub\" dir=\"ltr\">A norma agora passa por regulamenta\u00e7\u00e3o junto ao Minist\u00e9rio P\u00fablico, que deve adotar o mesmo modelo<\/span>\u00a0para promotores e procuradores.<\/p>\n<p>O\u00a0<a class=\"external-link\" title=\"\" href=\"http:\/\/spbancarios.com.br\/08\/2018\/salarios-altos-fazem-do-judiciario-elite-do-funcionalismo\" target=\"_blank\" rel=\"noopener noreferrer\">Judici\u00e1rio concentra a elite do funcionalismo p\u00fablico<\/a>\u00a0em quest\u00e3o salarial. Os vencimentos dos profissionais giram em torno dos R$ 12 mil, em m\u00e9dia. J\u00e1 na esfera do Executivo municipal, que engloba professores de ensino fundamental, por exemplo, a m\u00e9dia \u00e9 de R$ 2.754,00. Os gastos com o Judici\u00e1rio correspondem a 96% da folha de pagamentos do Executivo federal, embora tenham apenas um pouco mais da metade do efetivo.<\/p>\n<p>\u00a0<\/p>\n<p><strong>Fonte: Rede Brasil Atual<\/strong><\/p>\n","protected":false},"excerpt":{"rendered":"<p>O Conselho Nacional de Justi\u00e7a (CNJ) aprovou o retorno do\u00a0aux\u00edlio-moradia\u00a0para ju\u00edzes, com algumas restri\u00e7\u00f5es. A derrubada do privil\u00e9gio foi resultado de um pol\u00eamico acordo entre o presidente Michel Temer (MDB) e o Supremo Tribunal Federal (STF), para garantir o reajuste de 16,38% nos sal\u00e1rios do Judici\u00e1rio. De acordo com a decis\u00e3o de hoje (18), o [&hellip;]<\/p>\n","protected":false},"author":2,"featured_media":5794,"comment_status":"","ping_status":"","sticky":false,"template":"","format":"standard","meta":{"footnotes":""},"categories":[3],"tags":[],"class_list":["post-5795","post","type-post","status-publish","format-standard","has-post-thumbnail","hentry","category-noticias"],"_links":{"self":[{"href":"https:\/\/hostnetart.com.br\/baixada\/wp-json\/wp\/v2\/posts\/5795","targetHints":{"allow":["GET"]}}],"collection":[{"href":"https:\/\/hostnetart.com.br\/baixada\/wp-json\/wp\/v2\/posts"}],"about":[{"href":"https:\/\/hostnetart.com.br\/baixada\/wp-json\/wp\/v2\/types\/post"}],"author":[{"embeddable":true,"href":"https:\/\/hostnetart.com.br\/baixada\/wp-json\/wp\/v2\/users\/2"}],"replies":[{"embeddable":true,"href":"https:\/\/hostnetart.com.br\/baixada\/wp-json\/wp\/v2\/comments?post=5795"}],"version-history":[{"count":0,"href":"https:\/\/hostnetart.com.br\/baixada\/wp-json\/wp\/v2\/posts\/5795\/revisions"}],"wp:featuredmedia":[{"embeddable":true,"href":"https:\/\/hostnetart.com.br\/baixada\/wp-json\/wp\/v2\/media\/5794"}],"wp:attachment":[{"href":"https:\/\/hostnetart.com.br\/baixada\/wp-json\/wp\/v2\/media?parent=5795"}],"wp:term":[{"taxonomy":"category","embeddable":true,"href":"https:\/\/hostnetart.com.br\/baixada\/wp-json\/wp\/v2\/categories?post=5795"},{"taxonomy":"post_tag","embeddable":true,"href":"https:\/\/hostnetart.com.br\/baixada\/wp-json\/wp\/v2\/tags?post=5795"}],"curies":[{"name":"wp","href":"https:\/\/api.w.org\/{rel}","templated":true}]}}