{"id":5793,"date":"2018-12-19T13:10:40","date_gmt":"2018-12-19T15:10:40","guid":{"rendered":"https:\/\/hostnetart.com.br\/baixada\/trabalhadores-e-servidores-protestam-pela-manutencao-do-ministerio-do-trabalho\/"},"modified":"2018-12-19T13:10:40","modified_gmt":"2018-12-19T15:10:40","slug":"trabalhadores-e-servidores-protestam-pela-manutencao-do-ministerio-do-trabalho","status":"publish","type":"post","link":"https:\/\/hostnetart.com.br\/baixada\/trabalhadores-e-servidores-protestam-pela-manutencao-do-ministerio-do-trabalho\/","title":{"rendered":"Trabalhadores e servidores protestam pela manuten\u00e7\u00e3o do Minist\u00e9rio do Trabalho"},"content":{"rendered":"<p class=\" \">Em protesto contra a extin\u00e7\u00e3o do Minist\u00e9rio do Trabalho j\u00e1 anunciada pelo futuro presidente Jair Bolsonaro (PSL), trabalhadores e servidores p\u00fablicos realizaram\u00a0<a class=\"internal-link\" title=\"\" href=\"https:\/\/www.redebrasilatual.com.br\/politica\/2018\/12\/ministerio-do-trabalho-se-une-a-centrais-para-evitar-extincao\" target=\"_blank\" rel=\"noopener noreferrer\">mais um ato<\/a>\u00a0nesta ter\u00e7a-feira (18) na Esplanada dos Minist\u00e9rios, em Bras\u00edlia, denunciando os retrocessos que poder\u00e3o ocorrer com o fim da pasta criada em 1930.<\/p>\n<p class=\" \">De acordo com o futuro ministro da Casa Civil, Onyz Lorenzoni, o Minist\u00e9rio do Trabalho ser\u00e1\u00a0<a class=\"internal-link\" title=\"\" href=\"https:\/\/www.redebrasilatual.com.br\/politica\/2018\/12\/pasta-do-trabalho-sera-fatiada-area-sindical-ficara-com-moro\" target=\"_blank\" rel=\"noopener noreferrer\">dividido em tr\u00eas \u00e1reas<\/a>, sendo que cada uma delas ficar\u00e1 sob comando das pastas de Economia, Justi\u00e7a\/Seguran\u00e7a P\u00fablica e Cidadania. Na pr\u00e1tica, segundo os trabalhadores, a falta de um minist\u00e9rio, que centralize os interesses da categoria, impedir\u00e1 a luta por direitos e a negocia\u00e7\u00e3o com os empregadores.<\/p>\n<p class=\" \">Os trabalhadores apontam ainda que a pr\u00f3pria economia do pa\u00eds ser\u00e1 impactada com o\u00a0<a class=\"internal-link\" title=\"\" href=\"https:\/\/www.redebrasilatual.com.br\/trabalho\/2018\/12\/proposta-de-bolsonaro-legaliza-precarizacao-e-retirada-dos-direitos-trabalhistas\" target=\"_blank\" rel=\"noopener noreferrer\">incentivo de Bolsonaro<\/a>\u00a0para o crescimento da informalidade, que j\u00e1 vem tomando forma ap\u00f3s a &#8220;reforma&#8221; trabalhista e a nova lei de terceiriza\u00e7\u00e3o.<\/p>\n<p class=\" \">&#8220;Quando o trabalhador \u00e9 bem remunerado, ele vai ao mercado comprar mais.\u00a0 O mercado para poder vender mais, ele tamb\u00e9m encomenda mais da ind\u00fastria e do campo, com isso tem condi\u00e7\u00e3o de haver um ciclo virtuoso e que todo mundo ganha. Essa aposta de reduzir direitos \u00e9 uma aposta ultrapassada, antiga, antiquada e que a humanidade j\u00e1 vivenciou essa \u00e9poca&#8221;, afirma o advogado o Sindicato dos Servidores P\u00fablicos Federais do Distrito Federal (Sindsep-DF), Ulisses Borges, ao rep\u00f3rter U\u00e9lson Kalinovski, do\u00a0<i>Seu Jornal<\/i>, da\u00a0<b>TVT<\/b>.<\/p>\n<p class=\" \">\u00a0<\/p>\n<p class=\" \"><strong>Fonte: Rede Brasil Atual<\/strong><\/p>\n","protected":false},"excerpt":{"rendered":"<p>Em protesto contra a extin\u00e7\u00e3o do Minist\u00e9rio do Trabalho j\u00e1 anunciada pelo futuro presidente Jair Bolsonaro (PSL), trabalhadores e servidores p\u00fablicos realizaram\u00a0mais um ato\u00a0nesta ter\u00e7a-feira (18) na Esplanada dos Minist\u00e9rios, em Bras\u00edlia, denunciando os retrocessos que poder\u00e3o ocorrer com o fim da pasta criada em 1930. De acordo com o futuro ministro da Casa Civil, [&hellip;]<\/p>\n","protected":false},"author":2,"featured_media":5792,"comment_status":"","ping_status":"","sticky":false,"template":"","format":"standard","meta":{"footnotes":""},"categories":[3],"tags":[],"class_list":["post-5793","post","type-post","status-publish","format-standard","has-post-thumbnail","hentry","category-noticias"],"_links":{"self":[{"href":"https:\/\/hostnetart.com.br\/baixada\/wp-json\/wp\/v2\/posts\/5793","targetHints":{"allow":["GET"]}}],"collection":[{"href":"https:\/\/hostnetart.com.br\/baixada\/wp-json\/wp\/v2\/posts"}],"about":[{"href":"https:\/\/hostnetart.com.br\/baixada\/wp-json\/wp\/v2\/types\/post"}],"author":[{"embeddable":true,"href":"https:\/\/hostnetart.com.br\/baixada\/wp-json\/wp\/v2\/users\/2"}],"replies":[{"embeddable":true,"href":"https:\/\/hostnetart.com.br\/baixada\/wp-json\/wp\/v2\/comments?post=5793"}],"version-history":[{"count":0,"href":"https:\/\/hostnetart.com.br\/baixada\/wp-json\/wp\/v2\/posts\/5793\/revisions"}],"wp:featuredmedia":[{"embeddable":true,"href":"https:\/\/hostnetart.com.br\/baixada\/wp-json\/wp\/v2\/media\/5792"}],"wp:attachment":[{"href":"https:\/\/hostnetart.com.br\/baixada\/wp-json\/wp\/v2\/media?parent=5793"}],"wp:term":[{"taxonomy":"category","embeddable":true,"href":"https:\/\/hostnetart.com.br\/baixada\/wp-json\/wp\/v2\/categories?post=5793"},{"taxonomy":"post_tag","embeddable":true,"href":"https:\/\/hostnetart.com.br\/baixada\/wp-json\/wp\/v2\/tags?post=5793"}],"curies":[{"name":"wp","href":"https:\/\/api.w.org\/{rel}","templated":true}]}}