{"id":5789,"date":"2018-12-18T19:41:51","date_gmt":"2018-12-18T21:41:51","guid":{"rendered":"https:\/\/hostnetart.com.br\/baixada\/rede-uni-mulheres-brasil-define-estrategias-para-2019\/"},"modified":"2018-12-18T19:41:51","modified_gmt":"2018-12-18T21:41:51","slug":"rede-uni-mulheres-brasil-define-estrategias-para-2019","status":"publish","type":"post","link":"https:\/\/hostnetart.com.br\/baixada\/rede-uni-mulheres-brasil-define-estrategias-para-2019\/","title":{"rendered":"Rede UNI Mulheres Brasil define estrat\u00e9gias para 2019"},"content":{"rendered":"<div class=\"content\">\n<p>A Rede UNI Mulheres Brasil se reuniu nesta ter\u00e7a-feira (18) na sede do Sindicato dos Comerci\u00e1rios de S\u00e3o Paulo para definir as estrat\u00e9gias de luta para o pr\u00f3ximo per\u00edodo. Dirigentes de entidades filiadas a diversas centrais sindicais marcaram presen\u00e7a.<\/p>\n<p>\u201cO pr\u00f3ximo per\u00edodo vai ser dif\u00edcil. \u00c9 de fundamental import\u00e2ncia estarmos articuladas, n\u00e3o apenas na Rede UNI Mulheres Brasil, mas contra toda a viola\u00e7\u00e3o de direitos\u201d, afirmou Elaine Cutis, secret\u00e1ria da Mulher da Confedera\u00e7\u00e3o Nacional dos Trabalhadores do Ramo Financeiro (Contraf-CUT), completando que o objetivo da reuni\u00e3o foi o de programar v\u00e1rias a\u00e7\u00f5es conjuntas tanto no Brasil quanto no \u00e2mbito internacional na Rede para enfrentar qualquer amea\u00e7a de retirada de direitos que impactem a vida das mulheres.<\/p>\n<p>A pr\u00f3xima reuni\u00e3o ser\u00e1 em fevereiro, mas ainda sem data e local definidos.<\/p>\n<\/div>\n<p id=\"page-author\"><strong>Fonte: Contraf-CUT<\/strong><\/p>\n","protected":false},"excerpt":{"rendered":"<p>A Rede UNI Mulheres Brasil se reuniu nesta ter\u00e7a-feira (18) na sede do Sindicato dos Comerci\u00e1rios de S\u00e3o Paulo para definir as estrat\u00e9gias de luta para o pr\u00f3ximo per\u00edodo. Dirigentes de entidades filiadas a diversas centrais sindicais marcaram presen\u00e7a. \u201cO pr\u00f3ximo per\u00edodo vai ser dif\u00edcil. \u00c9 de fundamental import\u00e2ncia estarmos articuladas, n\u00e3o apenas na Rede [&hellip;]<\/p>\n","protected":false},"author":2,"featured_media":5788,"comment_status":"","ping_status":"","sticky":false,"template":"","format":"standard","meta":{"footnotes":""},"categories":[3],"tags":[],"class_list":["post-5789","post","type-post","status-publish","format-standard","has-post-thumbnail","hentry","category-noticias"],"_links":{"self":[{"href":"https:\/\/hostnetart.com.br\/baixada\/wp-json\/wp\/v2\/posts\/5789","targetHints":{"allow":["GET"]}}],"collection":[{"href":"https:\/\/hostnetart.com.br\/baixada\/wp-json\/wp\/v2\/posts"}],"about":[{"href":"https:\/\/hostnetart.com.br\/baixada\/wp-json\/wp\/v2\/types\/post"}],"author":[{"embeddable":true,"href":"https:\/\/hostnetart.com.br\/baixada\/wp-json\/wp\/v2\/users\/2"}],"replies":[{"embeddable":true,"href":"https:\/\/hostnetart.com.br\/baixada\/wp-json\/wp\/v2\/comments?post=5789"}],"version-history":[{"count":0,"href":"https:\/\/hostnetart.com.br\/baixada\/wp-json\/wp\/v2\/posts\/5789\/revisions"}],"wp:featuredmedia":[{"embeddable":true,"href":"https:\/\/hostnetart.com.br\/baixada\/wp-json\/wp\/v2\/media\/5788"}],"wp:attachment":[{"href":"https:\/\/hostnetart.com.br\/baixada\/wp-json\/wp\/v2\/media?parent=5789"}],"wp:term":[{"taxonomy":"category","embeddable":true,"href":"https:\/\/hostnetart.com.br\/baixada\/wp-json\/wp\/v2\/categories?post=5789"},{"taxonomy":"post_tag","embeddable":true,"href":"https:\/\/hostnetart.com.br\/baixada\/wp-json\/wp\/v2\/tags?post=5789"}],"curies":[{"name":"wp","href":"https:\/\/api.w.org\/{rel}","templated":true}]}}