{"id":5775,"date":"2018-12-17T18:08:18","date_gmt":"2018-12-17T20:08:18","guid":{"rendered":"https:\/\/hostnetart.com.br\/baixada\/recursos-publicos-sustentam-a-economia-de-55-dos-municipios-do-pais\/"},"modified":"2018-12-17T18:08:18","modified_gmt":"2018-12-17T20:08:18","slug":"recursos-publicos-sustentam-a-economia-de-55-dos-municipios-do-pais","status":"publish","type":"post","link":"https:\/\/hostnetart.com.br\/baixada\/recursos-publicos-sustentam-a-economia-de-55-dos-municipios-do-pais\/","title":{"rendered":"Recursos p\u00fablicos sustentam a economia de 55% dos munic\u00edpios do pa\u00eds"},"content":{"rendered":"<p class=\" \">Uma pesquisa divulgada na sexta-feira (14) pelo IBGE sobre o Produto Interno Bruto (PIB) dos munic\u00edpios brasileiros em 2016 revela que em 55% do total de 5.570 cidades do pa\u00eds a economia \u00e9 movida em grande parte pela Administra\u00e7\u00e3o P\u00fablica. O dado chama aten\u00e7\u00e3o, na an\u00e1lise do diretor-t\u00e9cnico do Dieese, Clemente Ganz L\u00facio, para a import\u00e2ncia do estado nas economias locais, e tamb\u00e9m reflete o avan\u00e7o das <a class=\"internal-link\" title=\"\" href=\"https:\/\/www.redebrasilatual.com.br\/blogs\/blog-na-rede\/2018\/12\/o-1-rico-do-pais-e-a-mentira-neoliberal-espalhada-pelo-mbl\" target=\"_blank\" rel=\"noopener noreferrer\">desigualdades<\/a> entre os munic\u00edpios.<\/p>\n<p class=\" \">Marcados pela falta de diversidade econ\u00f4mica, os recursos p\u00fablicos que d\u00e3o dinamismo a essas economias respondem ao sal\u00e1rio dos servidores p\u00fablicos e \u00e0 transfer\u00eancia de benef\u00edcios e de programas sociais, como o Bolsa Fam\u00edlia, o que, segundo Ganz L\u00facio, mostra que cortes nestas fontes de renda podem <a class=\"internal-link\" title=\"\" href=\"https:\/\/www.redebrasilatual.com.br\/cidadania\/2018\/11\/apos-o-golpe-de-2016-desigualdade-de-renda-para-de-cair-e-brasil-retrocede\" target=\"_blank\" rel=\"noopener noreferrer\">reprimir ainda mais os munic\u00edpios<\/a> que sofrem pela falta de uma atividade econ\u00f4mica &#8220;robusta&#8221; com ind\u00fastrias, agropecu\u00e1ria din\u00e2mica e investimentos em servi\u00e7os sofisticados.\u00a0<\/p>\n<p class=\" \">&#8220;Tudo isso leva com que essas economias tenham uma desigualdade econ\u00f4mica, uma car\u00eancia do ponto de vista da atividade produtiva, que confere ao recurso oriundo do setor p\u00fablico grande parte do seu dinamismo&#8221;, avalia o diretor-t\u00e9cnico em entrevista \u00e0 jornalista Marilu Caba\u00f1as, da <b>R\u00e1dio Brasil Atual<\/b>. &#8220;O Brasil precisa ter uma estrat\u00e9gia de desenvolvimento econ\u00f4mico que diversifique no espa\u00e7o, no territ\u00f3rio, os investimentos produtivos&#8221;, afirma Ganz L\u00facio, apontando que s\u00f3 a <a class=\"internal-link\" title=\"\" href=\"https:\/\/www.redebrasilatual.com.br\/cidadania\/2018\/11\/desigualdade-em-sp-persiste-apos-primeiro-ano-da-gestao-empresarial-de-doria\" target=\"_blank\" rel=\"noopener noreferrer\">cidade de S\u00e3o Paulo<\/a>, por exemplo, tem um volume de atividade econ\u00f4mica que equivale \u00e0 soma de 4.300 munic\u00edpios do pa\u00eds.\u00a0<\/p>\n<p class=\" \">\u00a0<\/p>\n<p class=\" \"><strong>Fonte: Rede Brasil Atual<\/strong><\/p>\n","protected":false},"excerpt":{"rendered":"<p>Uma pesquisa divulgada na sexta-feira (14) pelo IBGE sobre o Produto Interno Bruto (PIB) dos munic\u00edpios brasileiros em 2016 revela que em 55% do total de 5.570 cidades do pa\u00eds a economia \u00e9 movida em grande parte pela Administra\u00e7\u00e3o P\u00fablica. O dado chama aten\u00e7\u00e3o, na an\u00e1lise do diretor-t\u00e9cnico do Dieese, Clemente Ganz L\u00facio, para a [&hellip;]<\/p>\n","protected":false},"author":2,"featured_media":5774,"comment_status":"","ping_status":"","sticky":false,"template":"","format":"standard","meta":{"footnotes":""},"categories":[3],"tags":[],"class_list":["post-5775","post","type-post","status-publish","format-standard","has-post-thumbnail","hentry","category-noticias"],"_links":{"self":[{"href":"https:\/\/hostnetart.com.br\/baixada\/wp-json\/wp\/v2\/posts\/5775","targetHints":{"allow":["GET"]}}],"collection":[{"href":"https:\/\/hostnetart.com.br\/baixada\/wp-json\/wp\/v2\/posts"}],"about":[{"href":"https:\/\/hostnetart.com.br\/baixada\/wp-json\/wp\/v2\/types\/post"}],"author":[{"embeddable":true,"href":"https:\/\/hostnetart.com.br\/baixada\/wp-json\/wp\/v2\/users\/2"}],"replies":[{"embeddable":true,"href":"https:\/\/hostnetart.com.br\/baixada\/wp-json\/wp\/v2\/comments?post=5775"}],"version-history":[{"count":0,"href":"https:\/\/hostnetart.com.br\/baixada\/wp-json\/wp\/v2\/posts\/5775\/revisions"}],"wp:featuredmedia":[{"embeddable":true,"href":"https:\/\/hostnetart.com.br\/baixada\/wp-json\/wp\/v2\/media\/5774"}],"wp:attachment":[{"href":"https:\/\/hostnetart.com.br\/baixada\/wp-json\/wp\/v2\/media?parent=5775"}],"wp:term":[{"taxonomy":"category","embeddable":true,"href":"https:\/\/hostnetart.com.br\/baixada\/wp-json\/wp\/v2\/categories?post=5775"},{"taxonomy":"post_tag","embeddable":true,"href":"https:\/\/hostnetart.com.br\/baixada\/wp-json\/wp\/v2\/tags?post=5775"}],"curies":[{"name":"wp","href":"https:\/\/api.w.org\/{rel}","templated":true}]}}