{"id":5773,"date":"2018-12-17T18:07:13","date_gmt":"2018-12-17T20:07:13","guid":{"rendered":"https:\/\/hostnetart.com.br\/baixada\/empregados-da-caixa-planejam-resistencia-para-2019\/"},"modified":"2018-12-17T18:07:13","modified_gmt":"2018-12-17T20:07:13","slug":"empregados-da-caixa-planejam-resistencia-para-2019","status":"publish","type":"post","link":"https:\/\/hostnetart.com.br\/baixada\/empregados-da-caixa-planejam-resistencia-para-2019\/","title":{"rendered":"Empregados da Caixa planejam resist\u00eancia para 2019"},"content":{"rendered":"<div class=\"content\">\n<p>A defesa da Caixa Econ\u00f4mica Federal 100% p\u00fablica e a garantia dos direitos dos trabalhadores do banco v\u00e3o nortear as a\u00e7\u00f5es das entidades representativas da categoria durante o ano de 2019. Foi o que debateu a Comiss\u00e3o Executiva dos Empregados, durante reuni\u00e3o realizada nesta ter\u00e7a e quarta-feira, 11 e 12, na sede da Fenae, em Bras\u00edlia (DF). Neste sentindo, a CEE\/Caixa planejou propostas de resist\u00eancia aos ataques contra a empresa e de mobiliza\u00e7\u00e3o por melhores condi\u00e7\u00f5es de trabalho.<\/p>\n<p><strong>Funcef<\/strong><br \/> No tocante a Funcef, a CEE vai enviar of\u00edcio \u00e0 dire\u00e7\u00e3o da Caixa e ao Conselho Deliberativo da funda\u00e7\u00e3o em que ratifica a resolu\u00e7\u00e3o do <strong><a href=\"http:\/\/spbancarios.com.br\/tag\/conecef\" target=\"_blank\" rel=\"noopener noreferrer\">Congresso Nacional dos Empregados da Caixa Econ\u00f4mica Federal (Conecef)<\/a><\/strong> contr\u00e1ria \u00e0 altera\u00e7\u00e3o do estatuto da Funda\u00e7\u00e3o.<\/p>\n<p>\u201cO estatuto vigente prev\u00ea a paridade e democratiza\u00e7\u00e3o da gest\u00e3o da Funcef. O projeto de altera\u00e7\u00e3o em curso est\u00e1 sendo conduzido \u00e0 revelia dos participantes, sem transpar\u00eancia e com propostas que amea\u00e7am os direitos j\u00e1 conquistados\u201d, diz o coordenador da CEE e diretor do Sindicato dos Banc\u00e1rios de S\u00e3o Paulo Osasco e regi\u00e3o, Dion\u00edsio Reis.<\/p>\n<p>Os representantes dos empregados da Caixa se posicionaram contr\u00e1rios a CGPAR 25, resolu\u00e7\u00e3o publicada no dia 7 de dezembro, que entre outras quest\u00f5es tira o poder dos participantes na gest\u00e3o dos planos, deixando a cargo da patrocinadora por exemplo julgar a &#8220;economicidade&#8221; dos planos e at\u00e9 interromper a sua participa\u00e7\u00e3o.<\/p>\n<p>&#8220;Tanto a mudan\u00e7a de estatuto nesse momento quanto a CGPAR 25 atacam os direitos dos participantes e a democracia na Funcef que se consolidou com o estatuto produzido com participa\u00e7\u00e3o dos trabalhadores em 2006&#8243; acrescenta Dion\u00edsio. &#8221; No caso da CGPAR 25 fica claro que o Conselho Deliberativo da funda\u00e7\u00e3o, onde temos eleitos pelos participantes podem vetar a implementa\u00e7\u00e3o na Caixa e vamos cobrar&#8221;, complementa.<\/p>\n<p>A resolu\u00e7\u00e3o reconhece que as propostas de altera\u00e7\u00e3o nos regulamentos dos planos dever\u00e3o ser aprovadas nos \u00f3rg\u00e3os internos de governan\u00e7a dos fundos de pens\u00e3o. Na Funcef, qualquer altera\u00e7\u00e3o de regulamento precisa ser aprovada no Conselho Deliberativo por maioria simples, sem o uso do voto de minerva. Ou seja, somente com voto de ao menos um conselheiro eleito, tais medidas ir\u00e3o \u00e0 frente.<\/p>\n<p><strong>Sa\u00fade Caixa<\/strong><br \/> Os membros da CEE\/Caixa reafirmaram a import\u00e2ncia dos sindicatos para receber reclama\u00e7\u00f5es a respeito do atendimento no Sa\u00fade Caixa e a necessidade de instala\u00e7\u00e3o imediata dos Comit\u00eas por base Gipes e Repes do plano de sa\u00fade que v\u00e3o tratar essas demandas. Al\u00e9m disso, reafirmaram a import\u00e2ncia da articula\u00e7\u00e3o do Conselho de Usu\u00e1rios do Sa\u00fade Caixa com o GT Sa\u00fade Caixa como importante instrumento de participa\u00e7\u00e3o dos trabalhadores na gest\u00e3o do plano de sa\u00fade.<\/p>\n<p><strong>Caixa 100% p\u00fablica<\/strong><br \/> Sobre a defesa da Caixa 100% p\u00fablica, ficou definida a realiza\u00e7\u00e3o de um semin\u00e1rio no final de janeiro, envolvendo as entidades sindicais e da sociedade civil organizada. Outra iniciativa \u00e9 a retomada da campanha em defesa dos bancos p\u00fablicos, com realiza\u00e7\u00e3o de audi\u00eancias e outras atividades que envolvam a sociedade.<\/p>\n<p>Os empregados teriam uma negocia\u00e7\u00e3o da mesa permanente com a Caixa nesta quarta-feira, mas a dire\u00e7\u00e3o do banco suspendeu a reuni\u00e3o. Diante do cancelamento, solu\u00e7\u00f5es para todos os temas da pauta, sugeridos pelos empregados em consultas por todo o pa\u00eds, foram debatidos pela CEE.<\/p>\n<p>A a\u00e7\u00e3o sindical e a negocia\u00e7\u00e3o local dever\u00e3o ser utilizadas para buscar resolver as dificuldades que os empregados enfrentam. Um exemplo disso \u00e9 o F\u00f3rum Regional de Condi\u00e7\u00f5es de Trabalho, cuja retomada dever ser reivindicada pelas entidades sindicais.<\/p>\n<p>\u201cS\u00e3o temas fundamentais e urgentes que refletem no dia a dia do empregado da Caixa, como o fechamento de ag\u00eancias em todo o pa\u00eds, esclarecimentos sobre o \u00faltimo PDE, a extin\u00e7\u00e3o da fun\u00e7\u00e3o de tesoureiro, Processo de Sele\u00e7\u00e3o Interna (PSI) entre vice-presid\u00eancias, meta de vendas e descomissionamento dos caixas e o leil\u00e3o da Lotex\u201d, destaca o coordenador da CEE\/Caixa.<\/p>\n<p>No eixo Nenhum Direito a Menos, a CEE aprovou a produ\u00e7\u00e3o de material informativo sobre as conquistas dos empregados da Caixa e da categoria banc\u00e1ria dos anos 1980 at\u00e9 agora. \u201cPrecisamos reafirmar garantias que foram obtidas com muita mobiliza\u00e7\u00e3o dos trabalhadores\u201d, argumenta Dion\u00edsio.<\/p>\n<p>Ele lembra ainda: \u201ceste ano, o acordo coletivo de dois anos garantiu nossos direitos, inclusive o Sa\u00fade Caixa, amea\u00e7ado pelas CGPAR 23 e 22. Al\u00e9m de novas conquistas como o impedimento de descomissionamento de gestantes. No entanto, a gest\u00e3o da Caixa vem atacando no dia a dia de trabalho todos os empregados, com amea\u00e7as de descomissionamento e sobrercarga\u201d.<\/p>\n<p><strong>Leia tamb\u00e9m:<\/strong><br \/> \u00a0 \u00a0 \u00a0<strong>&gt;<\/strong>\u00a0<em><ins><a href=\"http:\/\/www.contrafcut.org.br\/noticias\/veja-hoje-debate-ao-vivo-sobre-cgpar-25-6aab\/\" target=\"_blank\" rel=\"noopener noreferrer\">Veja hoje debate ao vivo sobre CGPAR 25<\/a><\/ins><\/em><\/p>\n<\/div>\n<p id=\"page-author\"><span style=\"text-decoration: underline;\"><strong>Fonte: Fenae, com edi\u00e7\u00e3o da Reda\u00e7\u00e3o Spbancarios<\/strong><\/span><\/p>\n","protected":false},"excerpt":{"rendered":"<p>A defesa da Caixa Econ\u00f4mica Federal 100% p\u00fablica e a garantia dos direitos dos trabalhadores do banco v\u00e3o nortear as a\u00e7\u00f5es das entidades representativas da categoria durante o ano de 2019. Foi o que debateu a Comiss\u00e3o Executiva dos Empregados, durante reuni\u00e3o realizada nesta ter\u00e7a e quarta-feira, 11 e 12, na sede da Fenae, em [&hellip;]<\/p>\n","protected":false},"author":2,"featured_media":5772,"comment_status":"","ping_status":"","sticky":false,"template":"","format":"standard","meta":{"footnotes":""},"categories":[3],"tags":[],"class_list":["post-5773","post","type-post","status-publish","format-standard","has-post-thumbnail","hentry","category-noticias"],"_links":{"self":[{"href":"https:\/\/hostnetart.com.br\/baixada\/wp-json\/wp\/v2\/posts\/5773","targetHints":{"allow":["GET"]}}],"collection":[{"href":"https:\/\/hostnetart.com.br\/baixada\/wp-json\/wp\/v2\/posts"}],"about":[{"href":"https:\/\/hostnetart.com.br\/baixada\/wp-json\/wp\/v2\/types\/post"}],"author":[{"embeddable":true,"href":"https:\/\/hostnetart.com.br\/baixada\/wp-json\/wp\/v2\/users\/2"}],"replies":[{"embeddable":true,"href":"https:\/\/hostnetart.com.br\/baixada\/wp-json\/wp\/v2\/comments?post=5773"}],"version-history":[{"count":0,"href":"https:\/\/hostnetart.com.br\/baixada\/wp-json\/wp\/v2\/posts\/5773\/revisions"}],"wp:featuredmedia":[{"embeddable":true,"href":"https:\/\/hostnetart.com.br\/baixada\/wp-json\/wp\/v2\/media\/5772"}],"wp:attachment":[{"href":"https:\/\/hostnetart.com.br\/baixada\/wp-json\/wp\/v2\/media?parent=5773"}],"wp:term":[{"taxonomy":"category","embeddable":true,"href":"https:\/\/hostnetart.com.br\/baixada\/wp-json\/wp\/v2\/categories?post=5773"},{"taxonomy":"post_tag","embeddable":true,"href":"https:\/\/hostnetart.com.br\/baixada\/wp-json\/wp\/v2\/tags?post=5773"}],"curies":[{"name":"wp","href":"https:\/\/api.w.org\/{rel}","templated":true}]}}