{"id":577,"date":"2015-01-12T15:55:00","date_gmt":"2015-01-12T17:55:00","guid":{"rendered":"https:\/\/hostnetart.com.br\/baixada\/ao-completar-154-anos-contraf-exige-manutencao-da-caixa-100-publica\/"},"modified":"2015-01-12T15:55:00","modified_gmt":"2015-01-12T17:55:00","slug":"ao-completar-154-anos-contraf-exige-manutencao-da-caixa-100-publica","status":"publish","type":"post","link":"https:\/\/hostnetart.com.br\/baixada\/ao-completar-154-anos-contraf-exige-manutencao-da-caixa-100-publica\/","title":{"rendered":"Ao completar 154 anos, Contraf exige manuten\u00e7\u00e3o da Caixa 100% p\u00fablica"},"content":{"rendered":"<p><span style=\"color: #464646;\">A Caixa Econ\u00f4mica Federal completa 154 anos nesta segunda-feira (12) como institui\u00e7\u00e3o 100% p\u00fablica. Embora haja muito a comemorar, tendo em vista o papel social que ela vem cumprindo, gra\u00e7as ao esfor\u00e7o e empenho de seus empregados, uma sombra paira sobre o seu futuro, desde o final do ano passado, quando surgiram not\u00edcias sobre a abertura do seu capital, o que \u00e9 inaceit\u00e1vel.<\/span><br style=\"color: #464646;\" \/><br style=\"color: #464646;\" \/><span style=\"color: #464646;\">A Contraf-CUT e a Fenae, junto com a Central \u00danica dos Trabalhadores (CUT), a Central dos Trabalhadores e Trabalhadoras do Brasil (CTB), a Intersindical e a CSP-Conlutas, protocolaram of\u00edcios no dia 23 de dezembro, solicitando audi\u00eancias com o governo federal. Os documentos foram encaminhados tamb\u00e9m \u00e0 presidenta Dilma Rousseff, aos ministros da Secretaria-Geral e da Fazenda e ao atual presidente da Caixa, Jorge Hereda.\u00a0<\/span><br style=\"color: #464646;\" \/><br style=\"color: #464646;\" \/><span style=\"color: #464646;\">\u201cOs mais de 100 mil empregados est\u00e3o apreensivos. N\u00e3o apenas a categoria, mas toda a sociedade foi surpreendida. Sobretudo, porque V. Excel\u00eancia se comprometeu, em Carta Aberta aos trabalhadores dos bancos p\u00fablicos federais, divulgada no dia 23 de outubro, a fortalecer as nossas institui\u00e7\u00f5es\u201d, afirmam as entidades na carta para Dilma.<\/span><br style=\"color: #464646;\" \/><br style=\"color: #464646;\" \/><b style=\"color: #464646;\">Terceiro maior banco do pa\u00eds<\/b><br style=\"color: #464646;\" \/><br style=\"color: #464646;\" \/><span style=\"color: #464646;\">Criada em 1861, por decreto de Dom Pedro II, como o maior banco p\u00fablico do Brasil, a Caixa \u00e9 hoje a terceira maior institui\u00e7\u00e3o financeira do pa\u00eds em ativos totais. Em setembro de 2014, a empresa tinha R$ 1 trilh\u00e3o em ativos, segundo dados do Banco Central, atr\u00e1s somente do tamb\u00e9m p\u00fablico Banco do Brasil, com R$ 1,3 trilh\u00e3o, e do privado Ita\u00fa com R$ 1,1 trilh\u00e3o.<\/span><br style=\"color: #464646;\" \/><br style=\"color: #464646;\" \/><span style=\"color: #464646;\">Segundo balan\u00e7os da Caixa publicados entre 2008 e 2013, a carteira de cr\u00e9dito passou de R$ 80,1 bilh\u00f5es para R$ 494,2 bilh\u00f5es, aumento de 517%. O lucro l\u00edquido aumentou 72%, passando de R$ 3,9 bilh\u00f5es para R$ 6,7 bilh\u00f5es. Al\u00e9m disso, os programas de transfer\u00eancia de renda distribu\u00edram cerca de R$ 26,5 bilh\u00f5es em 2013, totalizando 181,2 milh\u00f5es de benef\u00edcios pagos.\u00a0<\/span><br style=\"color: #464646;\" \/><br style=\"color: #464646;\" \/><span style=\"color: #464646;\">O Minha Casa Minha Vida, apenas em 2013, destinou R$ 49 bilh\u00f5es para a constru\u00e7\u00e3o de 692,9 mil unidades habitacionais. Dessas, 48,8% foram destinadas aos trabalhadores com renda mensal de R$ 1,6 mil. Somente o Bolsa Fam\u00edlia pagou cerca de 159,7 milh\u00f5es de benef\u00edcios ou R$ 24 bilh\u00f5es, alta de 18,2% em rela\u00e7\u00e3o a 2012. Os programas voltados ao trabalhador pagaram 169 milh\u00f5es de benef\u00edcios.<\/span><br style=\"color: #464646;\" \/><br style=\"color: #464646;\" \/><b style=\"color: #464646;\">N\u00e3o \u00e0 abertura do capital<\/b><br style=\"color: #464646;\" \/><br style=\"color: #464646;\" \/><span style=\"color: #464646;\">Com essa hist\u00f3ria que se confunde com o desenvolvimento econ\u00f4mico e social do Brasil, a Contraf-CUT rejeita a abertura do capital e defende a manuten\u00e7\u00e3o da Caixa como empresa 100% p\u00fablica.<\/span><br style=\"color: #464646;\" \/><br style=\"color: #464646;\" \/><span style=\"color: #464646;\">\u201cNeste anivers\u00e1rio de 154 anos, cumprimentamos os empregados e as empregadas da Caixa por mais um ano de muito esfor\u00e7o e dedica\u00e7\u00e3o. A possibilidade aventada de abertura de capital provoca grande apreens\u00e3o, na medida em que pode representar o seu enfraquecimento, comprometer profundamente o desempenho do seu papel social e afetar o emprego e as condi\u00e7\u00f5es de trabalho\u201d, afirma o presidente da Contraf-CUT, Carlos Cordeiro.<\/span><br style=\"color: #464646;\" \/><br style=\"color: #464646;\" \/><span style=\"color: #464646;\">Para ele, os banc\u00e1rios devem se engajar para promover uma nova jornada de luta em defesa da Caixa, mostrar a import\u00e2ncia da empresa para a sociedade e combater os interesses do mercado financeiro, que quer abocanhar um patrim\u00f4nio que \u00e9 de todos os brasileiros.<\/span><br style=\"color: #464646;\" \/><br style=\"color: #464646;\" \/><span style=\"color: #464646;\">\u201cQueremos que a Caixa prossiga 100% p\u00fablica. Do contr\u00e1rio, como j\u00e1 vimos acontecer com outros bancos p\u00fablicos que abriram o seu capital, haver\u00e1 press\u00e3o dos acionistas para aumentar os lucros, a fim de gerar mais dividendos, piorando as condi\u00e7\u00f5es de trabalho e colocando em segundo plano o importante papel social da empresa\u201d, alerta o dirigente da Contraf-CUT.\u00a0<\/span><br style=\"color: #464646;\" \/><br style=\"color: #464646;\" \/><b style=\"color: #464646;\">Patrim\u00f4nio do povo brasileiro<\/b><br style=\"color: #464646;\" \/><br style=\"color: #464646;\" \/><span style=\"color: #464646;\">\u201cA Caixa \u00e9 um patrim\u00f4nio do povo brasileiro. A hist\u00f3ria do banco est\u00e1 diretamente ligada, sobretudo nos \u00faltimos anos, ao desenvolvimento social do pa\u00eds. Por isso, a sociedade, os milhares de empregados e as entidades representativas refor\u00e7am que n\u00e3o h\u00e1 motivo para a abertura de capital da empresa. \u00c9 fundamental para todos que a Caixa continue 100% p\u00fablica, com esse forte papel social, atuando todos os dias para a melhoria das condi\u00e7\u00f5es de vida dos brasileiros\u201d, refor\u00e7a o presidente da Fenae, Jair Pedro Ferreira.<\/span><br style=\"color: #464646;\" \/><br style=\"color: #464646;\" \/><span style=\"color: #464646;\">Para a coordenadora da Comiss\u00e3o Executiva dos Empregados (CEE-Caixa), Fabiana Matheus, a Caixa \u00e9 o que \u00e9 hoje gra\u00e7as ao empenho dos empregados que dedicaram ou dedicam parte de suas vidas \u00e0 empresa. \u201cAtualmente s\u00e3o pouco mais de 100 mil empregados. Mas esse n\u00famero \u00e9 ainda insuficiente para atender o aumento da demanda e do volume de opera\u00e7\u00f5es. \u00c9 preciso que o ritmo de contrata\u00e7\u00f5es seja acelerado. Temos obtido conquistas importantes nas negocia\u00e7\u00f5es dos \u00faltimos anos. E nos itens em que faltam avan\u00e7os, a luta continua diariamente\u201d.<\/span><br style=\"color: #464646;\" \/><br style=\"color: #464646;\" \/><b style=\"color: #464646;\">Conselheiros eleitos cobram di\u00e1logo com governo\u00a0<\/b><br style=\"color: #464646;\" \/><br style=\"color: #464646;\" \/><span style=\"color: #464646;\">Os representantes eleitos pelos empregados ao Conselho de Administra\u00e7\u00e3o, Fernando Neiva (titular) e Maria Rita Serrano (suplente), tamb\u00e9m comemoram o anivers\u00e1rio da Caixa, mas expressam o seu profundo descontentamento com a abertura do capital. Ambos publicaram um artigo, onde refor\u00e7am que o governo abra o di\u00e1logo com os empregados e com a sociedade sobre qualquer mudan\u00e7a no papel da Caixa.<\/span><br style=\"color: #464646;\" \/><br style=\"color: #464646;\" \/><span style=\"color: #464646;\">Clique\u00a0<\/span><a style=\"color: #969696;\" href=\"http:\/\/contrafcut.org.br\/noticias.asp?CodNoticia=40740\" target=\"_blank\" rel=\"noopener noreferrer\">aqui<\/a><span style=\"color: #464646;\">\u00a0para ler o artigo de Neiva e Maria Rita.\u00a0<\/span><br style=\"color: #464646;\" \/><br style=\"color: #464646;\" \/><span style=\"color: #464646;\">\u201cA Caixa Federal \u00e9 hoje o principal banco p\u00fablico do Pa\u00eds, onde est\u00e3o centralizados servi\u00e7os essenciais de desenvolvimento da sociedade, como os programas Bolsa Fam\u00edlia e Minha Casa, Minha Vida, entre outros. Sua atua\u00e7\u00e3o como banco social beneficia milh\u00f5es de brasileiros. N\u00e3o podemos admitir, portanto, a possibilidade de que essa rota seja alterada sem que haja um amplo debate com a popula\u00e7\u00e3o e os empregados do banco\u201d, enfatizaram.<\/span><br style=\"color: #464646;\" \/><br style=\"color: #464646;\" \/><br style=\"color: #464646;\" \/><span style=\"color: #464646;\">Fonte: Contraf-CUT<\/span><\/p>\n","protected":false},"excerpt":{"rendered":"<p>A Caixa Econ\u00f4mica Federal completa 154 anos nesta segunda-feira (12) como institui\u00e7\u00e3o 100% p\u00fablica. Embora haja muito a comemorar, tendo em vista o papel social que ela vem cumprindo, gra\u00e7as ao esfor\u00e7o e empenho de seus empregados, uma sombra paira sobre o seu futuro, desde o final do ano passado, quando surgiram not\u00edcias sobre a [&hellip;]<\/p>\n","protected":false},"author":1,"featured_media":0,"comment_status":"","ping_status":"","sticky":false,"template":"","format":"standard","meta":{"footnotes":""},"categories":[3],"tags":[],"class_list":["post-577","post","type-post","status-publish","format-standard","hentry","category-noticias"],"_links":{"self":[{"href":"https:\/\/hostnetart.com.br\/baixada\/wp-json\/wp\/v2\/posts\/577","targetHints":{"allow":["GET"]}}],"collection":[{"href":"https:\/\/hostnetart.com.br\/baixada\/wp-json\/wp\/v2\/posts"}],"about":[{"href":"https:\/\/hostnetart.com.br\/baixada\/wp-json\/wp\/v2\/types\/post"}],"author":[{"embeddable":true,"href":"https:\/\/hostnetart.com.br\/baixada\/wp-json\/wp\/v2\/users\/1"}],"replies":[{"embeddable":true,"href":"https:\/\/hostnetart.com.br\/baixada\/wp-json\/wp\/v2\/comments?post=577"}],"version-history":[{"count":0,"href":"https:\/\/hostnetart.com.br\/baixada\/wp-json\/wp\/v2\/posts\/577\/revisions"}],"wp:attachment":[{"href":"https:\/\/hostnetart.com.br\/baixada\/wp-json\/wp\/v2\/media?parent=577"}],"wp:term":[{"taxonomy":"category","embeddable":true,"href":"https:\/\/hostnetart.com.br\/baixada\/wp-json\/wp\/v2\/categories?post=577"},{"taxonomy":"post_tag","embeddable":true,"href":"https:\/\/hostnetart.com.br\/baixada\/wp-json\/wp\/v2\/tags?post=577"}],"curies":[{"name":"wp","href":"https:\/\/api.w.org\/{rel}","templated":true}]}}