{"id":5765,"date":"2018-12-14T14:41:44","date_gmt":"2018-12-14T16:41:44","guid":{"rendered":"https:\/\/hostnetart.com.br\/baixada\/avanca-no-senado-lei-que-aumenta-o-cerco-contra-movimento-sociais\/"},"modified":"2018-12-14T14:41:44","modified_gmt":"2018-12-14T16:41:44","slug":"avanca-no-senado-lei-que-aumenta-o-cerco-contra-movimento-sociais","status":"publish","type":"post","link":"https:\/\/hostnetart.com.br\/baixada\/avanca-no-senado-lei-que-aumenta-o-cerco-contra-movimento-sociais\/","title":{"rendered":"Avan\u00e7a no Senado lei que aumenta o cerco contra movimento sociais"},"content":{"rendered":"<div>\n<p><a class=\"external-link\" title=\"\" href=\"https:\/\/www.cut.org.br\/noticias\/avanca-no-senado-pl-que-bloqueia-bens-de-acusados-de-terrorismo-sem-condenacao-ae4b\" target=\"_blank\" rel=\"noopener noreferrer\">CUT<\/a> \u2013\u00a0Em mais uma tentativa de criminalizar os movimentos sociais e sindicatos, senadores da ala conservadora querem bloquear os bens de entidades e <a class=\"internal-link\" title=\"\" href=\"https:\/\/www.redebrasilatual.com.br\/retrospectiva-2018\/cidadania\/projeto-de-lei-quer-enquadrar-movimentos-sociais-na-lei-antiterrorismo\" target=\"_blank\" rel=\"noopener noreferrer\">militantes por &#8216;suposta\u00a0pr\u00e1tica de terrorismo&#8217;<\/a>. Pela proposta que tramita no Senado, n\u00e3o precisaria nem condena\u00e7\u00e3o, bastaria a pessoa, ou entidade, ser acusada ou investigada por esse ato. O projeto ainda d\u00e1 mais poderes ao futuro ministro da Justi\u00e7a,\u00a0S\u00e9rgio Moro, que poder\u00e1 decidir quais s\u00e3o as\u00a0pessoas ou empresas &#8220;suspeitas de atividade terrorista&#8221;.<\/p>\n<p>Este \u00e9 um resumo do Projeto de Lei do Senado (PLS) 181\/2018, de autoria de Ana Am\u00e9lia (PP-RS), que foi aprovado nessa quarta-feira (12) na Comiss\u00e3o de Rela\u00e7\u00f5es Exteriores (CRE) e ser\u00e1 encaminhado para a Comiss\u00e3o de Constitui\u00e7\u00e3o e Justi\u00e7a (CCJ). O projeto ainda precisa ser aprovado no plen\u00e1rio da Casa e ser sancionado pelo presidente da Rep\u00fablica para entrar em vigor.<\/p>\n<p>Para a secret\u00e1ria de Pol\u00edticas Sociais e Direitos Humanos da CUT, Jandyra Uehara, a aprova\u00e7\u00e3o do <a class=\"internal-link\" title=\"\" href=\"https:\/\/www.redebrasilatual.com.br\/retrospectiva-2018\/cidadania\/projeto-de-lei-quer-enquadrar-movimentos-sociais-na-lei-antiterrorismo\" target=\"_blank\" rel=\"noopener noreferrer\">PLS \u00e9 uma tentativa de dar apar\u00eancia de legalidade a um Estado de exce\u00e7\u00e3o<\/a> que vem sendo constru\u00eddo desde o golpe de 2016. &#8220;Desde o golpe contra a ex-presidenta Dilma Rousseff e a pris\u00e3o do ex-presidente Lula, a direita tenta construir um Estado de exce\u00e7\u00e3o com o objetivo de impedir a defesa dos direitos dos trabalhadores e do povo.&#8221;<\/p>\n<p>Segundo a dirigente, as tentativas de retrocesso n\u00e3o v\u00e3o esmorecer o compromisso da CUT em lutar, sem descanso, e de todas as formas, pela democracia, a come\u00e7ar pela resist\u00eancia \u00e0 aprova\u00e7\u00e3o da reforma da Previd\u00eancia e da retomada de direitos que a reforma Trabalhista do ileg\u00edtimo Michel Temer (MDB-SP) retirou.\u00a0<\/p>\n<p>O jurista e professor de Direito da PUC S\u00e3o Paulo, Pedro Serrano, concorda com a an\u00e1lise da dirigente da CUT. Para ele, o PLS <a class=\"internal-link\" title=\"\" href=\"https:\/\/www.redebrasilatual.com.br\/cidadania\/2015\/11\/lei-antiterrorismo-coloca-brasil-na-escalada-repressiva-do-primeiro-mundo-e-ameaca-direitos-5746.html\" target=\"_blank\" rel=\"noopener noreferrer\">\u00e9 uma medida tir\u00e2nica<\/a>, \u00e0 qual os senadores querem dar apar\u00eancia de legalidade. &#8220;O bloqueio de bens antecipado \u00e0 senten\u00e7a \u00e9 inconstitucional&#8221;, afirma.<\/p>\n<p>&#8220;Bloqueio de bens sem condena\u00e7\u00e3o s\u00f3 tem sentido se a pessoa cometeu um crime patrimonial, de corrup\u00e7\u00e3o, e est\u00e1 dilapidando o patrim\u00f4nio que construiu com esse dinheiro ilegal. Terrorismo n\u00e3o \u00e9 crime patrimonial&#8221;, explica Serrano, que considera o projeto um atentado a valores m\u00ednimos de civilidade e direitos humanos.<\/p>\n<p>&#8220;Espero que o Supremo Tribunal Federal (STF) torne essa Lei, se aprovada, inconstitucional, porque \u00e9 uma puni\u00e7\u00e3o antecipada e atenta violentamente contra toda a sociedade&#8221;, acrescenta o jurista.<\/p>\n<p><strong>Mais poder a Moro<\/strong><\/p>\n<p>O PLS 181\/2018 prev\u00ea ainda que o bloqueio de bens de pessoas acusadas de terrorismo poder\u00e1 ser efetivado pelo Minist\u00e9rio da Justi\u00e7a que, no novo governo, ser\u00e1 respons\u00e1vel tamb\u00e9m pelo <a class=\"internal-link\" title=\"\" href=\"https:\/\/www.redebrasilatual.com.br\/politica\/2018\/12\/coaf-chega-em-movimentacao-suspeita-de-ex-assessora-de-bolsonaro\" target=\"_blank\" rel=\"noopener noreferrer\">Conselho de Controle de Atividades Financeiras (Coaf)<\/a>.<\/p>\n<p>Com o Coaf sob o comando de S\u00e9rgio Moro, indicado por Jair Bolsonaro (PSL), para ser o pr\u00f3ximo Ministro da Justi\u00e7a, o ex-juiz poder\u00e1 conhecer a movimenta\u00e7\u00e3o financeira de qualquer pessoa ou institui\u00e7\u00e3o e ainda torn\u00e1-los suspeitos e bloquear seus bens, sem precisar de decis\u00e3o judicial. Assim, ele ter\u00e1 amplos poderes\u00a0para decidir quais pessoas ou empresas seriam &#8220;suspeitas de atividade terrorista&#8221;.<\/p>\n<\/div>\n","protected":false},"excerpt":{"rendered":"<p>CUT \u2013\u00a0Em mais uma tentativa de criminalizar os movimentos sociais e sindicatos, senadores da ala conservadora querem bloquear os bens de entidades e militantes por &#8216;suposta\u00a0pr\u00e1tica de terrorismo&#8217;. Pela proposta que tramita no Senado, n\u00e3o precisaria nem condena\u00e7\u00e3o, bastaria a pessoa, ou entidade, ser acusada ou investigada por esse ato. O projeto ainda d\u00e1 mais [&hellip;]<\/p>\n","protected":false},"author":2,"featured_media":5764,"comment_status":"","ping_status":"","sticky":false,"template":"","format":"standard","meta":{"footnotes":""},"categories":[3],"tags":[],"class_list":["post-5765","post","type-post","status-publish","format-standard","has-post-thumbnail","hentry","category-noticias"],"_links":{"self":[{"href":"https:\/\/hostnetart.com.br\/baixada\/wp-json\/wp\/v2\/posts\/5765","targetHints":{"allow":["GET"]}}],"collection":[{"href":"https:\/\/hostnetart.com.br\/baixada\/wp-json\/wp\/v2\/posts"}],"about":[{"href":"https:\/\/hostnetart.com.br\/baixada\/wp-json\/wp\/v2\/types\/post"}],"author":[{"embeddable":true,"href":"https:\/\/hostnetart.com.br\/baixada\/wp-json\/wp\/v2\/users\/2"}],"replies":[{"embeddable":true,"href":"https:\/\/hostnetart.com.br\/baixada\/wp-json\/wp\/v2\/comments?post=5765"}],"version-history":[{"count":0,"href":"https:\/\/hostnetart.com.br\/baixada\/wp-json\/wp\/v2\/posts\/5765\/revisions"}],"wp:featuredmedia":[{"embeddable":true,"href":"https:\/\/hostnetart.com.br\/baixada\/wp-json\/wp\/v2\/media\/5764"}],"wp:attachment":[{"href":"https:\/\/hostnetart.com.br\/baixada\/wp-json\/wp\/v2\/media?parent=5765"}],"wp:term":[{"taxonomy":"category","embeddable":true,"href":"https:\/\/hostnetart.com.br\/baixada\/wp-json\/wp\/v2\/categories?post=5765"},{"taxonomy":"post_tag","embeddable":true,"href":"https:\/\/hostnetart.com.br\/baixada\/wp-json\/wp\/v2\/tags?post=5765"}],"curies":[{"name":"wp","href":"https:\/\/api.w.org\/{rel}","templated":true}]}}