{"id":575,"date":"2014-01-28T00:00:00","date_gmt":"2014-01-28T02:00:00","guid":{"rendered":"https:\/\/hostnetart.com.br\/baixada\/prazo-de-inscricoes-para-auxilio-educacao-do-itau-vai-ate-sexta\/"},"modified":"2014-01-28T00:00:00","modified_gmt":"2014-01-28T02:00:00","slug":"prazo-de-inscricoes-para-auxilio-educacao-do-itau-vai-ate-sexta","status":"publish","type":"post","link":"https:\/\/hostnetart.com.br\/baixada\/prazo-de-inscricoes-para-auxilio-educacao-do-itau-vai-ate-sexta\/","title":{"rendered":"Prazo de inscri\u00e7\u00f5es para aux\u00edlio-educa\u00e7\u00e3o do Ita\u00fa vai at\u00e9 sexta"},"content":{"rendered":"<p>Termina na pr\u00f3xima sexta-feira (31) o per\u00edodo de inscri\u00e7\u00f5es para o recebimento do aux\u00edlio-educa\u00e7\u00e3o dos funcion\u00e1rios, que pelo acordo negociado entre as entidades sindicais e o banco valer\u00e1 tamb\u00e9m pela primeira vez para uma segunda gradua\u00e7\u00e3o e p\u00f3s-gradua\u00e7\u00e3o. As inscri\u00e7\u00f5es, que foram abertas no dia 16 de dezembro, podem ser feitas pelo portal RH do site do Ita\u00fa.<\/p>\n<p>\u00a0<\/p>\n<p>O acordo de melhoria do aux\u00edlio-educa\u00e7\u00e3o foi conquistado pela Contraf-CUT, federa\u00e7\u00f5es e sindicatos, assessorada pela Comiss\u00e3o de<\/p>\n<p>\u00a0<\/p>\n<p>Organiza\u00e7\u00e3o dos Empregados (COE), em negocia\u00e7\u00e3o realizada com o Ita\u00fa no dia 17 de outubro do ano passado. Foi na mesma negocia\u00e7\u00e3o que o funcionalismo garantiu o valor total de R$ 4.030 para a Participa\u00e7\u00e3o Complementar nos Resultados (PCR), para o per\u00edodo de 2013 e 2014 aos funcion\u00e1rios do Ita\u00fa.<\/p>\n<p>\u00a0<\/p>\n<p>O aux\u00edlio-educa\u00e7\u00e3o ser\u00e1 composto por 5.500 bolsas, das quais 5 mil destinadas a banc\u00e1rios e 500 para trabalhadores n\u00e3o banc\u00e1rios da holding. O valor da bolsa ser\u00e1 de R$ 320.<\/p>\n<p>\u00a0<\/p>\n<p>\u201cA novidade \u00e9 que conquistamos a extens\u00e3o das bolsas para a segunda gradua\u00e7\u00e3o e p\u00f3s e tamb\u00e9m mantivemos a cota de 1.000 bolsas destinadas preferencialmente para pessoas com defici\u00eancia\u201d, afirma Wanderley Crivellari, integrante da coordena\u00e7\u00e3o da COE do Ita\u00fa.<\/p>\n<p>\u00a0<\/p>\n<p>\u201cFoi avan\u00e7o importante porque essa \u00e9 uma antiga reivindica\u00e7\u00e3o dos funcion\u00e1rios, uma vez que 70% dos banc\u00e1rios do Ita\u00fa j\u00e1 t\u00eam gradua\u00e7\u00e3o. Nosso objetivo \u00e9 ampliar cada vez mais as vagas para a p\u00f3s-gradua\u00e7\u00e3o\u201d, acrescenta Jair Alves, integrante da coordena\u00e7\u00e3o da COE do Ita\u00fa.<\/p>\n<p>\u00a0<br \/>Fonte: Contraf-CUT<\/p>\n","protected":false},"excerpt":{"rendered":"<p>Termina na pr\u00f3xima sexta-feira (31) o per\u00edodo de inscri\u00e7\u00f5es para o recebimento do aux\u00edlio-educa\u00e7\u00e3o dos funcion\u00e1rios, que pelo acordo negociado entre as entidades sindicais e o banco valer\u00e1 tamb\u00e9m pela primeira vez para uma segunda gradua\u00e7\u00e3o e p\u00f3s-gradua\u00e7\u00e3o. As inscri\u00e7\u00f5es, que foram abertas no dia 16 de dezembro, podem ser feitas pelo portal RH do [&hellip;]<\/p>\n","protected":false},"author":1,"featured_media":0,"comment_status":"","ping_status":"","sticky":false,"template":"","format":"standard","meta":{"footnotes":""},"categories":[3],"tags":[],"class_list":["post-575","post","type-post","status-publish","format-standard","hentry","category-noticias"],"_links":{"self":[{"href":"https:\/\/hostnetart.com.br\/baixada\/wp-json\/wp\/v2\/posts\/575","targetHints":{"allow":["GET"]}}],"collection":[{"href":"https:\/\/hostnetart.com.br\/baixada\/wp-json\/wp\/v2\/posts"}],"about":[{"href":"https:\/\/hostnetart.com.br\/baixada\/wp-json\/wp\/v2\/types\/post"}],"author":[{"embeddable":true,"href":"https:\/\/hostnetart.com.br\/baixada\/wp-json\/wp\/v2\/users\/1"}],"replies":[{"embeddable":true,"href":"https:\/\/hostnetart.com.br\/baixada\/wp-json\/wp\/v2\/comments?post=575"}],"version-history":[{"count":0,"href":"https:\/\/hostnetart.com.br\/baixada\/wp-json\/wp\/v2\/posts\/575\/revisions"}],"wp:attachment":[{"href":"https:\/\/hostnetart.com.br\/baixada\/wp-json\/wp\/v2\/media?parent=575"}],"wp:term":[{"taxonomy":"category","embeddable":true,"href":"https:\/\/hostnetart.com.br\/baixada\/wp-json\/wp\/v2\/categories?post=575"},{"taxonomy":"post_tag","embeddable":true,"href":"https:\/\/hostnetart.com.br\/baixada\/wp-json\/wp\/v2\/tags?post=575"}],"curies":[{"name":"wp","href":"https:\/\/api.w.org\/{rel}","templated":true}]}}