{"id":5747,"date":"2018-12-12T13:27:46","date_gmt":"2018-12-12T15:27:46","guid":{"rendered":"https:\/\/hostnetart.com.br\/baixada\/servidores-nao-podem-pagar-por-ma-gestao-da-prefeitura-dizem-sindicatos\/"},"modified":"2018-12-12T13:27:46","modified_gmt":"2018-12-12T15:27:46","slug":"servidores-nao-podem-pagar-por-ma-gestao-da-prefeitura-dizem-sindicatos","status":"publish","type":"post","link":"https:\/\/hostnetart.com.br\/baixada\/servidores-nao-podem-pagar-por-ma-gestao-da-prefeitura-dizem-sindicatos\/","title":{"rendered":"Servidores n\u00e3o podem pagar por m\u00e1 gest\u00e3o da prefeitura, dizem sindicatos"},"content":{"rendered":"<p>Representantes de v\u00e1rios sindicatos de trabalhadores da prefeitura de S\u00e3o Paulo defenderam hoje (11) a retirada de tramita\u00e7\u00e3o do Projeto de Lei 621\/2016, que trata da reforma da previd\u00eancia municipal e cria o SampaPrev. O projeto est\u00e1 sendo analisado por uma Comiss\u00e3o de Estudos na C\u00e2mara Municipal e <a class=\"internal-link\" title=\"\" href=\"https:\/\/www.redebrasilatual.com.br\/trabalho\/2018\/12\/aliados-de-covas-apostam-em-aprovacao-reforma-da-previdencia-ainda-esse-ano\" target=\"_blank\" rel=\"noopener noreferrer\">pode ser votado at\u00e9 o final do ano<\/a>.<\/p>\n<p>\u201c\u00c9 um absurdo dizer que \u00e9 por culpa dos aposentados que a prefeitura vai quebrar, que a sa\u00fade vai piorar, que n\u00e3o pode fazer investimento. O dono do d\u00e9ficit \u00e9 a prefeitura, que em 13 anos n\u00e3o foi capaz de equalizar a situa\u00e7\u00e3o. N\u00f3s pagamos nossa parte todo m\u00eas\u201d, disse Felipe Torres, secret\u00e1rio da Associa\u00e7\u00e3o dos Servidores de N\u00edvel Superior (Anis).<\/p>\n<p>A administra\u00e7\u00e3o municipal alega que a reforma \u00e9 necess\u00e1ria para conter o d\u00e9ficit do sistema. No ano passado, o d\u00e9ficit teria sido de R$ 4,6 bilh\u00f5es e a prefeitura projeta chegar a R$ 8,4 bilh\u00f5es em 2020. No total, o gasto com as aposentadorias em 2017 foi de R$ 8 bilh\u00f5es.<\/p>\n<p>O agora ex-secret\u00e1rio Municipal da Fazenda, Caio Megale, defendeu a reforma. \u201cOu reformamos o sistema ou mantemos a situa\u00e7\u00e3o atual e comprimimos os investimentos na cidade. O d\u00e9ficit da previd\u00eancia \u00e9 maior que o valor dispon\u00edvel para investimento esse ano\u201d, disse.<\/p>\n<p>O projeto em discuss\u00e3o na comiss\u00e3o mant\u00e9m praticamente toda a proposta original. A contribui\u00e7\u00e3o previdenci\u00e1ria dos servidores subiria de 11% para 14%. A contribui\u00e7\u00e3o do munic\u00edpio vai subir de 22% para 28%.<\/p>\n<p>Ser\u00e1 criado um sistema de capitaliza\u00e7\u00e3o \u2013 chamado \u201csegrega\u00e7\u00e3o de massas\u201d, a ser gerido pela SampaPrev \u2013, para os novos servidores e os que optarem por esse sistema, em que cada servidor seria respons\u00e1vel pela sua pr\u00f3pria aposentadoria, fazendo contribui\u00e7\u00f5es a um sistema \u00e0 parte. O que, na pr\u00e1tica, leva \u00e0 extin\u00e7\u00e3o do sistema atual.\u00a0<\/p>\n<p>Os servidores argumentam que desde que foi feita a reforma da previd\u00eancia de 2005, quando o Instituto de Previd\u00eancia Municipal (Iprem) passou a ser respons\u00e1vel pelas aposentadorias e pens\u00f5es, nunca foi feito o aporte de recursos condizente com o que j\u00e1 havia sido arrecadado antes da mudan\u00e7a. Al\u00e9m disso, defendem que a gest\u00e3o do prefeito Bruno Covas (PSDB) resolva outros problemas nas finan\u00e7as da prefeitura antes de propor o aumento da contribui\u00e7\u00e3o dos servidores. \u201cOs R$ 5 bilh\u00f5es que dizem ter de d\u00e9ficit \u00e9 um cisco que pode ser resolvido equilibrando o subs\u00eddio da tarifa de \u00f4nibus, as ren\u00fancias fiscais, os perd\u00f5es de d\u00edvidas\u201d, ressaltou Torres.<\/p>\n<p>\u201cNaquela oportunidade a nossa contribui\u00e7\u00e3o foi aumentada de 5% para 11%. E a justificativa era que em uma d\u00e9cada isso ia equilibrar a previd\u00eancia. Agora querem aumentar para 14%. E quem garante que daqui dez anos n\u00e3o vai aumentar para 20%?\u201d, disse o presidente do Sindicato dos Guardas Civis Metropolitanos de S\u00e3o Paulo, Clovis Roberto Pereira. \u201cN\u00f3s somos os \u00fanicos servidores que juramos nos sacrificar pela nossa fun\u00e7\u00e3o. Mas n\u00e3o desse jeito\u201d, completou.<\/p>\n<p>Para o presidente do Sindicato dos Servidores Municipais de S\u00e3o Paulo (Sindsep), Sergio Ricardo Antiqueira, o objetivo da comiss\u00e3o \u00e9 apenas legitimar a vota\u00e7\u00e3o que a gest\u00e3o Covas quer e n\u00e3o debater o projeto. \u201cO d\u00e9ficit aumenta porque tem mais sa\u00edda do que entrada. E isso acontece porque temos um d\u00e9ficit de 10 mil servidores na prefeitura. N\u00e3o tem concurso, quando tem n\u00e3o convoca. Ao mesmo tempo, contrata mais e mais Organiza\u00e7\u00f5es Sociais, cujos trabalhadores recebem dinheiro p\u00fablico, mas n\u00e3o contribuem com a previd\u00eancia municipal\u201d, argumentou.<\/p>\n<p>Antiqueira tamb\u00e9m destacou que a proposta da gest\u00e3o Covas \u00e9 que vai matar a previd\u00eancia municipal, com a segrega\u00e7\u00e3o de massas. \u201cSe os novos que entrarem n\u00e3o v\u00e3o contribuir, vai quebrar a previd\u00eancia de vez. V\u00e1rios estados que fizeram esse tipo de mudan\u00e7a est\u00e3o voltando atr\u00e1s porque causou um preju\u00edzo enorme. Esse projeto n\u00e3o vai salvar a previd\u00eancia, \u00e9 uma fraude\u201d, afirmou.<\/p>\n<p>A vice-presidenta do Sindicato dos Professores e Funcion\u00e1rios Municipais de S\u00e3o Paulo, Margarida Prado Genofre, ponderou que \u00e9 poss\u00edvel dialogar uma reforma na previd\u00eancia municipal, desde que ela comece do zero, com total participa\u00e7\u00e3o dos servidores. \u201cQueremos construir uma proposta de consenso que n\u00e3o penalize somente o servidor. Desde que esse projeto surgiu na gest\u00e3o de Fernando Haddad (PT) n\u00e3o houve di\u00e1logo. O projeto foi retirado e voltou pior pelas m\u00e3os do Jo\u00e3o Doria (PSDB). <a class=\"internal-link\" title=\"\" href=\"https:\/\/www.redebrasilatual.com.br\/trabalho\/2018\/03\/apos-derrotarem-doria-servidores-de-sao-paulo-suspendem-greve\" target=\"_blank\" rel=\"noopener noreferrer\">A comiss\u00e3o proposta em mar\u00e7o, quando 100 mil servidores estavam na porta da C\u00e2mara<\/a>, nunca existiu\u201d, disse.<\/p>\n<p>Em mar\u00e7o deste ano, os servidores municipais paralisaram as atividades por 20 dias e realizaram v\u00e1rios protestos na C\u00e2mara Municipal e na prefeitura.<a class=\"internal-link\" title=\"\" href=\"https:\/\/www.redebrasilatual.com.br\/cidadania\/2018\/03\/servidores-sao-atacados-em-protesto-contra-reforma-na-previdencia-municipal\" target=\"_blank\" rel=\"noopener noreferrer\"> Houve intensa repress\u00e3o por parte da Guarda Civil Metropolitana (GCM)<\/a>, com dezenas de feridos. O ent\u00e3o prefeito e atual governador eleito de S\u00e3o Paulo, Jo\u00e3o Doria (PSDB), recuou e o projeto ficou suspenso por 120 dias.<\/p>\n<p>Questionado por j\u00e1 ter chamado os servidores municipais de \u201cvagabundos\u201d, o relator do projeto na comiss\u00e3o de estudos, vereador Fernando Holiday (DEM), afirmou que vai considerar as pondera\u00e7\u00f5es dos representantes de trabalhadores. \u201cApesar de ter muitas diferen\u00e7as com os sindicatos, tenho que dizer que concordo com eles em muitas coisas apontadas aqui hoje e que precisam ser ajustadas\u201d, afirmou.<\/p>\n<p>A comiss\u00e3o de estudos volta a se reunir amanh\u00e3, as 11h, para ouvir especialistas em previd\u00eancia e na quinta-feira para receber representantes da S\u00e3o Paulo Previd\u00eancia (SPPrev), estadual, e da Funda\u00e7\u00e3o de Previd\u00eancia Complementar do Servidor P\u00fablico da Uni\u00e3o (Funpresp), federal.<\/p>\n<p>\u00a0<\/p>\n<p><strong>Fonte: Rede Brasil Atual<\/strong><\/p>\n","protected":false},"excerpt":{"rendered":"<p>Representantes de v\u00e1rios sindicatos de trabalhadores da prefeitura de S\u00e3o Paulo defenderam hoje (11) a retirada de tramita\u00e7\u00e3o do Projeto de Lei 621\/2016, que trata da reforma da previd\u00eancia municipal e cria o SampaPrev. O projeto est\u00e1 sendo analisado por uma Comiss\u00e3o de Estudos na C\u00e2mara Municipal e pode ser votado at\u00e9 o final do [&hellip;]<\/p>\n","protected":false},"author":2,"featured_media":5746,"comment_status":"","ping_status":"","sticky":false,"template":"","format":"standard","meta":{"footnotes":""},"categories":[3],"tags":[],"class_list":["post-5747","post","type-post","status-publish","format-standard","has-post-thumbnail","hentry","category-noticias"],"_links":{"self":[{"href":"https:\/\/hostnetart.com.br\/baixada\/wp-json\/wp\/v2\/posts\/5747","targetHints":{"allow":["GET"]}}],"collection":[{"href":"https:\/\/hostnetart.com.br\/baixada\/wp-json\/wp\/v2\/posts"}],"about":[{"href":"https:\/\/hostnetart.com.br\/baixada\/wp-json\/wp\/v2\/types\/post"}],"author":[{"embeddable":true,"href":"https:\/\/hostnetart.com.br\/baixada\/wp-json\/wp\/v2\/users\/2"}],"replies":[{"embeddable":true,"href":"https:\/\/hostnetart.com.br\/baixada\/wp-json\/wp\/v2\/comments?post=5747"}],"version-history":[{"count":0,"href":"https:\/\/hostnetart.com.br\/baixada\/wp-json\/wp\/v2\/posts\/5747\/revisions"}],"wp:featuredmedia":[{"embeddable":true,"href":"https:\/\/hostnetart.com.br\/baixada\/wp-json\/wp\/v2\/media\/5746"}],"wp:attachment":[{"href":"https:\/\/hostnetart.com.br\/baixada\/wp-json\/wp\/v2\/media?parent=5747"}],"wp:term":[{"taxonomy":"category","embeddable":true,"href":"https:\/\/hostnetart.com.br\/baixada\/wp-json\/wp\/v2\/categories?post=5747"},{"taxonomy":"post_tag","embeddable":true,"href":"https:\/\/hostnetart.com.br\/baixada\/wp-json\/wp\/v2\/tags?post=5747"}],"curies":[{"name":"wp","href":"https:\/\/api.w.org\/{rel}","templated":true}]}}