{"id":5737,"date":"2018-12-11T17:25:19","date_gmt":"2018-12-11T19:25:19","guid":{"rendered":"https:\/\/hostnetart.com.br\/baixada\/coe-bradesco-debate-fechamento-de-age-ncias-e-seguro-sau-de-com-o-banco\/"},"modified":"2018-12-11T17:25:19","modified_gmt":"2018-12-11T19:25:19","slug":"coe-bradesco-debate-fechamento-de-age-ncias-e-seguro-sau-de-com-o-banco","status":"publish","type":"post","link":"https:\/\/hostnetart.com.br\/baixada\/coe-bradesco-debate-fechamento-de-age-ncias-e-seguro-sau-de-com-o-banco\/","title":{"rendered":"COE Bradesco debate fechamento de age\u0302ncias e seguro sau\u0301de com o banco"},"content":{"rendered":"<article>\n<div class=\"content\">\n<p>O Emprego e seguro sa\u00fade foram destacados como prioridade pela Comissa\u0303o de Organizac\u0327a\u0303o dos Empregados (COE) Bradesco em reuni\u00e3o com a dire\u00e7\u00e3o do banco, realizada na manh\u00e3\u0303 desta terc\u0327a-feira (11), na Cidade de Deus, em Osasco.<\/p>\n<p>O movimento sindical cobrou explicac\u0327o\u0303es sobre a reestruturac\u0327a\u0303o que o banco atravessa, que tem gerado o fechamento de age\u0302ncias. A ideia e\u0301 garantir o emprego a relocac\u0327a\u0303o dos trabalhadores destas age\u0302ncias. O dirigente do banco garantiu que na\u0303o havera\u0301 demisso\u0303es em massa e que os trabalhadores sera\u0303o remanejados.<\/p>\n<p>\u201cE\u0301 importante termos esse compromisso do Banco, em preservar os empregos, dando oportunidade a todos os trabalhadores lotados nas age\u0302ncias que sera\u0303o fechadas ate\u0301 2019\u201d, afirmou Magaly Fagundes, coordenadora da COE Bradesco.<\/p>\n<p>Os representantes dos trabalhadores reivindicaram um calenda\u0301rio de reunia\u0303o nas Federac\u0327o\u0303es, com objetivo de solucionar os problemas com o Plano de Sau\u0301de e Dental. Eles destacaram que os funciona\u0301rios tem plano inferior ao que oferecido no mercado. Foi relatado problemas como a dificuldade do retorno profissional quanto ao credenciamento; reduc\u0327a\u0303o dos servic\u0327os e da rede credenciada, a dificuldade de aprovac\u0327a\u0303o de alguns exames e o site desatualizado.<\/p>\n<p>O banco aceitou a proposta do movimento sindical e o calenda\u0301rio sera\u0301 definida com cada federac\u0327a\u0303o, a partir de fevereiro de 2019.<\/p>\n<p>A direc\u0327a\u0303o do Bradesco se comprometeu ainda a apresentar detalhadamente, na sede da Contraf-CUT, em Sa\u0303o Paulo, o Programa de Desenvolvimento Organizacional para Melhoria Conti\u0301nua de Adesa\u0303o de Trabalho. O banco na\u0303o se opo\u0302s a assinar o termo de adesa\u0303o volunta\u0301ria da cla\u0301usula 54 da CCT, que trata de requalificac\u0327a\u0303o e realocac\u0327a\u0303o profissional, junto com os demais bancos que compo\u0303e a mesa unificada da Federac\u0327a\u0303o Nacional dos Bancos (Fenaban)<\/p>\n<p>A reunia\u0303o ainda debateu os demais pontos da minuta de reivindicac\u0327o\u0303es especi\u0301fica do banco, como plano de remunerac\u0327a\u0303o, plano de sau\u0301de para aposentados e bolsas auxi\u0301lio educac\u0327a\u0303o e incentivo a\u0300 cultura.<\/p>\n<p>\u201cAlguns itens da minuta ja\u0301 foram atendidos, como o uso da gravata, a na\u0303o proibic\u0327a\u0303o do uso de barba, al\u00e9m de outros ja\u0301 contemplados na CCT dos banca\u0301rios. Pore\u0301m, existe reivindicac\u0327o\u0303es histo\u0301ricas que continuaremos insistindo com o banco. E\u0301 importante nos organizarmos cada vez. Temos uma conjuntura dif\u00edcil e so\u0301 nossa unidade garantira\u0301 novas conquistas\u201d, finalizou Magaly.<\/p>\n<\/div>\n<p id=\"page-author\"><strong>Fonte: Contraf-CUT<\/strong><\/p>\n<\/article>\n<div id=\"related-content\" class=\"normal\" data-tbl=\"news\" data-id=\"fa3f9431650019d00018fbfcda45421b\">\u00a0<\/div>\n","protected":false},"excerpt":{"rendered":"<p>O Emprego e seguro sa\u00fade foram destacados como prioridade pela Comissa\u0303o de Organizac\u0327a\u0303o dos Empregados (COE) Bradesco em reuni\u00e3o com a dire\u00e7\u00e3o do banco, realizada na manh\u00e3\u0303 desta terc\u0327a-feira (11), na Cidade de Deus, em Osasco. O movimento sindical cobrou explicac\u0327o\u0303es sobre a reestruturac\u0327a\u0303o que o banco atravessa, que tem gerado o fechamento de age\u0302ncias. [&hellip;]<\/p>\n","protected":false},"author":2,"featured_media":5736,"comment_status":"","ping_status":"","sticky":false,"template":"","format":"standard","meta":{"footnotes":""},"categories":[3],"tags":[],"class_list":["post-5737","post","type-post","status-publish","format-standard","has-post-thumbnail","hentry","category-noticias"],"_links":{"self":[{"href":"https:\/\/hostnetart.com.br\/baixada\/wp-json\/wp\/v2\/posts\/5737","targetHints":{"allow":["GET"]}}],"collection":[{"href":"https:\/\/hostnetart.com.br\/baixada\/wp-json\/wp\/v2\/posts"}],"about":[{"href":"https:\/\/hostnetart.com.br\/baixada\/wp-json\/wp\/v2\/types\/post"}],"author":[{"embeddable":true,"href":"https:\/\/hostnetart.com.br\/baixada\/wp-json\/wp\/v2\/users\/2"}],"replies":[{"embeddable":true,"href":"https:\/\/hostnetart.com.br\/baixada\/wp-json\/wp\/v2\/comments?post=5737"}],"version-history":[{"count":0,"href":"https:\/\/hostnetart.com.br\/baixada\/wp-json\/wp\/v2\/posts\/5737\/revisions"}],"wp:featuredmedia":[{"embeddable":true,"href":"https:\/\/hostnetart.com.br\/baixada\/wp-json\/wp\/v2\/media\/5736"}],"wp:attachment":[{"href":"https:\/\/hostnetart.com.br\/baixada\/wp-json\/wp\/v2\/media?parent=5737"}],"wp:term":[{"taxonomy":"category","embeddable":true,"href":"https:\/\/hostnetart.com.br\/baixada\/wp-json\/wp\/v2\/categories?post=5737"},{"taxonomy":"post_tag","embeddable":true,"href":"https:\/\/hostnetart.com.br\/baixada\/wp-json\/wp\/v2\/tags?post=5737"}],"curies":[{"name":"wp","href":"https:\/\/api.w.org\/{rel}","templated":true}]}}