{"id":5735,"date":"2018-12-11T17:24:27","date_gmt":"2018-12-11T19:24:27","guid":{"rendered":"https:\/\/hostnetart.com.br\/baixada\/apos-negociacoes-itau-reajusta-pcr-e-bolsa-de-estudos\/"},"modified":"2018-12-11T17:24:27","modified_gmt":"2018-12-11T19:24:27","slug":"apos-negociacoes-itau-reajusta-pcr-e-bolsa-de-estudos","status":"publish","type":"post","link":"https:\/\/hostnetart.com.br\/baixada\/apos-negociacoes-itau-reajusta-pcr-e-bolsa-de-estudos\/","title":{"rendered":"Ap\u00f3s negocia\u00e7\u00f5es, Ita\u00fa reajusta PCR e bolsa de estudos"},"content":{"rendered":"<div class=\"content\">\n<p>O Ita\u00fa informou \u00e0 Confedera\u00e7\u00e3o Nacional dos Trabalhadores do Ramo Financeiro (Contraf-CUT), nesta segunda-feira (10), que vai reajustar os valores do Programa Complementar de Resultados (PCR) e da bolsa estudos. O PCR ser\u00e1 reajustado em 9% e a bolsa de estudos em 5%.<\/p>\n<p>O valor do PCR pago em setembro de 2018 foi de R$ 2.662,66. Com a corre\u00e7\u00e3o, em 2019 ser\u00e1 de R$ 2.900,00. O valor ser\u00e1 creditado em setembro de 2019, junto com a primeira parcela da Participa\u00e7\u00e3o nos Lucros ou Resultados (PLR). Com rela\u00e7\u00e3o \u00e0 bolsa de estudo, o teto passa a ser de R$ 410\/m\u00eas. Para 2020, os valores ser\u00e3o reajustados pela varia\u00e7\u00e3o do INPC\/IBGE, mas 1% de aumento real, conforme negocia\u00e7\u00e3o da Campanha Nacional da categoria.<\/p>\n<p>\u201cMesmo em uma conjuntura adversa, a categoria banc\u00e1ria conseguiu manter todos os direitos previstos em sua Conven\u00e7\u00e3o Coletiva de Trabalho e obteve reajustes com aumento real acima da m\u00e9dia das demais categorias para seus sal\u00e1rios, vales refei\u00e7\u00e3o e alimenta\u00e7\u00e3o e demais direitos econ\u00f4micos\u201d, observou a presidenta da Contraf-CUT, Juvandia Moreira. \u201cEstes reajustes informados agora pelo Ita\u00fa devem ser comemorados pelos banc\u00e1rios do Ita\u00fa, mas tamb\u00e9m por toda a categoria. \u00c9 uma mostra de que a uni\u00e3o dos trabalhadores e nossa estrat\u00e9gia de negocia\u00e7\u00e3o est\u00e3o surtindo o efeito esperado\u201d, concluiu.<\/p>\n<p>Para o coordenador da Comiss\u00e3o de Organiza\u00e7\u00e3o dos Empregados (COE) do Ita\u00fa, Jair Alves, a proposta apresentada \u00e9 boa. \u201cNossa reivindica\u00e7\u00e3o \u00e9 para que o PCR seja reajustado anualmente na mesma propor\u00e7\u00e3o do lucro do banco. Mas, o reajuste de 9% est\u00e1 bem acima da infla\u00e7\u00e3o. Os trabalhadores s\u00e3o recompensados com esse aumento. Mas, nossa luta continua\u201d, disse.<\/p>\n<p>Jair ressaltou ainda que o PCR \u00e9 um programa linear, que contribui com a complementa\u00e7\u00e3o da renda dos mais de 80 mil banc\u00e1rios do Ita\u00fa. \u201cTodos os funcion\u00e1rios ser\u00e3o contemplados por essa negocia\u00e7\u00e3o realizada pela Contraf-CUT, federa\u00e7\u00f5es e sindicatos por meio da COE\u201d, concluiu.<\/p>\n<p><strong><ins>L<\/ins>eia tamb\u00e9m:<\/strong><br \/>\u00a0\u00a0\u00a0\u00a0\u00a0<strong>&gt;<\/strong>\u00a0<ins><em><a href=\"http:\/\/www.contrafcut.org.br\/noticias\/itau-adia-resposta-sobre-reajuste-do-pcr-7fad\/\" target=\"_blank\" rel=\"noopener noreferrer\">Ita\u00fa adia resposta sobre reajuste do PCR<\/a><\/em><\/ins><br \/>\u00a0\u00a0\u00a0\u00a0\u00a0<strong>&gt;<\/strong><em>\u00a0<ins><a href=\"http:\/\/www.contrafcut.org.br\/noticias\/coe-do-itau-cobra-resposta-sobre-pcr-af35\/\" target=\"_blank\" rel=\"noopener noreferrer\">COE do Ita\u00fa cobra resposta sobre PCR<\/a><\/ins><\/em><br \/>\u00a0\u00a0\u00a0\u00a0\u00a0<strong>&gt;<\/strong><em>\u00a0<ins><a href=\"http:\/\/www.contrafcut.org.br\/noticias\/itau-ja-esta-com-proposta-de-renovacao-do-pcr-f38f\" target=\"_blank\" rel=\"noopener noreferrer\">Ita\u00fa j\u00e1 est\u00e1 com proposta de renova\u00e7\u00e3o do PCR<\/a><\/ins><\/em><br \/>\u00a0\u00a0\u00a0\u00a0\u00a0<strong>&gt;<\/strong><em>\u00a0<ins><a href=\"http:\/\/www.contrafcut.org.br\/noticias\/lucro-do-itau-chega-a-r-19-255-bi-nos-nove-meses-de-2018-7f22\/\" target=\"_blank\" rel=\"noopener noreferrer\">Lucro do Ita\u00fa chega a R$19,255 bi nos nove meses de 2018<\/a><\/ins><\/em><br \/>\u00a0\u00a0\u00a0\u00a0\u00a0<strong>&gt;<\/strong><em>\u00a0<ins><a href=\"http:\/\/www.contrafcut.org.br\/noticias\/coe-do-itau-orienta-visita-as-bases-para-tratar-do-sqv-b1fa\" target=\"_blank\" rel=\"noopener noreferrer\">Contraf-CUT cobra mudan\u00e7as no SQV do Ita\u00fa<\/a><\/ins><\/em><br \/>\u00a0\u00a0\u00a0\u00a0\u00a0<strong>&gt;<\/strong><em>\u00a0<ins><a href=\"http:\/\/www.contrafcut.org.br\/noticias\/bancarios-do-itau-fecham-pauta-especifica-de-reivindicacoes-0645\" target=\"_blank\" rel=\"noopener noreferrer\">Banc\u00e1rios do Ita\u00fa fecham pauta espec\u00edfica de reivindica\u00e7\u00f5es<\/a><\/ins><\/em><\/p>\n<\/div>\n<p id=\"page-author\"><strong>Fonte: Contraf-CUT<\/strong><\/p>\n","protected":false},"excerpt":{"rendered":"<p>O Ita\u00fa informou \u00e0 Confedera\u00e7\u00e3o Nacional dos Trabalhadores do Ramo Financeiro (Contraf-CUT), nesta segunda-feira (10), que vai reajustar os valores do Programa Complementar de Resultados (PCR) e da bolsa estudos. O PCR ser\u00e1 reajustado em 9% e a bolsa de estudos em 5%. O valor do PCR pago em setembro de 2018 foi de R$ [&hellip;]<\/p>\n","protected":false},"author":2,"featured_media":5734,"comment_status":"","ping_status":"","sticky":false,"template":"","format":"standard","meta":{"footnotes":""},"categories":[3],"tags":[],"class_list":["post-5735","post","type-post","status-publish","format-standard","has-post-thumbnail","hentry","category-noticias"],"_links":{"self":[{"href":"https:\/\/hostnetart.com.br\/baixada\/wp-json\/wp\/v2\/posts\/5735","targetHints":{"allow":["GET"]}}],"collection":[{"href":"https:\/\/hostnetart.com.br\/baixada\/wp-json\/wp\/v2\/posts"}],"about":[{"href":"https:\/\/hostnetart.com.br\/baixada\/wp-json\/wp\/v2\/types\/post"}],"author":[{"embeddable":true,"href":"https:\/\/hostnetart.com.br\/baixada\/wp-json\/wp\/v2\/users\/2"}],"replies":[{"embeddable":true,"href":"https:\/\/hostnetart.com.br\/baixada\/wp-json\/wp\/v2\/comments?post=5735"}],"version-history":[{"count":0,"href":"https:\/\/hostnetart.com.br\/baixada\/wp-json\/wp\/v2\/posts\/5735\/revisions"}],"wp:featuredmedia":[{"embeddable":true,"href":"https:\/\/hostnetart.com.br\/baixada\/wp-json\/wp\/v2\/media\/5734"}],"wp:attachment":[{"href":"https:\/\/hostnetart.com.br\/baixada\/wp-json\/wp\/v2\/media?parent=5735"}],"wp:term":[{"taxonomy":"category","embeddable":true,"href":"https:\/\/hostnetart.com.br\/baixada\/wp-json\/wp\/v2\/categories?post=5735"},{"taxonomy":"post_tag","embeddable":true,"href":"https:\/\/hostnetart.com.br\/baixada\/wp-json\/wp\/v2\/tags?post=5735"}],"curies":[{"name":"wp","href":"https:\/\/api.w.org\/{rel}","templated":true}]}}