{"id":5731,"date":"2018-12-11T17:23:11","date_gmt":"2018-12-11T19:23:11","guid":{"rendered":"https:\/\/hostnetart.com.br\/baixada\/caixa-nao-garante-mesa-de-negociacao-desta-4-feira-12\/"},"modified":"2018-12-11T17:23:11","modified_gmt":"2018-12-11T19:23:11","slug":"caixa-nao-garante-mesa-de-negociacao-desta-4-feira-12","status":"publish","type":"post","link":"https:\/\/hostnetart.com.br\/baixada\/caixa-nao-garante-mesa-de-negociacao-desta-4-feira-12\/","title":{"rendered":"Caixa n\u00e3o garante mesa de negocia\u00e7\u00e3o desta 4\u00aa feira (12)"},"content":{"rendered":"<div class=\"content\">\n<p>A Comiss\u00e3o Executiva dos Empregados da Caixa Econ\u00f4mica Federal (CEE\/Caixa) tem reuni\u00e3o agendada com o banco para esta quarta-feira (12), em Bras\u00edlia. O fechamento de unidades, as ag\u00eancias digitais e quiosques, o Programa de Desligamento Volunt\u00e1rio (PDV), a extin\u00e7\u00e3o da fun\u00e7\u00e3o de tesoureiro, o Processo de Sele\u00e7\u00e3o Interna (PSI) entre vice-presid\u00eancias, meta de vendas e descomissionamento dos caixas e o leil\u00e3o da lotex est\u00e3o entre os assuntos a serem tratados.<\/p>\n<p>\u201cMas, o banco n\u00e3o garantiu a realiza\u00e7\u00e3o da reuni\u00e3o\u201d, informou o coordenador da CEE\/Caixa, Dion\u00edsio Reis. \u201cTodos os assuntos a serem tratados s\u00e3o fundamentais para os empregados. Sem contar os preju\u00edzos financeiros, deixar de confirmar a reuni\u00e3o na v\u00e9spera de sua realiza\u00e7\u00e3o prejudica o planejamento e a mobiliza\u00e7\u00e3o dos trabalhadores\u201d, disse indignado o dirigente, lembrando que banc\u00e1rios de todo pa\u00eds foram convidados a participar da reuni\u00e3o com sugest\u00f5es das pautas a serem debatidas na mesa de negocia\u00e7\u00f5es com o banco.<\/p>\n<p>Dion\u00edsio informou ainda que a CEE vai debater com as entidades e os empregados a solu\u00e7\u00e3o para os temas que estavam pautados para a mesa de negocia\u00e7\u00f5es e planejar a resist\u00eancia para o ano 2019.<\/p>\n<p><strong>Leia tamb\u00e9m:<\/strong><br \/>\u00a0\u00a0\u00a0\u00a0\u00a0<strong>&gt;<\/strong>\u00a0<ins><em><a href=\"http:\/\/www.contrafcut.org.br\/noticias\/cee-caixa-se-reune-com-o-banco-no-dia-12-de-dezembro-7da8\" target=\"_blank\" rel=\"noopener noreferrer\">CEE\/Caixa se re\u00fane com o banco no dia 12 de dezembro<\/a><\/em><\/ins><\/p>\n<\/div>\n<p id=\"page-author\"><strong>Fonte: Contraf-CUT<\/strong><\/p>\n","protected":false},"excerpt":{"rendered":"<p>A Comiss\u00e3o Executiva dos Empregados da Caixa Econ\u00f4mica Federal (CEE\/Caixa) tem reuni\u00e3o agendada com o banco para esta quarta-feira (12), em Bras\u00edlia. O fechamento de unidades, as ag\u00eancias digitais e quiosques, o Programa de Desligamento Volunt\u00e1rio (PDV), a extin\u00e7\u00e3o da fun\u00e7\u00e3o de tesoureiro, o Processo de Sele\u00e7\u00e3o Interna (PSI) entre vice-presid\u00eancias, meta de vendas e [&hellip;]<\/p>\n","protected":false},"author":2,"featured_media":5730,"comment_status":"","ping_status":"","sticky":false,"template":"","format":"standard","meta":{"footnotes":""},"categories":[3],"tags":[],"class_list":["post-5731","post","type-post","status-publish","format-standard","has-post-thumbnail","hentry","category-noticias"],"_links":{"self":[{"href":"https:\/\/hostnetart.com.br\/baixada\/wp-json\/wp\/v2\/posts\/5731","targetHints":{"allow":["GET"]}}],"collection":[{"href":"https:\/\/hostnetart.com.br\/baixada\/wp-json\/wp\/v2\/posts"}],"about":[{"href":"https:\/\/hostnetart.com.br\/baixada\/wp-json\/wp\/v2\/types\/post"}],"author":[{"embeddable":true,"href":"https:\/\/hostnetart.com.br\/baixada\/wp-json\/wp\/v2\/users\/2"}],"replies":[{"embeddable":true,"href":"https:\/\/hostnetart.com.br\/baixada\/wp-json\/wp\/v2\/comments?post=5731"}],"version-history":[{"count":0,"href":"https:\/\/hostnetart.com.br\/baixada\/wp-json\/wp\/v2\/posts\/5731\/revisions"}],"wp:featuredmedia":[{"embeddable":true,"href":"https:\/\/hostnetart.com.br\/baixada\/wp-json\/wp\/v2\/media\/5730"}],"wp:attachment":[{"href":"https:\/\/hostnetart.com.br\/baixada\/wp-json\/wp\/v2\/media?parent=5731"}],"wp:term":[{"taxonomy":"category","embeddable":true,"href":"https:\/\/hostnetart.com.br\/baixada\/wp-json\/wp\/v2\/categories?post=5731"},{"taxonomy":"post_tag","embeddable":true,"href":"https:\/\/hostnetart.com.br\/baixada\/wp-json\/wp\/v2\/tags?post=5731"}],"curies":[{"name":"wp","href":"https:\/\/api.w.org\/{rel}","templated":true}]}}