{"id":5727,"date":"2018-12-11T13:14:46","date_gmt":"2018-12-11T15:14:46","guid":{"rendered":"https:\/\/hostnetart.com.br\/baixada\/direitos-humanos-foram-proclamados-mas-nao-sao-vividos\/"},"modified":"2018-12-11T13:14:46","modified_gmt":"2018-12-11T15:14:46","slug":"direitos-humanos-foram-proclamados-mas-nao-sao-vividos","status":"publish","type":"post","link":"https:\/\/hostnetart.com.br\/baixada\/direitos-humanos-foram-proclamados-mas-nao-sao-vividos\/","title":{"rendered":"&#8216;Direitos humanos foram proclamados, mas n\u00e3o s\u00e3o vividos&#8217;"},"content":{"rendered":"<p class=\" \"><a class=\"external-link\" title=\"\" href=\"https:\/\/www.brasildefato.com.br\/2018\/12\/10\/direitos-humanos-foram-proclamados-mas-nao-sao-vividos-diz-padre-em-visita-a-lula\/\" target=\"_blank\" rel=\"noopener noreferrer\">Brasil de Fato<\/a>\u00a0\u2013\u00a0Nesta segunda (10), dia em que se celebra o anivers\u00e1rio de 70 anos da\u00a0<a class=\"internal-link\" title=\"\" href=\"https:\/\/www.redebrasilatual.com.br\/cidadania\/2018\/12\/mundo-vive-onda-autoritaria-nos-70-anos-da-declaracao-universal-dos-direitos-humanos\" target=\"_blank\" rel=\"noopener noreferrer\">Declara\u00e7\u00e3o Universal dos Direitos Humanos<\/a>, o padre Domenico Costella chamou a aten\u00e7\u00e3o para os direitos fundamentais que seguem\u00a0violados no pa\u00eds. O religioso\u00a0<a class=\"internal-link\" title=\"\" href=\"https:\/\/www.redebrasilatual.com.br\/politica\/2018\/12\/vigilia-chama-a-atencao-do-mundo-para-a-injustica-com-lula-defende-chinaglia\" target=\"_blank\" rel=\"noopener noreferrer\">visitou\u00a0<\/a>o ex-presidente Luiz In\u00e1cio Lula da Silva (PT)\u00a0na Superintend\u00eancia da Pol\u00edcia Federal\u00a0em Curitiba (PR) e, ap\u00f3s a visita, concedeu entrevista coletiva \u00e0 imprensa.\u00a0<\/p>\n<p class=\" \">Para Costella, a pris\u00e3o de Lula \u00e9 uma\u00a0<a class=\"internal-link\" title=\"\" href=\"https:\/\/www.redebrasilatual.com.br\/cidadania\/2018\/12\/dia-da-declaracao-dos-direitos-humanos-tem-ato-por-lula-e-conferencia-internacional\" target=\"_blank\" rel=\"noopener noreferrer\">injusti\u00e7a,<\/a>baseada em um &#8220;processo que n\u00e3o tem uma prova contundente&#8221;. O padre entende\u00a0que um Estado que preza pela democracia e respeita os direitos humanos deveria oferecer, no m\u00ednimo, um processo justo para todos os cidad\u00e3os.\u00a0<\/p>\n<p class=\" \">&#8220;Hoje faz 70 anos que os Direitos Humanos foram proclamados. Mas, na verdade, n\u00e3o s\u00e3o vividos em muitos pa\u00edses, inclusive no nosso. Direito \u00e0 vida, ao trabalho, direito \u00e0 honra, a um processo legal. Nem sempre tudo isso \u00e9 vivido&#8221;, disse.\u00a0<\/p>\n<p class=\" \">Nascido em Parma, na It\u00e1lia, e ordenado sacerdote na Capela da Teologia Xaveriana de Parma, Costella mudou-se para o Brasil em 1974. Ex-professor de Filosofia Pol\u00edtica do curso de Direito da Pontif\u00edcia Universidade Cat\u00f3lica do Paran\u00e1 (PUC-PR), ele lembrou a ascens\u00e3o do fascismo na It\u00e1lia ao falar sobre o\u00a0<a class=\"internal-link\" title=\"\" href=\"https:\/\/www.redebrasilatual.com.br\/cidadania\/2018\/12\/declaracao-dos-direitos-humanos-chega-aos-70-anos-no-brasil-com-ameacas-de-retrocessos\" target=\"_blank\" rel=\"noopener noreferrer\">atual momento pol\u00edtico do Brasil<\/a>, marcado pela pris\u00e3o de Lula e pela elei\u00e7\u00e3o de\u00a0<a class=\"internal-link\" title=\"\" href=\"https:\/\/www.redebrasilatual.com.br\/politica\/2018\/12\/ministerio-de-suspeitos-e-denuncias-contradizem-bolsonaro-e-chateiam-bolsominions\" target=\"_blank\" rel=\"noopener noreferrer\">Jair Bolsonaro (PSL)<\/a>\u00e0 Presid\u00eancia da Rep\u00fablica.\u00a0<\/p>\n<p class=\" \">O religioso\u00a0tamb\u00e9m comparou\u00a0a conjuntura brasileira \u00e0 elei\u00e7\u00e3o recente de governos alinhados ao campo da\u00a0direita em pa\u00edses da Europa, como a Fran\u00e7a, e do pr\u00f3prio continente latino-americano, como a Argentina. Para o mission\u00e1rio, as &#8220;grandes crises econ\u00f4micas e sociais&#8221; fortalecem\u00a0a extrema direita.<\/p>\n<p class=\" \">&#8220;Temos que lutar sempre para manter a democracia. A democracia n\u00e3o ser\u00e1 o ideal, mas \u00e9 sempre o melhor sistema, com respeito aos direitos humanos, \u00e0 participa\u00e7\u00e3o do povo. Quando come\u00e7a a ir para a direita \u00e9 um perigo, porque a mentalidade da direita n\u00e3o \u00e9 muito democr\u00e1tica&#8221;, acrescentou.\u00a0<\/p>\n<p class=\" \">Segundo o padre Costella, o crescimento do pensamento neoliberal tamb\u00e9m \u00e9 percebido\u00a0dentro das igrejas, e o apoio que muitos crist\u00e3os deram ao presidente eleito\u00a0mostra a necessidade de reavalia\u00e7\u00e3o interna. Para o padre, 2019 ser\u00e1 um ano de &#8220;an\u00e1lise desses votos, porque existe um limite democr\u00e1tico para quem acredita em Cristo&#8221;.<\/p>\n<p class=\" \"><strong>Presentes para Lula<\/strong><\/p>\n<p class=\" \">Ap\u00f3s a entrevista coletiva, o padre Domenico Costella visitou a\u00a0<a class=\"internal-link\" title=\"\" href=\"https:\/\/www.redebrasilatual.com.br\/politica\/2018\/12\/vigilia-lula-livre-ganha-site-e-boletim-impresso\" target=\"_blank\" rel=\"noopener noreferrer\">Vig\u00edlia Lula Livre<\/a>\u00a0e transmitiu \u00e0 milit\u00e2ncia as percep\u00e7\u00f5es que teve da conversa com o ex-presidente Lula.\u00a0<\/p>\n<p class=\" \">O padre afirmou ter encontrado &#8220;um homem sofrido pela viol\u00eancia de que est\u00e1 sendo v\u00edtima, mas sereno&#8221;. Como presente a Lula, ele deixou um pres\u00e9pio italiano e um crucifixo \u2013\u00a0que, segundo Costella, o ex-presidente &#8220;colocou no pesco\u00e7o imediatamente&#8221;.\u00a0<\/p>\n<p class=\" \">Espiritualidade, literatura, viagens e pol\u00edtica foram alguns dos temas da conversa com o ex-presidente. Bem humorado, o\u00a0religioso\u00a0disse que pretende\u00a0voltar a visitar Lula antes do\u00a0<a class=\"internal-link\" title=\"\" href=\"https:\/\/www.redebrasilatual.com.br\/politica\/2018\/12\/240-dias-na-resistencia-vigilia-lula-livre-recebe-apoio-para-natal-e-ano-novo\" target=\"_blank\" rel=\"noopener noreferrer\">Natal<\/a>, para\u00a0&#8220;presente\u00e1-lo com um\u00a0<em>panettone\u00a0<\/em>italiano&#8221;.<\/p>\n","protected":false},"excerpt":{"rendered":"<p>Brasil de Fato\u00a0\u2013\u00a0Nesta segunda (10), dia em que se celebra o anivers\u00e1rio de 70 anos da\u00a0Declara\u00e7\u00e3o Universal dos Direitos Humanos, o padre Domenico Costella chamou a aten\u00e7\u00e3o para os direitos fundamentais que seguem\u00a0violados no pa\u00eds. O religioso\u00a0visitou\u00a0o ex-presidente Luiz In\u00e1cio Lula da Silva (PT)\u00a0na Superintend\u00eancia da Pol\u00edcia Federal\u00a0em Curitiba (PR) e, ap\u00f3s a visita, concedeu [&hellip;]<\/p>\n","protected":false},"author":2,"featured_media":5726,"comment_status":"","ping_status":"","sticky":false,"template":"","format":"standard","meta":{"footnotes":""},"categories":[3],"tags":[],"class_list":["post-5727","post","type-post","status-publish","format-standard","has-post-thumbnail","hentry","category-noticias"],"_links":{"self":[{"href":"https:\/\/hostnetart.com.br\/baixada\/wp-json\/wp\/v2\/posts\/5727","targetHints":{"allow":["GET"]}}],"collection":[{"href":"https:\/\/hostnetart.com.br\/baixada\/wp-json\/wp\/v2\/posts"}],"about":[{"href":"https:\/\/hostnetart.com.br\/baixada\/wp-json\/wp\/v2\/types\/post"}],"author":[{"embeddable":true,"href":"https:\/\/hostnetart.com.br\/baixada\/wp-json\/wp\/v2\/users\/2"}],"replies":[{"embeddable":true,"href":"https:\/\/hostnetart.com.br\/baixada\/wp-json\/wp\/v2\/comments?post=5727"}],"version-history":[{"count":0,"href":"https:\/\/hostnetart.com.br\/baixada\/wp-json\/wp\/v2\/posts\/5727\/revisions"}],"wp:featuredmedia":[{"embeddable":true,"href":"https:\/\/hostnetart.com.br\/baixada\/wp-json\/wp\/v2\/media\/5726"}],"wp:attachment":[{"href":"https:\/\/hostnetart.com.br\/baixada\/wp-json\/wp\/v2\/media?parent=5727"}],"wp:term":[{"taxonomy":"category","embeddable":true,"href":"https:\/\/hostnetart.com.br\/baixada\/wp-json\/wp\/v2\/categories?post=5727"},{"taxonomy":"post_tag","embeddable":true,"href":"https:\/\/hostnetart.com.br\/baixada\/wp-json\/wp\/v2\/tags?post=5727"}],"curies":[{"name":"wp","href":"https:\/\/api.w.org\/{rel}","templated":true}]}}