{"id":5725,"date":"2018-12-11T12:57:15","date_gmt":"2018-12-11T14:57:15","guid":{"rendered":"https:\/\/hostnetart.com.br\/baixada\/presidenta-da-contraf-cut-visita-fetraf-rj-es-e-avalia-campanha-nacional-2018\/"},"modified":"2018-12-11T12:57:15","modified_gmt":"2018-12-11T14:57:15","slug":"presidenta-da-contraf-cut-visita-fetraf-rj-es-e-avalia-campanha-nacional-2018","status":"publish","type":"post","link":"https:\/\/hostnetart.com.br\/baixada\/presidenta-da-contraf-cut-visita-fetraf-rj-es-e-avalia-campanha-nacional-2018\/","title":{"rendered":"Presidenta da Contraf-CUT visita Fetraf RJ\/ES e avalia Campanha Nacional 2018"},"content":{"rendered":"<div class=\"content\">\n<p>A presidenta da Confedera\u00e7\u00e3o Nacional dos Trabalhadores do Ramo Financeiro (Contraf-CUT), Juvandia Moreira, visitou a Federa\u00e7\u00e3o dos Banc\u00e1rios do Rio de Janeiro e Esp\u00edrito Santo (Fetraf\/RJ-ES), na quinta-feira (7), e conversou com alguns dirigentes para avaliar a Campanha Nacional 2018 e debater sobre os desafios que se colocam \u00e0 categoria e \u00e0 classe trabalhadora.<\/p>\n<p><a class=\"has-subtitle img\" title=\"\" href=\"http:\/\/admin.contrafcut.com.br\/system\/uploads\/ck\/images\/WhatsApp%20Image%202018-12-10%20at%2014_56_53%20(1).jpeg\" data-lightbox=\"lightbox\" data-title=\"\"><img decoding=\"async\" src=\"http:\/\/www.contrafcut.org.br\/images\/_2e650518732ea3ff8746956a55c2e178.jpeg\" alt=\"\" \/><\/a><\/p>\n<p>\u201cA campanha deste ano foi a primeira desde a entrada em vigor da reforma trabalhista. Os banc\u00e1rios estavam apreensivos com a possibilidade de perderem\u00a0diversos direitos hist\u00f3ricos. Os banqueiros trouxeram uma pauta enorme para a mesa de negocia\u00e7\u00e3o que propunha a retirada de v\u00e1rias cl\u00e1usulas da conven\u00e7\u00e3o coletiva e a nossa unidade nacional garantiu a manuten\u00e7\u00e3o de todas elas, o aumento real e a manuten\u00e7\u00e3o da mesa \u00fanica. Essas foram nossas grandes vit\u00f3rias\u201d, disse a presidenta Contraf-CUT.<\/p>\n<p>A presidenta lembrou que a Campanha Nacional Unificada 2018 ocorreu numa conjuntura extremamente desfavor\u00e1vel aos trabalhadores. Foi a primeira campanha da categoria ap\u00f3s as mudan\u00e7as promovidas pela reforma trabalhista do p\u00f3s-golpe. Em 2016, o acordo assinado garantiu os direitos at\u00e9 este ano.<\/p>\n<p>O Comando Nacional dos Banc\u00e1rios tinha como estrat\u00e9gia principal, apontada pelos banc\u00e1rios na consulta e nas assembleias, a manuten\u00e7\u00e3o de toda a CCT para toda a categoria, como forma de neutralizar os impactos nefastos do desmonte da legisla\u00e7\u00e3o trabalhista que poderia afetar 61% das cl\u00e1usulas da nossa Conven\u00e7\u00e3o Coletiva.<\/p>\n<p>Juvandia Moreira ressaltou ainda a import\u00e2ncia da unidade da classe trabalhadora contra qualquer proposta que vise a retirada direitos. \u201cTemos que nos manter unidos para impedirmos retrocessos e qualquer ataque aos direitos dos trabalhadores. Precisamos defender os bancos p\u00fablicos como institui\u00e7\u00f5es fortes que podem ajudar no desenvolvimento econ\u00f4mico do pa\u00eds e na gera\u00e7\u00e3o de emprego.\u201d<\/p>\n<\/div>\n<p id=\"page-author\"><strong>Fonte: Contraf-CUT<\/strong><\/p>\n","protected":false},"excerpt":{"rendered":"<p>A presidenta da Confedera\u00e7\u00e3o Nacional dos Trabalhadores do Ramo Financeiro (Contraf-CUT), Juvandia Moreira, visitou a Federa\u00e7\u00e3o dos Banc\u00e1rios do Rio de Janeiro e Esp\u00edrito Santo (Fetraf\/RJ-ES), na quinta-feira (7), e conversou com alguns dirigentes para avaliar a Campanha Nacional 2018 e debater sobre os desafios que se colocam \u00e0 categoria e \u00e0 classe trabalhadora. \u201cA [&hellip;]<\/p>\n","protected":false},"author":2,"featured_media":5724,"comment_status":"","ping_status":"","sticky":false,"template":"","format":"standard","meta":{"footnotes":""},"categories":[3],"tags":[],"class_list":["post-5725","post","type-post","status-publish","format-standard","has-post-thumbnail","hentry","category-noticias"],"_links":{"self":[{"href":"https:\/\/hostnetart.com.br\/baixada\/wp-json\/wp\/v2\/posts\/5725","targetHints":{"allow":["GET"]}}],"collection":[{"href":"https:\/\/hostnetart.com.br\/baixada\/wp-json\/wp\/v2\/posts"}],"about":[{"href":"https:\/\/hostnetart.com.br\/baixada\/wp-json\/wp\/v2\/types\/post"}],"author":[{"embeddable":true,"href":"https:\/\/hostnetart.com.br\/baixada\/wp-json\/wp\/v2\/users\/2"}],"replies":[{"embeddable":true,"href":"https:\/\/hostnetart.com.br\/baixada\/wp-json\/wp\/v2\/comments?post=5725"}],"version-history":[{"count":0,"href":"https:\/\/hostnetart.com.br\/baixada\/wp-json\/wp\/v2\/posts\/5725\/revisions"}],"wp:featuredmedia":[{"embeddable":true,"href":"https:\/\/hostnetart.com.br\/baixada\/wp-json\/wp\/v2\/media\/5724"}],"wp:attachment":[{"href":"https:\/\/hostnetart.com.br\/baixada\/wp-json\/wp\/v2\/media?parent=5725"}],"wp:term":[{"taxonomy":"category","embeddable":true,"href":"https:\/\/hostnetart.com.br\/baixada\/wp-json\/wp\/v2\/categories?post=5725"},{"taxonomy":"post_tag","embeddable":true,"href":"https:\/\/hostnetart.com.br\/baixada\/wp-json\/wp\/v2\/tags?post=5725"}],"curies":[{"name":"wp","href":"https:\/\/api.w.org\/{rel}","templated":true}]}}