{"id":5721,"date":"2018-12-10T14:46:26","date_gmt":"2018-12-10T16:46:26","guid":{"rendered":"https:\/\/hostnetart.com.br\/baixada\/declaracao-universal-dos-direitos-humanos-completa-70-anos\/"},"modified":"2018-12-10T14:46:26","modified_gmt":"2018-12-10T16:46:26","slug":"declaracao-universal-dos-direitos-humanos-completa-70-anos","status":"publish","type":"post","link":"https:\/\/hostnetart.com.br\/baixada\/declaracao-universal-dos-direitos-humanos-completa-70-anos\/","title":{"rendered":"Declara\u00e7\u00e3o Universal dos Direitos Humanos completa 70 anos"},"content":{"rendered":"<div class=\"content\">\n<p>A Declara\u00e7\u00e3o Universal dos Direitos Humanos completa no m\u00eas de dezembro, de 2018, 70 anos de exist\u00eancia, e no dia 10 se comemora o Dia Internacional dos Direitos Humanos. Num momento no qual o Brasil vive um grande retrocesso, as leis, que tornam \u00e0 liberdade, educa\u00e7\u00e3o, seguran\u00e7a, a igualdade social, direitos obrigat\u00f3rios a todos os seres humanos, s\u00e3o ignoradas com situa\u00e7\u00f5es cada vez mais frequentes de viol\u00eancia, descaso e discrimina\u00e7\u00e3o no pa\u00eds.<\/p>\n<p>De acordo com dados do IBGE, de 2018, foi constatado que 55 milh\u00f5es de brasileiros vivem na pobreza. Dados da Pesquisa Nacional por Amostra de Domic\u00edlio (Pnad) mostram que 2,5 milh\u00f5es de crian\u00e7as e adolescentes n\u00e3o est\u00e3o matriculadas em escolas.<\/p>\n<p>Quando o assunto \u00e9 viol\u00eancia os n\u00fameros s\u00e3o ainda mais alarmantes. Cerca de 153 brasileiros s\u00e3o assassinados por dia. De acordo com o Atlas da viol\u00eancia de 2018, 71,5% dos crimes s\u00e3o motivados pelo racismo contra pessoas negras ou pardas.<\/p>\n<p>Os crimes motivados pelo preconceito e discrimina\u00e7\u00e3o tamb\u00e9m fazem v\u00edtimas em todo o pa\u00eds. De acordo com o Grupo Gay da Bahia, a cada 19 horas 1 pessoa \u00e9 assassinada v\u00edtima de lgbtfobia. Dados da OMS mostram que o Brasil tem a 5\u00aa maior taxa de feminic\u00eddio no mundo.<\/p>\n<p>Para Adilson Barros, diretor executivo da Contraf-CUT e membro da Comiss\u00e3o de G\u00eanero, Ra\u00e7a e Orienta\u00e7\u00e3o Sexual (GROS), o Dia Internacional dos Direitos Humanos precisa ser lembrado todos os dias devido ao aumento do genoc\u00eddio de pessoas no mundo inteiro e em especial, infelizmente no Brasil. \u201cEsta data al\u00e9m da necessidade de uma reflex\u00e3o, tem como maior objetivo exigir de nossos governantes, pol\u00edticas p\u00fablicas e leis que punam de forma efetiva pessoas que n\u00e3o reconhecem ou deixam de cumprir a Declara\u00e7\u00e3o.\u00a0 E n\u00f3s, representantes de trabalhadores, temos tamb\u00e9m o dever e seguir na integra tais direitos e sempre alertar lugares onde existem o descumprimento dos direitos humanos\u201d, concluiu.<\/p>\n<\/div>\n<p id=\"page-author\"><strong>Fonte: Contraf-CUT<\/strong><\/p>\n","protected":false},"excerpt":{"rendered":"<p>A Declara\u00e7\u00e3o Universal dos Direitos Humanos completa no m\u00eas de dezembro, de 2018, 70 anos de exist\u00eancia, e no dia 10 se comemora o Dia Internacional dos Direitos Humanos. Num momento no qual o Brasil vive um grande retrocesso, as leis, que tornam \u00e0 liberdade, educa\u00e7\u00e3o, seguran\u00e7a, a igualdade social, direitos obrigat\u00f3rios a todos os [&hellip;]<\/p>\n","protected":false},"author":2,"featured_media":5720,"comment_status":"","ping_status":"","sticky":false,"template":"","format":"standard","meta":{"footnotes":""},"categories":[3],"tags":[],"class_list":["post-5721","post","type-post","status-publish","format-standard","has-post-thumbnail","hentry","category-noticias"],"_links":{"self":[{"href":"https:\/\/hostnetart.com.br\/baixada\/wp-json\/wp\/v2\/posts\/5721","targetHints":{"allow":["GET"]}}],"collection":[{"href":"https:\/\/hostnetart.com.br\/baixada\/wp-json\/wp\/v2\/posts"}],"about":[{"href":"https:\/\/hostnetart.com.br\/baixada\/wp-json\/wp\/v2\/types\/post"}],"author":[{"embeddable":true,"href":"https:\/\/hostnetart.com.br\/baixada\/wp-json\/wp\/v2\/users\/2"}],"replies":[{"embeddable":true,"href":"https:\/\/hostnetart.com.br\/baixada\/wp-json\/wp\/v2\/comments?post=5721"}],"version-history":[{"count":0,"href":"https:\/\/hostnetart.com.br\/baixada\/wp-json\/wp\/v2\/posts\/5721\/revisions"}],"wp:featuredmedia":[{"embeddable":true,"href":"https:\/\/hostnetart.com.br\/baixada\/wp-json\/wp\/v2\/media\/5720"}],"wp:attachment":[{"href":"https:\/\/hostnetart.com.br\/baixada\/wp-json\/wp\/v2\/media?parent=5721"}],"wp:term":[{"taxonomy":"category","embeddable":true,"href":"https:\/\/hostnetart.com.br\/baixada\/wp-json\/wp\/v2\/categories?post=5721"},{"taxonomy":"post_tag","embeddable":true,"href":"https:\/\/hostnetart.com.br\/baixada\/wp-json\/wp\/v2\/tags?post=5721"}],"curies":[{"name":"wp","href":"https:\/\/api.w.org\/{rel}","templated":true}]}}