{"id":572,"date":"2015-01-08T15:51:00","date_gmt":"2015-01-08T17:51:00","guid":{"rendered":"https:\/\/hostnetart.com.br\/baixada\/dieese-aponta-que-minimo-de-r-788-atinge-maior-valor-real-desde-1983\/"},"modified":"2015-01-08T15:51:00","modified_gmt":"2015-01-08T17:51:00","slug":"dieese-aponta-que-minimo-de-r-788-atinge-maior-valor-real-desde-1983","status":"publish","type":"post","link":"https:\/\/hostnetart.com.br\/baixada\/dieese-aponta-que-minimo-de-r-788-atinge-maior-valor-real-desde-1983\/","title":{"rendered":"Dieese aponta que m\u00ednimo de R$ 788 atinge maior valor real desde 1983"},"content":{"rendered":"<div id=\"col-mask\">\n<div id=\"post-6056\" class=\"post-6056 post type-post status-publish format-standard hentry category-noticias post-content\">\n<p><span style=\"color: #464646;\">O Dieese divulgou nesta quarta-feira (7) uma nota t\u00e9cnica sobre a pol\u00edtica de valoriza\u00e7\u00e3o do sal\u00e1rio m\u00ednimo, cujo valor passou a ser R$ 788 a partir de 1\u00ba de janeiro de 2015, conforme decreto da presidenta Dilma Rousseff, publicado no Di\u00e1rio Oficial da Uni\u00e3o em 30 de dezembro de 2014.\u00a0<\/span><br style=\"color: #464646;\" \/><br style=\"color: #464646;\" \/><span style=\"color: #464646;\">Com gr\u00e1ficos, tabelas e considera\u00e7\u00f5es, o trabalho do Dieese revela que o reajuste concedido representa 8,84% sobre os R$ 724 em vigor durante 2014 e corresponde \u00e0 varia\u00e7\u00e3o do Produto Interno bruto (PIB) em 2013 de 2,5% e \u00e0 varia\u00e7\u00e3o anual do \u00cdndice Nacional de Pre\u00e7os ao Consumidor (INPC), calculado pelo Instituto Brasileiro de Geografia e Estat\u00edstica (IBGE) em 2014, estimado em 6,19%.\u00a0<\/span><br style=\"color: #464646;\" \/><br style=\"color: #464646;\" \/><span style=\"color: #464646;\">O novo valor tamb\u00e9m atender\u00e1 \u00e0s regras da pol\u00edtica de valoriza\u00e7\u00e3o de longo prazo do sal\u00e1rio m\u00ednimo, definida na Lei n\u00ba 12.382, de 25 de fevereiro de 2011, caso o INPC de dezembro \u2013 cuja divulga\u00e7\u00e3o est\u00e1 prevista para sexta-feira, dia 9 de janeiro \u2013 n\u00e3o apresente alta acima do previsto.\u00a0<\/span><br style=\"color: #464646;\" \/><br style=\"color: #464646;\" \/><span style=\"color: #464646;\">Considerando a s\u00e9rie hist\u00f3rica do sal\u00e1rio m\u00ednimo e trazendo os valores m\u00e9dios anuais para reais de 1\u00ba de janeiro de 2015 (deflacionados por proje\u00e7\u00e3o do ICV- estrato inferior), o valor de R$ 788, em 1\u00ba de janeiro de 2015 \u00e9 o maior valor real da s\u00e9rie das m\u00e9dias anuais desde 1983.<\/span><br style=\"color: #464646;\" \/><br style=\"color: #464646;\" \/><span style=\"color: #464646;\">&gt; Clique\u00a0<\/span><a style=\"color: #969696;\" href=\"http:\/\/www.contrafcut.org.br\/download\/Arquivo\/1517204039.pdf\" target=\"_blank\" rel=\"noopener noreferrer\">aqui<\/a><span style=\"color: #464646;\">\u00a0para ler a nota t\u00e9cnica do Dieese.<\/span><br style=\"color: #464646;\" \/><span style=\"color: #464646;\">\uf0d8 <\/span><br style=\"color: #464646;\" \/><b style=\"color: #464646;\">A pol\u00edtica de valoriza\u00e7\u00e3o<\/b><span style=\"color: #464646;\">\u00a0<\/span><br style=\"color: #464646;\" \/><br style=\"color: #464646;\" \/><span style=\"color: #464646;\">O estudo do Dieese resgata que, em 2004, as centrais sindicais, atrav\u00e9s de movimento unit\u00e1rio, lan\u00e7aram a campanha pela valoriza\u00e7\u00e3o do sal\u00e1rio m\u00ednimo. Foram realizadas tr\u00eas marchas conjuntas em Bras\u00edlia com o objetivo de pressionar e, ao mesmo tempo, fortalecer a opini\u00e3o dos poderes Executivo e Legislativo sobre a import\u00e2ncia social e econ\u00f4mica da proposta de valoriza\u00e7\u00e3o do sal\u00e1rio m\u00ednimo.\u00a0<\/span><br style=\"color: #464646;\" \/><br style=\"color: #464646;\" \/><span style=\"color: #464646;\">Como resultado dessas marchas, o sal\u00e1rio m\u00ednimo, em maio de 2005, passou de R$ 260 para R$ 300. No m\u00eas de abril de 2006, foi elevado para R$ 350, e, em abril de 2007, corrigido para R$ 380. J\u00e1 para mar\u00e7o de 2008, o sal\u00e1rio m\u00ednimo foi alterado para R$ 415 e, em fevereiro de 2009, o valor foi fixado em R$ 465. Em janeiro de 2010, o piso salarial do pa\u00eds passou a R$ 510, resultando em aumento real de 6,02%.\u00a0<\/span><br style=\"color: #464646;\" \/><br style=\"color: #464646;\" \/><span style=\"color: #464646;\">Tamb\u00e9m como resultado dessas negocia\u00e7\u00f5es, foi acordado, em 2007, uma pol\u00edtica permanente de valoriza\u00e7\u00e3o do sal\u00e1rio m\u00ednimo at\u00e9 2023. Essa pol\u00edtica tem como crit\u00e9rios o repasse da infla\u00e7\u00e3o do per\u00edodo entre as corre\u00e7\u00f5es, o aumento real pela varia\u00e7\u00e3o do PIB, al\u00e9m da antecipa\u00e7\u00e3o da data-base de revis\u00e3o \u2013 a cada ano \u2013 at\u00e9 ser fixada em janeiro, o que aconteceu em 2010.<\/span><br style=\"color: #464646;\" \/><br style=\"color: #464646;\" \/><span style=\"color: #464646;\">Esta sistem\u00e1tica se mostrou eficiente na recupera\u00e7\u00e3o do valor do sal\u00e1rio m\u00ednimo e \u00e9 reconhecida como um dos fatores mais importantes no aumento da renda da popula\u00e7\u00e3o mais pobre.<\/span><br style=\"color: #464646;\" \/><br style=\"color: #464646;\" \/><b style=\"color: #464646;\">Rela\u00e7\u00e3o entre sal\u00e1rio m\u00ednimo e cesta b\u00e1sica\u00a0<\/b><br style=\"color: #464646;\" \/><br style=\"color: #464646;\" \/><span style=\"color: #464646;\">Com o valor do sal\u00e1rio m\u00ednimo em R$ 788,00 e a cesta b\u00e1sica de janeiro estimada em R$ 355, o sal\u00e1rio m\u00ednimo ter\u00e1 ent\u00e3o um poder de compra equivalente a 2,22 cestas b\u00e1sicas (cesta b\u00e1sica calculada pelo Dieese, conforme decreto n\u00ba 399\/1938, para indicar o valor do Sal\u00e1rio M\u00ednimo Necess\u00e1rio).\u00a0<\/span><br style=\"color: #464646;\" \/><br style=\"color: #464646;\" \/><span style=\"color: #464646;\">Na s\u00e9rie hist\u00f3rica da rela\u00e7\u00e3o entre as m\u00e9dias do sal\u00e1rio m\u00ednimo anual e da cesta b\u00e1sica anual verifica-se que a quantidade de 2,22 Cestas B\u00e1sicas \u00e9 a maior registrada nas m\u00e9dias anuais desde 1979.<\/span><br style=\"color: #464646;\" \/><br style=\"color: #464646;\" \/><br style=\"color: #464646;\" \/><span style=\"color: #464646;\">Fonte: Contraf-CUT com Dieese<\/span><\/p>\n<\/div>\n<\/div>\n","protected":false},"excerpt":{"rendered":"<p>O Dieese divulgou nesta quarta-feira (7) uma nota t\u00e9cnica sobre a pol\u00edtica de valoriza\u00e7\u00e3o do sal\u00e1rio m\u00ednimo, cujo valor passou a ser R$ 788 a partir de 1\u00ba de janeiro de 2015, conforme decreto da presidenta Dilma Rousseff, publicado no Di\u00e1rio Oficial da Uni\u00e3o em 30 de dezembro de 2014.\u00a0Com gr\u00e1ficos, tabelas e considera\u00e7\u00f5es, o [&hellip;]<\/p>\n","protected":false},"author":1,"featured_media":0,"comment_status":"","ping_status":"","sticky":false,"template":"","format":"standard","meta":{"footnotes":""},"categories":[3],"tags":[],"class_list":["post-572","post","type-post","status-publish","format-standard","hentry","category-noticias"],"_links":{"self":[{"href":"https:\/\/hostnetart.com.br\/baixada\/wp-json\/wp\/v2\/posts\/572","targetHints":{"allow":["GET"]}}],"collection":[{"href":"https:\/\/hostnetart.com.br\/baixada\/wp-json\/wp\/v2\/posts"}],"about":[{"href":"https:\/\/hostnetart.com.br\/baixada\/wp-json\/wp\/v2\/types\/post"}],"author":[{"embeddable":true,"href":"https:\/\/hostnetart.com.br\/baixada\/wp-json\/wp\/v2\/users\/1"}],"replies":[{"embeddable":true,"href":"https:\/\/hostnetart.com.br\/baixada\/wp-json\/wp\/v2\/comments?post=572"}],"version-history":[{"count":0,"href":"https:\/\/hostnetart.com.br\/baixada\/wp-json\/wp\/v2\/posts\/572\/revisions"}],"wp:attachment":[{"href":"https:\/\/hostnetart.com.br\/baixada\/wp-json\/wp\/v2\/media?parent=572"}],"wp:term":[{"taxonomy":"category","embeddable":true,"href":"https:\/\/hostnetart.com.br\/baixada\/wp-json\/wp\/v2\/categories?post=572"},{"taxonomy":"post_tag","embeddable":true,"href":"https:\/\/hostnetart.com.br\/baixada\/wp-json\/wp\/v2\/tags?post=572"}],"curies":[{"name":"wp","href":"https:\/\/api.w.org\/{rel}","templated":true}]}}