{"id":5719,"date":"2018-12-10T14:44:46","date_gmt":"2018-12-10T16:44:46","guid":{"rendered":"https:\/\/hostnetart.com.br\/baixada\/forum-da-uni-americas-juventude-discute-sindicalizacao\/"},"modified":"2018-12-10T14:44:46","modified_gmt":"2018-12-10T16:44:46","slug":"forum-da-uni-americas-juventude-discute-sindicalizacao","status":"publish","type":"post","link":"https:\/\/hostnetart.com.br\/baixada\/forum-da-uni-americas-juventude-discute-sindicalizacao\/","title":{"rendered":"F\u00f3rum da UNI Am\u00e9ricas Juventude discute sindicaliza\u00e7\u00e3o"},"content":{"rendered":"<div class=\"content\">\n<p>A discuss\u00e3o e o desenvolvimento de m\u00e9todos de sindicaliza\u00e7\u00e3o e de di\u00e1logo com os trabalhadores foram alguns dos assuntos discutidos na segunda edi\u00e7\u00e3o do F\u00f3rum de Sindicaliza\u00e7\u00e3o da UNI Am\u00e9ricas Juventude, bra\u00e7o da UNI Global Union. O evento ocorreu entre os dias 5 e 7 de dezembro, em S\u00e3o Paulo, e reuniu 40 representantes de pa\u00edses do continente, entre eles Brasil, Argentina, Uruguai, Nicar\u00e1gua, Rep\u00fablica Dominicana e Chile.<\/p>\n<p>A UNI Global Union \u00e9 um sindicato global que representa mais de 20 milh\u00f5es de trabalhadores de 900 sindicatos do setor de servi\u00e7os em pa\u00edses de todos os continentes.<\/p>\n<p>O evento contou com a participa\u00e7\u00e3o das dirigentes sindicais Lucimara Malaquias, vice-presidenta da UNI Am\u00e9ricas Juventude, diretora do Sindicato dos Banc\u00e1rios de S\u00e3o Paulo e banc\u00e1ria do Santander; Fernanda Lopes, secret\u00e1ria nacional de Juventude da Contraf-CUT e banc\u00e1ria do BB, Karen Souza, do coletivo Juventude do Seeb\/S\u00e3o Paulo e banc\u00e1ria do Bradesco; Fernando Pereira Arantes, do Sindicato dos Banc\u00e1rios de Belo Horizonte e Regi\u00e3o; e Daniele Caroline Miyachiro, do Sindicato dos Banc\u00e1rios de Campinas e Regi\u00e3o.<\/p>\n<p>\u201cNesses f\u00f3runs sempre procuramos encontrar os melhores m\u00e9todos e as possibilidades de adapt\u00e1-los em diferentes realidades, sempre respeitando as especificidades da categoria e as culturas locais de cada pa\u00eds\u201d, ressaltou Lucimara Malaquias.<\/p>\n<p>&#8220;A troca de experi\u00eancias entre diversos pa\u00edses e ramos de atividade \u00e9 enriquecedora. Na categoria banc\u00e1ria, temos alto \u00edndice de sindicaliza\u00e7\u00e3o. E uma categoria unificada \u00e9 muito mais forte. Aqui no Brasil, a juventude vem sendo diretamente impactada pela reforma trabalhista, terceiriza\u00e7\u00e3o e outros retrocessos e precisa estar organizada para lutar contra toda forma de precariza\u00e7\u00e3o do trabalho&#8221;, acrescentou Fernanda Lopes.<\/p>\n<p>\u201cAs estrat\u00e9gias que constru\u00edmos nestes tr\u00eas dias de muito estudo foram enriquecedoras para todos, em suas diferentes realidades e dificuldades. Vemos o avan\u00e7o dos governos de direita na Am\u00e9rica, e os trabalhadores precisam estar unidos fortalecendo suas entidades para juntos lutarmos por nossos direitos\u201d, finalizou Karen Souza, que participou pela primeira vez de um f\u00f3rum internacional com jovens sindicalistas de diversos pa\u00edses.<\/p>\n<\/div>\n<p id=\"page-author\"><strong>Fonte: SPBanc\u00e1rios<\/strong><\/p>\n","protected":false},"excerpt":{"rendered":"<p>A discuss\u00e3o e o desenvolvimento de m\u00e9todos de sindicaliza\u00e7\u00e3o e de di\u00e1logo com os trabalhadores foram alguns dos assuntos discutidos na segunda edi\u00e7\u00e3o do F\u00f3rum de Sindicaliza\u00e7\u00e3o da UNI Am\u00e9ricas Juventude, bra\u00e7o da UNI Global Union. O evento ocorreu entre os dias 5 e 7 de dezembro, em S\u00e3o Paulo, e reuniu 40 representantes de [&hellip;]<\/p>\n","protected":false},"author":2,"featured_media":5718,"comment_status":"","ping_status":"","sticky":false,"template":"","format":"standard","meta":{"footnotes":""},"categories":[3],"tags":[],"class_list":["post-5719","post","type-post","status-publish","format-standard","has-post-thumbnail","hentry","category-noticias"],"_links":{"self":[{"href":"https:\/\/hostnetart.com.br\/baixada\/wp-json\/wp\/v2\/posts\/5719","targetHints":{"allow":["GET"]}}],"collection":[{"href":"https:\/\/hostnetart.com.br\/baixada\/wp-json\/wp\/v2\/posts"}],"about":[{"href":"https:\/\/hostnetart.com.br\/baixada\/wp-json\/wp\/v2\/types\/post"}],"author":[{"embeddable":true,"href":"https:\/\/hostnetart.com.br\/baixada\/wp-json\/wp\/v2\/users\/2"}],"replies":[{"embeddable":true,"href":"https:\/\/hostnetart.com.br\/baixada\/wp-json\/wp\/v2\/comments?post=5719"}],"version-history":[{"count":0,"href":"https:\/\/hostnetart.com.br\/baixada\/wp-json\/wp\/v2\/posts\/5719\/revisions"}],"wp:featuredmedia":[{"embeddable":true,"href":"https:\/\/hostnetart.com.br\/baixada\/wp-json\/wp\/v2\/media\/5718"}],"wp:attachment":[{"href":"https:\/\/hostnetart.com.br\/baixada\/wp-json\/wp\/v2\/media?parent=5719"}],"wp:term":[{"taxonomy":"category","embeddable":true,"href":"https:\/\/hostnetart.com.br\/baixada\/wp-json\/wp\/v2\/categories?post=5719"},{"taxonomy":"post_tag","embeddable":true,"href":"https:\/\/hostnetart.com.br\/baixada\/wp-json\/wp\/v2\/tags?post=5719"}],"curies":[{"name":"wp","href":"https:\/\/api.w.org\/{rel}","templated":true}]}}