{"id":5713,"date":"2018-12-07T15:43:28","date_gmt":"2018-12-07T17:43:28","guid":{"rendered":"https:\/\/hostnetart.com.br\/baixada\/itau-adia-resposta-sobre-reajuste-do-pcr\/"},"modified":"2018-12-07T15:43:28","modified_gmt":"2018-12-07T17:43:28","slug":"itau-adia-resposta-sobre-reajuste-do-pcr","status":"publish","type":"post","link":"https:\/\/hostnetart.com.br\/baixada\/itau-adia-resposta-sobre-reajuste-do-pcr\/","title":{"rendered":"Ita\u00fa adia resposta sobre reajuste do PCR"},"content":{"rendered":"<div class=\"content\">\n<p>Em reuni\u00e3o com a Comiss\u00e3o de Organiza\u00e7\u00e3o dos Empregados (COE), na tarde desta quinta-feira (6), em S\u00e3o Paulo, o banco Ita\u00fa n\u00e3o apresentou a resposta sobre as propostas sobre o reajuste do valor das bolsas de estudo e sobre o Programa Complementar de Resultados (PCR).<\/p>\n<p>O banco n\u00e3o deu uma nova data para a apresenta\u00e7\u00e3o da resposta, mas uma nova reuni\u00e3o deve ser agendada ainda para 2018.<\/p>\n<p>\u201cO banco ainda est\u00e1 estudando a proposta. Esperamos que na pr\u00f3xima reuni\u00e3o isso seja resolvido e, quando for pago, o PCR a o valor venha com o valor calculado da forma como pedimos\u201d, disse o diretor da Confedera\u00e7\u00e3o Nacional dos Trabalhadores do Ramo Financeiro (Contraf-CUT) e coordenador da COE do Ita\u00fa, Jair Alves.<\/p>\n<p>\u201cNos nove primeiros meses de 2018 o Ita\u00fa obteve um lucro l\u00edquido de R$ 19,255 bilh\u00f5es. \u00c9 poss\u00edvel avan\u00e7ar na proposta e oferecer um pouco mais para seus funcion\u00e1rios\u201d, ressaltou o secret\u00e1rio de Assuntos Jur\u00eddicos da Contraf-CUT e membro da COE do Ita\u00fa, Mauri Sergio Martins de Souza.<\/p>\n<p><strong>Bolsas de estudos<\/strong><br \/> Com rela\u00e7\u00e3o \u00e0s bolsas de estudos, os trabalhadores reivindicam o reajuste do valor, que atualmente vai at\u00e9 R$ 390,00, e tamb\u00e9m o aumento do n\u00famero de bolsas concedidas. Hoje o banco concede 5.500 bolsas. \u201cA demanda por bolsas de estudo \u00e9 muito maior. Para 2018, houveram 8.742 inscri\u00e7\u00f5es. Toda empresa tem interesse que seus funcion\u00e1rios busquem forma\u00e7\u00e3o para poderem atender seus clientes. A bolsa de estudo \u00e9 um incentivo para que isso aconte\u00e7a\u201d, reivindicou o secret\u00e1rio de Assuntos Jur\u00eddico da Contraf-CUT.<\/p>\n<p><strong><em>Turnover<\/em><\/strong><br \/> O banco tamb\u00e9m apresentou os dados sobre o n\u00famero de demiss\u00f5es e de contrata\u00e7\u00f5es de funcion\u00e1rios (<em>turnover<\/em>) em 2018. A taxa de <em>tounover<\/em> ficou em aproximadamente 10%. \u201cNo saldo o banco contratou mais do que demitiu neste ano, mas os novos funcion\u00e1rios entram ganhando muito menos do que os demitidos. O banco reduz o ganho dos funcion\u00e1rios e aumenta seu lucro. Os funcion\u00e1rios se sentem desvalorizados e ficam inseguros. Isso n\u00e3o contribui em nada com o clima no ambiente de trabalho\u201d, criticou Mauri.<\/p>\n<p><strong><ins>L<\/ins>eia tamb\u00e9m:<\/strong><br \/> \u00a0\u00a0\u00a0\u00a0 <strong>&gt;<\/strong><em> <ins><a href=\"http:\/\/www.contrafcut.org.br\/noticias\/coe-do-itau-cobra-resposta-sobre-pcr-af35\/\" target=\"_blank\" rel=\"noopener noreferrer\">COE do Ita\u00fa cobra resposta sobre PCR<\/a><\/ins><\/em><br \/> \u00a0\u00a0\u00a0\u00a0 <strong>&gt;<\/strong><em> <ins><a href=\"http:\/\/www.contrafcut.org.br\/noticias\/itau-ja-esta-com-proposta-de-renovacao-do-pcr-f38f\" target=\"_blank\" rel=\"noopener noreferrer\">Ita\u00fa j\u00e1 est\u00e1 com proposta de renova\u00e7\u00e3o do PCR<\/a><\/ins><\/em><br \/> \u00a0\u00a0\u00a0\u00a0 <strong>&gt;<\/strong><em> <ins><a href=\"http:\/\/www.contrafcut.org.br\/noticias\/lucro-do-itau-chega-a-r-19-255-bi-nos-nove-meses-de-2018-7f22\/\" target=\"_blank\" rel=\"noopener noreferrer\">Lucro do Ita\u00fa chega a R$19,255 bi nos nove meses de 2018<\/a><\/ins><\/em><br \/> \u00a0\u00a0\u00a0\u00a0 <strong>&gt;<\/strong><em> <ins><a href=\"http:\/\/www.contrafcut.org.br\/noticias\/coe-do-itau-orienta-visita-as-bases-para-tratar-do-sqv-b1fa\" target=\"_blank\" rel=\"noopener noreferrer\">Contraf-CUT cobra mudan\u00e7as no SQV do Ita\u00fa<\/a><\/ins><\/em><br \/> \u00a0\u00a0\u00a0\u00a0 <strong>&gt;<\/strong><em> <ins><a href=\"http:\/\/www.contrafcut.org.br\/noticias\/bancarios-do-itau-fecham-pauta-especifica-de-reivindicacoes-0645\" target=\"_blank\" rel=\"noopener noreferrer\">Banc\u00e1rios do Ita\u00fa fecham pauta espec\u00edfica de reivindica\u00e7\u00f5es<\/a><\/ins><\/em><\/p>\n<\/div>\n<p id=\"page-author\"><strong>Fonte: Contraf-CUT<\/strong><\/p>\n","protected":false},"excerpt":{"rendered":"<p>Em reuni\u00e3o com a Comiss\u00e3o de Organiza\u00e7\u00e3o dos Empregados (COE), na tarde desta quinta-feira (6), em S\u00e3o Paulo, o banco Ita\u00fa n\u00e3o apresentou a resposta sobre as propostas sobre o reajuste do valor das bolsas de estudo e sobre o Programa Complementar de Resultados (PCR). O banco n\u00e3o deu uma nova data para a apresenta\u00e7\u00e3o [&hellip;]<\/p>\n","protected":false},"author":2,"featured_media":5712,"comment_status":"","ping_status":"","sticky":false,"template":"","format":"standard","meta":{"footnotes":""},"categories":[3],"tags":[],"class_list":["post-5713","post","type-post","status-publish","format-standard","has-post-thumbnail","hentry","category-noticias"],"_links":{"self":[{"href":"https:\/\/hostnetart.com.br\/baixada\/wp-json\/wp\/v2\/posts\/5713","targetHints":{"allow":["GET"]}}],"collection":[{"href":"https:\/\/hostnetart.com.br\/baixada\/wp-json\/wp\/v2\/posts"}],"about":[{"href":"https:\/\/hostnetart.com.br\/baixada\/wp-json\/wp\/v2\/types\/post"}],"author":[{"embeddable":true,"href":"https:\/\/hostnetart.com.br\/baixada\/wp-json\/wp\/v2\/users\/2"}],"replies":[{"embeddable":true,"href":"https:\/\/hostnetart.com.br\/baixada\/wp-json\/wp\/v2\/comments?post=5713"}],"version-history":[{"count":0,"href":"https:\/\/hostnetart.com.br\/baixada\/wp-json\/wp\/v2\/posts\/5713\/revisions"}],"wp:featuredmedia":[{"embeddable":true,"href":"https:\/\/hostnetart.com.br\/baixada\/wp-json\/wp\/v2\/media\/5712"}],"wp:attachment":[{"href":"https:\/\/hostnetart.com.br\/baixada\/wp-json\/wp\/v2\/media?parent=5713"}],"wp:term":[{"taxonomy":"category","embeddable":true,"href":"https:\/\/hostnetart.com.br\/baixada\/wp-json\/wp\/v2\/categories?post=5713"},{"taxonomy":"post_tag","embeddable":true,"href":"https:\/\/hostnetart.com.br\/baixada\/wp-json\/wp\/v2\/tags?post=5713"}],"curies":[{"name":"wp","href":"https:\/\/api.w.org\/{rel}","templated":true}]}}