{"id":5711,"date":"2018-12-06T21:00:34","date_gmt":"2018-12-06T23:00:34","guid":{"rendered":"https:\/\/hostnetart.com.br\/baixada\/bancarios-realizam-dia-nacional-em-defesa-dos-bancos-publicos\/"},"modified":"2018-12-06T21:00:34","modified_gmt":"2018-12-06T23:00:34","slug":"bancarios-realizam-dia-nacional-em-defesa-dos-bancos-publicos","status":"publish","type":"post","link":"https:\/\/hostnetart.com.br\/baixada\/bancarios-realizam-dia-nacional-em-defesa-dos-bancos-publicos\/","title":{"rendered":"Banc\u00e1rios realizam Dia Nacional em Defesa dos Bancos P\u00fablicos"},"content":{"rendered":"<div class=\"content\">\n<p>Os banc\u00e1rios de todo o Pa\u00eds participaram, nesta quinta-feira (6), do Dia Nacional em Defesa dos Bancos P\u00fablicos. As manifesta\u00e7\u00f5es foram idealizadas pelo Comando Nacional dos Banc\u00e1rios, como forma de protestos contra as amea\u00e7as proferidas por representantes das dire\u00e7\u00f5es dos bancos e membros de governos, que t\u00eam a inten\u00e7\u00e3o de fragilizar as empresas e vender seus ativos.<\/p>\n<p>Clique <a href=\"http:\/\/www.contrafcut.org.br\/fotos\/dia-nacional-em-defesa-dos-bancos-publicos-af19\">aqui<\/a> e veja a galeria de fotos do dia.<\/p>\n<p>\u201cAo contr\u00e1rio do que querem que a sociedade acredite, os bancos p\u00fablicos n\u00e3o s\u00e3o um peso para o governo. S\u00e3o lucrativos e extremamente importantes para a sociedade. N\u00e3o apenas a popula\u00e7\u00e3o mais pobre, que necessita das pol\u00edticas sociais do governo, mas a agricultura, as pequenas e m\u00e9dias empresas, que dependem do fomento para o desenvolvimento, s\u00e3o prejudicadas com a pol\u00edtica de fragiliza\u00e7\u00e3o dos bancos p\u00fablicos\u201d, explicou a presidenta da Confedera\u00e7\u00e3o Nacional dos Trabalhadores do Ramo Financeiro (Contraf-CUT), Juvandia Moreira, que tamb\u00e9m \u00e9 coordenadora do Comando Nacional dos Banc\u00e1rios.<\/p>\n<p>Para Juvandia, programas governamentais importantes, como o \u2018Bolsa Fam\u00edlia\u2019, o \u2018Minha Casa, Minha Vida\u2019, o Fies, o ProUni, a concess\u00e3o de cr\u00e9dito para a agricultura, correm o risco de deixar de existir e prejudicar de toda a sociedade se esta pol\u00edtica continuar.<\/p>\n<p>\u201cNo governo Temer, o Tesouro Nacional deixou de fazer aportes financeiros para a Caixa e exigiu que o BNDES antecipasse o pagamento de d\u00edvidas que seriam pagas em 60 anos. Agora, querem transferir para institui\u00e7\u00f5es privadas os recursos do FGTS e do FAT (Fundo de Amparo ao Trabalhador), a gest\u00e3o de fundos de investimentos, as carteiras de seguros e de cart\u00f5es de cr\u00e9dito e as loterias. Isso enfraquece os bancos p\u00fablicos e desmonta sua capacidade de executar pol\u00edticas p\u00fablicas importantes, como o financiamento da casa pr\u00f3pria. S\u00e3o \u00e1reas estrat\u00e9gicas que possibilitam que os bancos p\u00fablicos cumpram verdadeiramente seu papel social\u201d, completou a presidenta da Contraf-CUT.<\/p>\n<p>Os bancos p\u00fablicos s\u00e3o os respons\u00e1veis pelo atendimento na maior parcela de munic\u00edpios no pa\u00eds, sobretudo aqueles comumente considerados menos rent\u00e1veis. T\u00eam forte presen\u00e7a nas regi\u00f5es Norte e Nordeste do Brasil, mais carentes em termos de atendimento banc\u00e1rio. Na regi\u00e3o Norte, 63,3% do total de ag\u00eancias s\u00e3o de bancos p\u00fablicos e na Regi\u00e3o Nordeste, 59,3%.<\/p>\n<\/div>\n<p id=\"page-author\"><strong>Fonte: Contraf-CUT<\/strong><\/p>\n","protected":false},"excerpt":{"rendered":"<p>Os banc\u00e1rios de todo o Pa\u00eds participaram, nesta quinta-feira (6), do Dia Nacional em Defesa dos Bancos P\u00fablicos. As manifesta\u00e7\u00f5es foram idealizadas pelo Comando Nacional dos Banc\u00e1rios, como forma de protestos contra as amea\u00e7as proferidas por representantes das dire\u00e7\u00f5es dos bancos e membros de governos, que t\u00eam a inten\u00e7\u00e3o de fragilizar as empresas e vender [&hellip;]<\/p>\n","protected":false},"author":2,"featured_media":5710,"comment_status":"","ping_status":"","sticky":false,"template":"","format":"standard","meta":{"footnotes":""},"categories":[3],"tags":[],"class_list":["post-5711","post","type-post","status-publish","format-standard","has-post-thumbnail","hentry","category-noticias"],"_links":{"self":[{"href":"https:\/\/hostnetart.com.br\/baixada\/wp-json\/wp\/v2\/posts\/5711","targetHints":{"allow":["GET"]}}],"collection":[{"href":"https:\/\/hostnetart.com.br\/baixada\/wp-json\/wp\/v2\/posts"}],"about":[{"href":"https:\/\/hostnetart.com.br\/baixada\/wp-json\/wp\/v2\/types\/post"}],"author":[{"embeddable":true,"href":"https:\/\/hostnetart.com.br\/baixada\/wp-json\/wp\/v2\/users\/2"}],"replies":[{"embeddable":true,"href":"https:\/\/hostnetart.com.br\/baixada\/wp-json\/wp\/v2\/comments?post=5711"}],"version-history":[{"count":0,"href":"https:\/\/hostnetart.com.br\/baixada\/wp-json\/wp\/v2\/posts\/5711\/revisions"}],"wp:featuredmedia":[{"embeddable":true,"href":"https:\/\/hostnetart.com.br\/baixada\/wp-json\/wp\/v2\/media\/5710"}],"wp:attachment":[{"href":"https:\/\/hostnetart.com.br\/baixada\/wp-json\/wp\/v2\/media?parent=5711"}],"wp:term":[{"taxonomy":"category","embeddable":true,"href":"https:\/\/hostnetart.com.br\/baixada\/wp-json\/wp\/v2\/categories?post=5711"},{"taxonomy":"post_tag","embeddable":true,"href":"https:\/\/hostnetart.com.br\/baixada\/wp-json\/wp\/v2\/tags?post=5711"}],"curies":[{"name":"wp","href":"https:\/\/api.w.org\/{rel}","templated":true}]}}