{"id":5709,"date":"2018-12-06T20:57:59","date_gmt":"2018-12-06T22:57:59","guid":{"rendered":"https:\/\/hostnetart.com.br\/baixada\/delegacao-da-cut-junto-com-sindicalistas-de-163-paises-faz-ato-de-apoio-a-trabalhadores-refugiados-de-todo-o-mundo\/"},"modified":"2018-12-06T20:57:59","modified_gmt":"2018-12-06T22:57:59","slug":"delegacao-da-cut-junto-com-sindicalistas-de-163-paises-faz-ato-de-apoio-a-trabalhadores-refugiados-de-todo-o-mundo","status":"publish","type":"post","link":"https:\/\/hostnetart.com.br\/baixada\/delegacao-da-cut-junto-com-sindicalistas-de-163-paises-faz-ato-de-apoio-a-trabalhadores-refugiados-de-todo-o-mundo\/","title":{"rendered":"Delega\u00e7\u00e3o da CUT, junto com sindicalistas de 163 pa\u00edses, faz ato de apoio a trabalhadores refugiados de todo o mundo"},"content":{"rendered":"<div class=\"content\">\n<p>Em uma manifesta\u00e7\u00e3o durante visita a Malm\u00f6, na Su\u00e9cia, dirigentes sindicais de todo o mundo demonstraram seu apoio \u00e0 igualdade de tratamento de refugiados e migrantes, estimados em mais de 68 milh\u00f5es, para que as pessoas n\u00e3o sejam exploradas<\/p>\n<p>Durante a manifesta\u00e7\u00e3o, os sindicatos reafirmaram o seu rep\u00fadio ao racismo e a xenofobia e reafirmaram que representam migrantes e refugiados. \u201cDefendemos prote\u00e7\u00e3o social universal, sal\u00e1rios m\u00ednimos e negocia\u00e7\u00e3o coletiva como ferramentas de prosperidade e inclus\u00e3o compartilhadas. A solidariedade est\u00e1 no cora\u00e7\u00e3o do movimento sindical. Estamos unidos contra as for\u00e7as que levam as pessoas a fugir de suas casas. A marginaliza\u00e7\u00e3o adicional dos mais vulner\u00e1veis do mundo n\u00e3o pode ser a resposta. Os refugiados s\u00e3o bem-vindos em nossos locais de trabalho e em nossas comunidades, e exigimos a garantia de tratamento igual, incluindo prote\u00e7\u00e3o integral e direitos sob a lei trabalhista \u201d, disse Sharan Burrow, Secret\u00e1ria Geral da Confedera\u00e7\u00e3o Sindical Internacional CSI.<\/p>\n<p>Para vivenciar uma experi\u00eancia de conviv\u00eancia, toler\u00e2ncia e integra\u00e7\u00e3o da diversidade multirracial, os delegados do 4\u00ba Congresso Mundial da Confedera\u00e7\u00e3o Sindical Internacional CSI foram convidados pelos sindicatos suecos a atravessar a ponte \u00d8resund, que liga Copenhague, capital da Dinamarca, \u00e0 Malm\u00f6, cidade multicultural costeira da Su\u00e9cia.<\/p>\n<p>A cidade conta com pessoas de 182 nacionalidades entre seus 330.000 habitantes. \u201cO que quer que aconte\u00e7a ao redor do mundo, isso sempre nos afeta. Estamos trabalhando duro para conscientizar a todos sobre o contr\u00e1rio: tudo o que fazemos localmente afeta o mundo \u201d, explica a jovem prefeita Katrin Stjenrfeldt.<\/p>\n<p>Uma demonstra\u00e7\u00e3o viva da multiplicidade de culturas foi a apresenta\u00e7\u00e3o de um bloco de samba sueco formado por moradores da cidade. Suecos e moradores brasileiros da cidade organizaram o bloco e fazem interven\u00e7\u00f5es culturais. Grupos de outras etnias tamb\u00e9m se apresentaram no ato dos sindicalistas.<\/p>\n<p>A cidade desempenhou um papel central nos esfor\u00e7os da Su\u00e9cia para fornecer ref\u00fagio aos mais necessitados durante a crise de refugiados. \u201cEsta cidade \u00e9 um s\u00edmbolo de unidade na diversidade. 40 por cento das pessoas aqui nasceram fora da Su\u00e9cia, ou seus pais nasceram fora da Su\u00e9cia \u201d, disse Sharan Burrow, Secret\u00e1ria Geral da CSI.<\/p>\n<p>\u201cNos anos 80 e 90, grande parte da ind\u00fastria da cidade partiu para outros pa\u00edses. O estaleiro, um dos maiores do mundo, fechou e o desemprego disparou. Depois de v\u00e1rias pol\u00edticas justas de transi\u00e7\u00e3o, nas quais os sindicatos trabalharam de perto com o governo local, o emprego come\u00e7ou a crescer novamente. Hoje \u00e9 uma cidade vibrante que proporcionou um novo lar para pessoas de todo o mundo \u201d, disse Karl-Petter Thorwaldsson, Presidente da LO Sweden &#8211; Confedera\u00e7\u00e3o Nacional de Sindicatos da Su\u00e9cia \u2013 Landsorganisationen<\/p>\n<p>\u201cA cidade tinha estaleiros, que fecharam e uma ind\u00fastria que saiu do pa\u00eds. O desemprego foi brutal e muitos trabalhadores tamb\u00e9m deixaram o pa\u00eds. Os sindicatos organizaram uma resist\u00eancia propositiva junto a um governo que queria retomar o desenvolvimento sem massacrar os direitos trabalhistas. Mesmo diante de uma conjuntura de poucos empregos, abandonaram o caminho f\u00e1cil do \u201cfarinha pouca, meu pir\u00e3o primeiro\u201d e passaram a estimular a vinda de pessoas migrantes e refugiadas para ter m\u00e3o de obra. O capital foi atra\u00eddo e retomou o crescimento\u201d, disse Roberto von der Osten, Secret\u00e1rio de Rela\u00e7\u00f5es Internacionais da Contraf-CUT, representante da Confedera\u00e7\u00e3o na delega\u00e7\u00e3o da CUT.<\/p>\n<p>\u201cA Su\u00e9cia costumava ter altos n\u00edveis de pobreza e desigualdade. Fortemente representativos e com mais de 70% de sindicaliza\u00e7\u00e3o no pa\u00eds, os sindicatos foram e continuam sendo fundamentais para a constru\u00e7\u00e3o de um forte sistema de bem-estar social, que tornou a Su\u00e9cia uma das sociedades mais igualit\u00e1rias e pr\u00f3speras do mundo \u201d, disse G\u00f6ran Arrius, presidente da SACO &#8211; Organiza\u00e7\u00e3o Central da Academia Sueca, uma organiza\u00e7\u00e3o de 23 sindicatos e que representa mais de 700 mil profissionais independentes acad\u00eamicos.<\/p>\n<p>\u201cOlhando ao redor da sala e ao redor do mundo, estou muito otimista. Tanta energia para mudar as coisas para melhor. Juntos, somos muito mais fortes \u2013 disse a prefeita de Stjenrfeldt, pouco antes de a sala parar, quando um banner de \u201cBem-vindo aos refugiados\u201d foi aberto.<\/p>\n<p>A visita a Malm\u00f6 foi organizada no contexto do 4\u00ba Congresso Mundial da CSI, que decorre de 2 a 7 de dezembro em Copenhagen, Dinamarca.<\/p>\n<\/div>\n<p id=\"page-author\"><strong>Fonte: Contraf-CUT<\/strong><\/p>\n","protected":false},"excerpt":{"rendered":"<p>Em uma manifesta\u00e7\u00e3o durante visita a Malm\u00f6, na Su\u00e9cia, dirigentes sindicais de todo o mundo demonstraram seu apoio \u00e0 igualdade de tratamento de refugiados e migrantes, estimados em mais de 68 milh\u00f5es, para que as pessoas n\u00e3o sejam exploradas Durante a manifesta\u00e7\u00e3o, os sindicatos reafirmaram o seu rep\u00fadio ao racismo e a xenofobia e reafirmaram [&hellip;]<\/p>\n","protected":false},"author":2,"featured_media":5708,"comment_status":"","ping_status":"","sticky":false,"template":"","format":"standard","meta":{"footnotes":""},"categories":[3],"tags":[],"class_list":["post-5709","post","type-post","status-publish","format-standard","has-post-thumbnail","hentry","category-noticias"],"_links":{"self":[{"href":"https:\/\/hostnetart.com.br\/baixada\/wp-json\/wp\/v2\/posts\/5709","targetHints":{"allow":["GET"]}}],"collection":[{"href":"https:\/\/hostnetart.com.br\/baixada\/wp-json\/wp\/v2\/posts"}],"about":[{"href":"https:\/\/hostnetart.com.br\/baixada\/wp-json\/wp\/v2\/types\/post"}],"author":[{"embeddable":true,"href":"https:\/\/hostnetart.com.br\/baixada\/wp-json\/wp\/v2\/users\/2"}],"replies":[{"embeddable":true,"href":"https:\/\/hostnetart.com.br\/baixada\/wp-json\/wp\/v2\/comments?post=5709"}],"version-history":[{"count":0,"href":"https:\/\/hostnetart.com.br\/baixada\/wp-json\/wp\/v2\/posts\/5709\/revisions"}],"wp:featuredmedia":[{"embeddable":true,"href":"https:\/\/hostnetart.com.br\/baixada\/wp-json\/wp\/v2\/media\/5708"}],"wp:attachment":[{"href":"https:\/\/hostnetart.com.br\/baixada\/wp-json\/wp\/v2\/media?parent=5709"}],"wp:term":[{"taxonomy":"category","embeddable":true,"href":"https:\/\/hostnetart.com.br\/baixada\/wp-json\/wp\/v2\/categories?post=5709"},{"taxonomy":"post_tag","embeddable":true,"href":"https:\/\/hostnetart.com.br\/baixada\/wp-json\/wp\/v2\/tags?post=5709"}],"curies":[{"name":"wp","href":"https:\/\/api.w.org\/{rel}","templated":true}]}}