{"id":5707,"date":"2018-12-06T13:30:18","date_gmt":"2018-12-06T15:30:18","guid":{"rendered":"https:\/\/hostnetart.com.br\/baixada\/violencia-contra-a-mulher-no-mercado-de-trabalho-e-tema-de-cartilha-do-mpt\/"},"modified":"2018-12-06T13:30:18","modified_gmt":"2018-12-06T15:30:18","slug":"violencia-contra-a-mulher-no-mercado-de-trabalho-e-tema-de-cartilha-do-mpt","status":"publish","type":"post","link":"https:\/\/hostnetart.com.br\/baixada\/violencia-contra-a-mulher-no-mercado-de-trabalho-e-tema-de-cartilha-do-mpt\/","title":{"rendered":"Viol\u00eancia contra a mulher no mercado de trabalho \u00e9 tema de cartilha do MPT"},"content":{"rendered":"<p class=\" \">Como parte da <a class=\"internal-link\" title=\"\" href=\"https:\/\/www.redebrasilatual.com.br\/cidadania\/2018\/11\/sindicato-dos-bancarios-adere-campanha-para-combater-violencia-contra-mulher\" target=\"_blank\" rel=\"noopener noreferrer\">campanha mundial<\/a>\u00a0da Organiza\u00e7\u00e3o das Na\u00e7\u00f5es Unidas (ONU) &#8220;16 dias de ativismo pelo fim da viol\u00eancia contra a mulher&#8221;, o\u00a0Minist\u00e9rio P\u00fablico do Trabalho (MPT) lan\u00e7ou nesta quarta-feira (5) a cartilha <a class=\"external-link\" title=\"\" href=\"http:\/\/www.justicadesaia.com.br\/wp-content\/uploads\/2018\/12\/cartilha_violenciagenero-11.pdf\" target=\"_blank\" rel=\"noopener noreferrer\">&#8220;O ABC da viol\u00eancia contra a mulher no trabalho<\/a><a class=\"external-link\" title=\"\" href=\"http:\/\/www.justicadesaia.com.br\/wp-content\/uploads\/2018\/12\/cartilha_violenciagenero-11.pdf\" target=\"_blank\" rel=\"noopener noreferrer\">&#8220;<\/a>.\u00a0O guia traz temas como o ass\u00e9dio moral e sexual nas empresas, divis\u00e3o sexual no trabalho e a cultura do estupro, com o objetivo de estabelecer <a class=\"internal-link\" title=\"\" href=\"https:\/\/www.redebrasilatual.com.br\/cidadania\/2018\/11\/faculdade-de-direito-da-usp-cria-ouvidoria-para-denuncias-de-crimes-de-genero\" target=\"_blank\" rel=\"noopener noreferrer\">canais de den\u00fancias <\/a>e levantar a discuss\u00e3o sobre a igualdade de g\u00eanero no ambiente laboral.<\/p>\n<p class=\" \">S\u00f3 no \u00faltimo ano, o MPT recebeu mais de 300 <a class=\"internal-link\" title=\"\" href=\"https:\/\/www.redebrasilatual.com.br\/cidadania\/2018\/11\/brasil-concentrou-40-dos-feminicidios-da-america-latina-em-2017\" target=\"_blank\" rel=\"noopener noreferrer\">den\u00fancias<\/a> de <a class=\"internal-link\" title=\"\" href=\"https:\/\/www.redebrasilatual.com.br\/cidadania\/2018\/11\/constrangida-cantora-claudia-leite-denuncia-assedio-de-silvio-santos\" target=\"_blank\" rel=\"noopener noreferrer\">ass\u00e9dio sexual<\/a> contra a mulher no trabalho e, de acordo com especialistas, o n\u00famero de casos de viol\u00eancia por discrimina\u00e7\u00e3o de g\u00eanero s\u00f3 n\u00e3o \u00e9 maior por vergonha e medo das v\u00edtimas.<\/p>\n<p class=\" \">&#8220;Muitas vezes (o ass\u00e9dio) ocorre por achar que, a colega do trabalho ou a sua empregada, ela pode inclusive ser um objeto sexual, de discrimina\u00e7\u00e3o, licita\u00e7\u00e3o e humilha\u00e7\u00e3o. E essa mulher intimidada com a situa\u00e7\u00e3o acaba se calando, silenciando e n\u00e3o denunciando a pr\u00e1tica muitas vezes at\u00e9 para evitar a perda do emprego&#8221;, afirma a procuradora do Trabalho Sofia Vilela Moraes e Silva ao rep\u00f3rter Leandro Chaves, do <i>Seu Jornal<\/i>, da <b>TVT<\/b>.<\/p>\n<p class=\" \">A procuradora regional do Trabalho Adriane Reis Ara\u00fajo ressalta ainda a <a class=\"internal-link\" title=\"\" href=\"https:\/\/www.redebrasilatual.com.br\/politica\/2018\/11\/prefeitas-brasileiras-enfrentam-desigualdade-de-genero\" target=\"_blank\" rel=\"noopener noreferrer\">desigualdade<\/a> salarial entre mulheres e homens que, segundo Adriane, t\u00eam a carreira mais interrompida, acabam perdendo a autoestima e muitas vezes n\u00e3o atuam na \u00e1rea de forma\u00e7\u00e3o, impactando negativamente na remunera\u00e7\u00e3o. &#8220;Esse \u00e9 um problema que n\u00e3o afeta apenas os direitos humanos, mas tamb\u00e9m toda a economia, porque h\u00e1 uma redu\u00e7\u00e3o do PIB (Produto Interno Bruto) com essa mulher recebendo menos&#8221;, adverte a procuradora.<\/p>\n<p class=\" \">\u00a0<\/p>\n<p class=\" \"><strong>Fonte: Rede Brasil Atual<\/strong><\/p>\n","protected":false},"excerpt":{"rendered":"<p>Como parte da campanha mundial\u00a0da Organiza\u00e7\u00e3o das Na\u00e7\u00f5es Unidas (ONU) &#8220;16 dias de ativismo pelo fim da viol\u00eancia contra a mulher&#8221;, o\u00a0Minist\u00e9rio P\u00fablico do Trabalho (MPT) lan\u00e7ou nesta quarta-feira (5) a cartilha &#8220;O ABC da viol\u00eancia contra a mulher no trabalho&#8220;.\u00a0O guia traz temas como o ass\u00e9dio moral e sexual nas empresas, divis\u00e3o sexual no [&hellip;]<\/p>\n","protected":false},"author":2,"featured_media":5706,"comment_status":"","ping_status":"","sticky":false,"template":"","format":"standard","meta":{"footnotes":""},"categories":[3],"tags":[],"class_list":["post-5707","post","type-post","status-publish","format-standard","has-post-thumbnail","hentry","category-noticias"],"_links":{"self":[{"href":"https:\/\/hostnetart.com.br\/baixada\/wp-json\/wp\/v2\/posts\/5707","targetHints":{"allow":["GET"]}}],"collection":[{"href":"https:\/\/hostnetart.com.br\/baixada\/wp-json\/wp\/v2\/posts"}],"about":[{"href":"https:\/\/hostnetart.com.br\/baixada\/wp-json\/wp\/v2\/types\/post"}],"author":[{"embeddable":true,"href":"https:\/\/hostnetart.com.br\/baixada\/wp-json\/wp\/v2\/users\/2"}],"replies":[{"embeddable":true,"href":"https:\/\/hostnetart.com.br\/baixada\/wp-json\/wp\/v2\/comments?post=5707"}],"version-history":[{"count":0,"href":"https:\/\/hostnetart.com.br\/baixada\/wp-json\/wp\/v2\/posts\/5707\/revisions"}],"wp:featuredmedia":[{"embeddable":true,"href":"https:\/\/hostnetart.com.br\/baixada\/wp-json\/wp\/v2\/media\/5706"}],"wp:attachment":[{"href":"https:\/\/hostnetart.com.br\/baixada\/wp-json\/wp\/v2\/media?parent=5707"}],"wp:term":[{"taxonomy":"category","embeddable":true,"href":"https:\/\/hostnetart.com.br\/baixada\/wp-json\/wp\/v2\/categories?post=5707"},{"taxonomy":"post_tag","embeddable":true,"href":"https:\/\/hostnetart.com.br\/baixada\/wp-json\/wp\/v2\/tags?post=5707"}],"curies":[{"name":"wp","href":"https:\/\/api.w.org\/{rel}","templated":true}]}}