{"id":5705,"date":"2018-12-06T13:29:11","date_gmt":"2018-12-06T15:29:11","guid":{"rendered":"https:\/\/hostnetart.com.br\/baixada\/coe-do-itau-se-reune-com-o-banco-nesta-quinta-6\/"},"modified":"2018-12-06T13:29:11","modified_gmt":"2018-12-06T15:29:11","slug":"coe-do-itau-se-reune-com-o-banco-nesta-quinta-6","status":"publish","type":"post","link":"https:\/\/hostnetart.com.br\/baixada\/coe-do-itau-se-reune-com-o-banco-nesta-quinta-6\/","title":{"rendered":"COE do Ita\u00fa se re\u00fane com o banco nesta quinta (6)"},"content":{"rendered":"<div class=\"content\">\n<p>A Comiss\u00e3o de Organiza\u00e7\u00e3o dos Empregados (COE) do Ita\u00fa se re\u00fane com o banco nesta quinta-feira (6), no Centro Empresarial Ita\u00fa Concei\u00e7\u00e3o (CEIC), em S\u00e3o Paulo para dar prosseguimento \u00e0 negocia\u00e7\u00e3o sobre o Programa Complementar de Resultados (PCR). <ins><strong><a href=\"http:\/\/www.contrafcut.org.br\/noticias\/coe-do-itau-cobra-resposta-sobre-pcr-af35\" target=\"_blank\" rel=\"noopener noreferrer\">Na \u00faltima reuni\u00e3o<\/a><\/strong><\/ins>, realizada no dia 29\/11, o banco ficou de dar uma resposta sobre a proposta, apresentada pelos trabalhadores, que reivindica que a PCR passe a distribuir 2% do lucro l\u00edquido do banco aos funcion\u00e1rios.<\/p>\n<p><strong>Bolsas de estudo<\/strong><br \/> Hoje o Ita\u00fa concede bolsa de at\u00e9 R$ 390,00 para 5.500 funcion\u00e1rios. O banco vai apresentar \u00e0 COE um mapeamento da utiliza\u00e7\u00e3o das bolsas no pa\u00eds e deve, tamb\u00e9m, trazer uma resposta sobre a reivindica\u00e7\u00e3o de reajuste do valor da bolsa de estudo.<\/p>\n<p>O banco tamb\u00e9m vai apresentar informa\u00e7\u00f5es sobre o <em>turnover<\/em> de funcion\u00e1rios.<\/p>\n<p><strong>Leia tamb\u00e9m:<\/strong><br \/> \u00a0\u00a0\u00a0\u00a0 <strong>&gt;<\/strong><em> <ins><a href=\"http:\/\/www.contrafcut.org.br\/noticias\/coe-do-itau-cobra-resposta-sobre-pcr-af35\/\" target=\"_blank\" rel=\"noopener noreferrer\">COE do Ita\u00fa cobra resposta sobre PCR<\/a><\/ins><\/em><br \/> \u00a0\u00a0\u00a0\u00a0 <strong>&gt;<\/strong> <em><ins><a href=\"http:\/\/www.contrafcut.org.br\/noticias\/itau-ja-esta-com-proposta-de-renovacao-do-pcr-f38f\" target=\"_blank\" rel=\"noopener noreferrer\">Ita\u00fa j\u00e1 est\u00e1 com proposta de renova\u00e7\u00e3o do PCR<\/a><\/ins><\/em><br \/> \u00a0\u00a0\u00a0\u00a0 <strong>&gt;<\/strong> <em><ins><a href=\"http:\/\/www.contrafcut.org.br\/noticias\/lucro-do-itau-chega-a-r-19-255-bi-nos-nove-meses-de-2018-7f22\/\" target=\"_blank\" rel=\"noopener noreferrer\">Lucro do Ita\u00fa chega a R$19,255 bi nos nove meses de 2018<\/a><\/ins><\/em><br \/> \u00a0\u00a0\u00a0\u00a0 <strong>&gt;<\/strong> <em><ins><a href=\"http:\/\/www.contrafcut.org.br\/noticias\/coe-do-itau-orienta-visita-as-bases-para-tratar-do-sqv-b1fa\" target=\"_blank\" rel=\"noopener noreferrer\">Contraf-CUT cobra mudan\u00e7as no SQV do Ita\u00fa<\/a><\/ins><\/em><br \/> \u00a0\u00a0\u00a0\u00a0 <strong>&gt;<\/strong> <em><ins><a href=\"http:\/\/www.contrafcut.org.br\/noticias\/bancarios-do-itau-fecham-pauta-especifica-de-reivindicacoes-0645\" target=\"_blank\" rel=\"noopener noreferrer\">Banc\u00e1rios do Ita\u00fa fecham pauta espec\u00edfica de reivindica\u00e7\u00f5es<\/a><\/ins><\/em><\/p>\n<\/div>\n<p id=\"page-author\"><span style=\"text-decoration: underline;\"><strong>Fonte: Contraf-CUT<\/strong><\/span><\/p>\n","protected":false},"excerpt":{"rendered":"<p>A Comiss\u00e3o de Organiza\u00e7\u00e3o dos Empregados (COE) do Ita\u00fa se re\u00fane com o banco nesta quinta-feira (6), no Centro Empresarial Ita\u00fa Concei\u00e7\u00e3o (CEIC), em S\u00e3o Paulo para dar prosseguimento \u00e0 negocia\u00e7\u00e3o sobre o Programa Complementar de Resultados (PCR). Na \u00faltima reuni\u00e3o, realizada no dia 29\/11, o banco ficou de dar uma resposta sobre a proposta, [&hellip;]<\/p>\n","protected":false},"author":2,"featured_media":5704,"comment_status":"","ping_status":"","sticky":false,"template":"","format":"standard","meta":{"footnotes":""},"categories":[3],"tags":[],"class_list":["post-5705","post","type-post","status-publish","format-standard","has-post-thumbnail","hentry","category-noticias"],"_links":{"self":[{"href":"https:\/\/hostnetart.com.br\/baixada\/wp-json\/wp\/v2\/posts\/5705","targetHints":{"allow":["GET"]}}],"collection":[{"href":"https:\/\/hostnetart.com.br\/baixada\/wp-json\/wp\/v2\/posts"}],"about":[{"href":"https:\/\/hostnetart.com.br\/baixada\/wp-json\/wp\/v2\/types\/post"}],"author":[{"embeddable":true,"href":"https:\/\/hostnetart.com.br\/baixada\/wp-json\/wp\/v2\/users\/2"}],"replies":[{"embeddable":true,"href":"https:\/\/hostnetart.com.br\/baixada\/wp-json\/wp\/v2\/comments?post=5705"}],"version-history":[{"count":0,"href":"https:\/\/hostnetart.com.br\/baixada\/wp-json\/wp\/v2\/posts\/5705\/revisions"}],"wp:featuredmedia":[{"embeddable":true,"href":"https:\/\/hostnetart.com.br\/baixada\/wp-json\/wp\/v2\/media\/5704"}],"wp:attachment":[{"href":"https:\/\/hostnetart.com.br\/baixada\/wp-json\/wp\/v2\/media?parent=5705"}],"wp:term":[{"taxonomy":"category","embeddable":true,"href":"https:\/\/hostnetart.com.br\/baixada\/wp-json\/wp\/v2\/categories?post=5705"},{"taxonomy":"post_tag","embeddable":true,"href":"https:\/\/hostnetart.com.br\/baixada\/wp-json\/wp\/v2\/tags?post=5705"}],"curies":[{"name":"wp","href":"https:\/\/api.w.org\/{rel}","templated":true}]}}